{"id":126044,"date":"2025-05-25T03:30:17","date_gmt":"2025-05-25T03:30:17","guid":{"rendered":"https:\/\/www.europesays.com\/fr\/126044\/"},"modified":"2025-05-25T03:30:17","modified_gmt":"2025-05-25T03:30:17","slug":"rugby-a-xiii-henri-planel-la-nostalgie-des-belles-heures-du-xiii-rugby-a-xiii","status":"publish","type":"post","link":"https:\/\/www.europesays.com\/fr\/126044\/","title":{"rendered":"Rugby \u00e0 XIII &#8211; Henri Planel, la nostalgie des belles heures du XIII &#8211; Rugby \u00e0 XIII"},"content":{"rendered":"<p style=\"text-align: justify;\"><strong>\u00c0 96 ans, Henri Planel porte en lui la m\u00e9moire vivante d\u2019un rugby d\u2019autrefois, o\u00f9 les lignes entre le XV et le XIII se croisaient au gr\u00e9 des trajectoires de vie. Ancien joueur des deux disciplines, le doyen du rugby \u00e0 XIII partage avec une lucidit\u00e9 les souvenirs d\u2019une \u00e9poque o\u00f9 le rugby \u00e0 XIII \u00e9tait en lumi\u00e8re.\u00a0<\/strong><\/p>\n<p style=\"text-align: justify;\">Henri Planel assis sur son fauteuil roulant se souvient d\u2019un rugby d\u2019un autre temps. N\u00e9 en 1928, cet ancien demi d\u2019ouverture \u00e0 XV et \u00e0 XIII incarne une \u00e9poque r\u00e9volue du XIII. Henri a sign\u00e9 sa premi\u00e8re licence de rugby \u00e0 XV pendant son service militaire. \u00c0 l\u2019\u00e9poque, tous les jeunes jouaient, et les r\u00e9giments regorgeaient de talents. \u201cOn a \u00e9t\u00e9 champions de France, et la moiti\u00e9 de l\u2019\u00e9quipe venait du XIII. J\u2019\u00e9tais meilleur \u00e0 XV parce que je tapais mais pas envers le jeu au pied.\u201d, rigole l\u2019homme en regardant la dizaine de livres pos\u00e9s sur une table devant lui. Ancien champion de France militaire \u00e0 XV et champion de France \u00e0 XIII, celui-ci a d\u00fb mettre fin \u00e0 sa carri\u00e8re de joueur. \u201cJe n\u2019ai pas pu jouer longtemps, j\u2019ai chauss\u00e9 les crampons de mes 16 \u00e0 20 ans.\u201d, confie-t-il avec une pointe de regret avant de rench\u00e9rir \u201cMon p\u00e8re \u00e9tait prisonnier, j\u2019ai d\u00fb reprendre l\u2019affaire familiale, c\u2019\u00e9tait intense. Je ne pouvais plus m\u2019entra\u00eener.\u201d<\/p>\n<p style=\"text-align: justify;\">\u00c0 18 ans, il porte d\u00e9j\u00e0 les couleurs de Carcassonne. Henri Planel joue son premier match en tant que rempla\u00e7ant avec l\u2019\u00e9quipe Une. \u201cCe n\u2019\u00e9tait pas de la rigolade, c\u2019\u00e9tait dur. Les autres avaient 25 ans. C\u2019\u00e9tait un autre rugby, une autre \u00e9poque. Henri Planel est un homme du XIII. Dans les ann\u00e9es 50, il vit la mutation du paysage rugbystique. \u201cLes grandes villes ont pris le XIII, mais les journalistes ont fait la publicit\u00e9 du XV. Le Tournoi des Cinq Nations a \u00e9t\u00e9 un grand ph\u00e9nom\u00e8ne. Les journalistes n\u2019avaient d\u2019autre choix que de le couvrir, sous la demande insistante des directeurs des m\u00e9dias. Ils me l\u2019ont confi\u00e9.\u201d<\/p>\n<p>Le temps r\u00e9volu des stades pleins<\/p>\n<p style=\"text-align: justify;\">Ce court passage sur les terrains ne l\u2019a pas emp\u00each\u00e9 de marquer l\u2019histoire de son sport. Tr\u00e8s vite, il passe de l\u2019autre c\u00f4t\u00e9 de la ligne de touche. Il devient secr\u00e9taire g\u00e9n\u00e9ral de la f\u00e9d\u00e9ration, directeur de l\u2019\u00e9quipe de France pendant une dizaine d\u2019ann\u00e9es. Mais toujours, il tient \u00e0 le pr\u00e9ciser : \u201cJe me suis toujours occup\u00e9 que du sport et des joueurs. L\u2019administratif \u00e7a ne m\u2019int\u00e9ressait pas. Ce sont les hommes sur le terrain qui comptaient.\u201d<\/p>\n<p><img loading=\"lazy\" decoding=\"async\" aria-describedby=\"caption-attachment-263308\" class=\"wp-image-263308 size-full\" src=\"https:\/\/www.europesays.com\/fr\/wp-content\/uploads\/2025\/05\/Henri-Planel-AS-Carcassonne.jpg\" alt=\"\" width=\"1920\" height=\"1280\"  \/><\/p>\n<p id=\"caption-attachment-263308\" class=\"wp-caption-text\">Henri Planel sous les couleurs de l\u2019AS Carcassonne<\/p>\n<p>\u201cLe XV progresse. Le XIII r\u00e9gresse\u201d<\/p>\n<p style=\"text-align: justify;\">Ce d\u00e9s\u00e9quilibre m\u00e9diatique, Henri le vit encore comme une injustice. \u201cAujourd\u2019hui, on parle tr\u00e8s peu de XIII dans les m\u00e9dias. \u00c0 l\u2019\u00e9poque, les stades treizistes \u00e9taient pleins. Maintenant, on se demande comment y amener du monde au stade. Nous peinons.\u201d, raconte-t-il, le regard baiss\u00e9.\u00a0 Il se rappelle m\u00eame des jours de matchs o\u00f9 un plus d\u2019une centaine de personnes se massaient sur la voie ferr\u00e9e pour assister \u00e0 une rencontre de l\u2019\u00e9quipe de Carcassonne au stade Albert Domec.<\/p>\n<p style=\"text-align: justify;\">Pour lui, le rugby \u00e0 XIII a \u00e9t\u00e9 rel\u00e9gu\u00e9 dans l\u2019ombre. \u201cOn n\u2019est pas dans les m\u00eames cat\u00e9gories dans les journaux. Pourtant, les deux sports sont magnifiques.\u201d, dit-il en regardant le journal pos\u00e9 \u00e0 port\u00e9e de vue sur la table devant lui. Il garde une admiration sinc\u00e8re pour les deux codes, mais avec une lucidit\u00e9 sur leur \u00e9volution respective. \u201cLe XV progresse. Le XIII r\u00e9gresse. Et sans visibilit\u00e9, pas d\u2019argent. Sans argent, pas de joueurs. C\u2019est un cercle vicieux. Je ne vois plus l\u2019avenir de notre rugby \u00e0 XIII. Nous sommes en perdition dans ce sport. Il ne faut pas parler avec ranc\u0153ur. L\u2019\u00e9poque est derri\u00e8re nous. Mais aujourd\u2019hui, les jeunes ne connaissent plus cette belle p\u00e9riode. Ils sont form\u00e9s par des gens qui ne l\u2019ont pas v\u00e9cue.\u201d Il \u00e9voque ses souvenirs avec tendresse : les grands joueurs, ou encore ce jour o\u00f9 \u00e0 Saint-Gaudens, Jean-Marie Bonal, ailier international, le fit se lever de son fauteuil. Et serrant les poign\u00e9es de son fauteuil roulant dans ses grandes mains, s\u2019essouffle, \u00e9mu : \u00ab\u00a0C\u2019\u00e9tait la derni\u00e8re fois\u00a0\u00bb.<\/p>\n<p><strong>M\u00e9lanie Eve<br \/><a href=\"https:\/\/www.facebook.com\/13Mondial\" target=\"_blank\" rel=\"noopener nofollow\"><img loading=\"lazy\" decoding=\"async\" class=\"alignnone wp-image-217097\" src=\"https:\/\/www.europesays.com\/fr\/wp-content\/uploads\/2025\/04\/logo-facebook.png\" alt=\"\" width=\"40\" height=\"40\"  \/><\/a> <a href=\"https:\/\/twitter.com\/XIIIMondial\" target=\"_blank\" rel=\"noopener nofollow\"><img loading=\"lazy\" decoding=\"async\" class=\"alignnone wp-image-217098\" src=\"https:\/\/www.europesays.com\/fr\/wp-content\/uploads\/2025\/04\/logo-twitter.png\" alt=\"\" width=\"39\" height=\"39\"  \/><\/a><\/strong><\/p>\n<p>        <script async src=\"https:\/\/platform.twitter.com\/widgets.js\" charset=\"utf-8\"><\/script><\/p>\n","protected":false},"excerpt":{"rendered":"\u00c0 96 ans, Henri Planel porte en lui la m\u00e9moire vivante d\u2019un rugby d\u2019autrefois, o\u00f9 les lignes entre&hellip;\n","protected":false},"author":2,"featured_media":126045,"comment_status":"","ping_status":"","sticky":false,"template":"","format":"standard","meta":{"footnotes":""},"categories":[1416],"tags":[24961,1011,27,479,2228,1468,2229,60],"class_list":{"0":"post-126044","1":"post","2":"type-post","3":"status-publish","4":"format-standard","5":"has-post-thumbnail","7":"category-rugby","8":"tag-as-carcassonne","9":"tag-fr","10":"tag-france","11":"tag-rugby","12":"tag-rugby-a-xiii","13":"tag-rugby-football","14":"tag-rugby-league","15":"tag-sports"},"share_on_mastodon":{"url":"https:\/\/pubeurope.com\/@fr\/114566360254865403","error":""},"_links":{"self":[{"href":"https:\/\/www.europesays.com\/fr\/wp-json\/wp\/v2\/posts\/126044","targetHints":{"allow":["GET"]}}],"collection":[{"href":"https:\/\/www.europesays.com\/fr\/wp-json\/wp\/v2\/posts"}],"about":[{"href":"https:\/\/www.europesays.com\/fr\/wp-json\/wp\/v2\/types\/post"}],"author":[{"embeddable":true,"href":"https:\/\/www.europesays.com\/fr\/wp-json\/wp\/v2\/users\/2"}],"replies":[{"embeddable":true,"href":"https:\/\/www.europesays.com\/fr\/wp-json\/wp\/v2\/comments?post=126044"}],"version-history":[{"count":0,"href":"https:\/\/www.europesays.com\/fr\/wp-json\/wp\/v2\/posts\/126044\/revisions"}],"wp:featuredmedia":[{"embeddable":true,"href":"https:\/\/www.europesays.com\/fr\/wp-json\/wp\/v2\/media\/126045"}],"wp:attachment":[{"href":"https:\/\/www.europesays.com\/fr\/wp-json\/wp\/v2\/media?parent=126044"}],"wp:term":[{"taxonomy":"category","embeddable":true,"href":"https:\/\/www.europesays.com\/fr\/wp-json\/wp\/v2\/categories?post=126044"},{"taxonomy":"post_tag","embeddable":true,"href":"https:\/\/www.europesays.com\/fr\/wp-json\/wp\/v2\/tags?post=126044"}],"curies":[{"name":"wp","href":"https:\/\/api.w.org\/{rel}","templated":true}]}}