{"id":126052,"date":"2025-05-25T03:35:08","date_gmt":"2025-05-25T03:35:08","guid":{"rendered":"https:\/\/www.europesays.com\/fr\/126052\/"},"modified":"2025-05-25T03:35:08","modified_gmt":"2025-05-25T03:35:08","slug":"giro-tour-ditalie-blesse-au-quadriceps-giulio-ciccone-a-abandonne-ca-fait-mal","status":"publish","type":"post","link":"https:\/\/www.europesays.com\/fr\/126052\/","title":{"rendered":"Giro. Tour d&rsquo;Italie &#8211; Bless\u00e9 au quadriceps, Giulio Ciccone a abandonn\u00e9: \u00ab\u00c7a fait mal&#8230;\u00bb"},"content":{"rendered":"<p>Ce samedi 24 mai, la 14e \u00e9tape du <strong><a href=\"https:\/\/www.cyclismactu.net\/..\/news-giro-route-tour-d-italie-chute-chaos-general-chamboule-point-sur-favoris-88027.html\" target=\"_blank\" rel=\"nofollow noopener\">Tour d&rsquo;Italie<\/a><\/strong> faisait escale en Slov\u00e9nie avec une \u00e9tape longue de 195 km entre Tr\u00e9vise et Nova Gorica, et a vu la victoire en baroudeur de <strong><a href=\"https:\/\/www.cyclismactu.net\/..\/news-giro-route-tour-d-italie-kasper-asgreen-c-etait-beaucoup-de-pression-mais-88024.html\" target=\"_blank\" rel=\"nofollow noopener\">Kasper Asgreen<\/a> <\/strong>(EF Education-EasyPost). Cette \u00e9tape a \u00e9galement \u00e9t\u00e9 marqu\u00e9e par la chute de plusieurs grands favoris \u00e0 la victoire finale de ce 108e <strong>Tour d&rsquo;Italie<\/strong>, \u00e0 l&rsquo;image de <strong>Giulio Ciccone<\/strong>, qui a perdu plus de 15 minutes \u00e0 l&rsquo;arriv\u00e9e. Touch\u00e9 \u00e0 la cuisse droite, l&rsquo;Italien de la formation<strong> Lidl-Trek<\/strong> a pass\u00e9 des examens dans la soir\u00e9e, qui ont confirm\u00e9 que <strong>Ciccone <\/strong>souffrait d&rsquo;un h\u00e9matome important au niveau du muscle vaste lat\u00e9ral du quadriceps droit, ainsi que d&rsquo;une petite l\u00e9sion du fascia musculaire. \u00c0 la suite de cette chute, <strong>Giulio Ciccone<\/strong> abandonne ce <strong>Tour d&rsquo;Italie<\/strong> 2025 !<\/p>\n<p>Vid\u00e9o &#8211; Son co\u00e9quipier Mads Pedersen a \u00e9galement chut\u00e9 ! Lire la suite de l&rsquo;article&#13;<\/p>\n<p>\u00a0<\/p>\n<p>&#13;<br \/>\n<strong>\u00ab\u00a0\u00c7a fait mal de quitter le Giro comme \u00e7a&#8230;\u00a0\u00bb<\/strong>&#13;<\/p>\n<p>L&rsquo;Italien de 30 ans s&rsquo;est exprim\u00e9 dans le communiqu\u00e9 officiel de la formation <strong>Lidl-Trek<\/strong> et partage son \u00e9motion \u00e0 la suite de son abandon : \u00ab\u00a0Je n&rsquo;ai pas de mots. J&rsquo;ai essay\u00e9 de me battre pour terminer l&rsquo;\u00e9tape, esp\u00e9rant que les examens \u00e0 l&rsquo;h\u00f4pital montreraient que ce n&rsquo;\u00e9tait pas si grave et que je pourrais r\u00e9cup\u00e9rer et me battre pour une \u00e9tape. Mais j&rsquo;ai tout de suite compris que c&rsquo;\u00e9tait important, car la douleur \u00e9tait trop forte, et maintenant on sait pourquoi. \u00c7a fait mal de quitter le Giro comme \u00e7a, surtout avec les ascensions qui restent et l&rsquo;excellente ambiance au sein de l&rsquo;\u00e9quipe, sans compter la bonne position que j&rsquo;avais au classement g\u00e9n\u00e9ral. Maintenant, j&rsquo;ai besoin de temps pour r\u00e9cup\u00e9rer, et on verra pour le reste de la saison\u00a0\u00bb, conclut <strong>Giulio Ciccone<\/strong>.<\/p>\n<p>Tour d&rsquo;Italie &#8211; Classement de la 14\u00e8 \u00e9tape Tour d&rsquo;Italie &#8211; Classement g\u00e9n\u00e9ral provisoire apr\u00e8s la 14\u00e8 \u00e9tape<\/p>\n","protected":false},"excerpt":{"rendered":"Ce samedi 24 mai, la 14e \u00e9tape du Tour d&rsquo;Italie faisait escale en Slov\u00e9nie avec une \u00e9tape longue&hellip;\n","protected":false},"author":2,"featured_media":126053,"comment_status":"","ping_status":"","sticky":false,"template":"","format":"standard","meta":{"footnotes":""},"categories":[1411],"tags":[1154,207,1011,27,209,60,3318,208],"class_list":{"0":"post-126052","1":"post","2":"type-post","3":"status-publish","4":"format-standard","5":"has-post-thumbnail","7":"category-cyclisme","8":"tag-cycling","9":"tag-cyclisme","10":"tag-fr","11":"tag-france","12":"tag-route","13":"tag-sports","14":"tag-tour-d","15":"tag-velo"},"share_on_mastodon":{"url":"https:\/\/pubeurope.com\/@fr\/114566379779169010","error":""},"_links":{"self":[{"href":"https:\/\/www.europesays.com\/fr\/wp-json\/wp\/v2\/posts\/126052","targetHints":{"allow":["GET"]}}],"collection":[{"href":"https:\/\/www.europesays.com\/fr\/wp-json\/wp\/v2\/posts"}],"about":[{"href":"https:\/\/www.europesays.com\/fr\/wp-json\/wp\/v2\/types\/post"}],"author":[{"embeddable":true,"href":"https:\/\/www.europesays.com\/fr\/wp-json\/wp\/v2\/users\/2"}],"replies":[{"embeddable":true,"href":"https:\/\/www.europesays.com\/fr\/wp-json\/wp\/v2\/comments?post=126052"}],"version-history":[{"count":0,"href":"https:\/\/www.europesays.com\/fr\/wp-json\/wp\/v2\/posts\/126052\/revisions"}],"wp:featuredmedia":[{"embeddable":true,"href":"https:\/\/www.europesays.com\/fr\/wp-json\/wp\/v2\/media\/126053"}],"wp:attachment":[{"href":"https:\/\/www.europesays.com\/fr\/wp-json\/wp\/v2\/media?parent=126052"}],"wp:term":[{"taxonomy":"category","embeddable":true,"href":"https:\/\/www.europesays.com\/fr\/wp-json\/wp\/v2\/categories?post=126052"},{"taxonomy":"post_tag","embeddable":true,"href":"https:\/\/www.europesays.com\/fr\/wp-json\/wp\/v2\/tags?post=126052"}],"curies":[{"name":"wp","href":"https:\/\/api.w.org\/{rel}","templated":true}]}}