{"id":126056,"date":"2025-05-25T03:37:11","date_gmt":"2025-05-25T03:37:11","guid":{"rendered":"https:\/\/www.europesays.com\/fr\/126056\/"},"modified":"2025-05-25T03:37:11","modified_gmt":"2025-05-25T03:37:11","slug":"dans-cette-vie-et-dans-lautre-juju-fitcats-et-tibo-inshape-sont-enfin-maries-les-images-des-youtubeurs-devoilees","status":"publish","type":"post","link":"https:\/\/www.europesays.com\/fr\/126056\/","title":{"rendered":"\u00ab\u00a0Dans cette vie et dans l&rsquo;autre&#8230;\u00a0\u00bb : Juju Fitcats et Tibo Inshape sont enfin mari\u00e9s ! Les images des youtubeurs d\u00e9voil\u00e9es"},"content":{"rendered":"<p>            <img loading=\"lazy\" decoding=\"async\" src=\"https:\/\/www.europesays.com\/fr\/wp-content\/uploads\/2025\/04\/145-6602e1ce8ddc4-35x35-1.jpg\" class=\"author-article-picture\" width=\"35\" height=\"35\"\/><\/p>\n<p>                Par<br \/>\n                                    <a class=\"author-article-bio-link\" href=\"https:\/\/www.purepeople.com\/auteur\/lucie-gosselin_a145\" rel=\"nofollow noopener\" target=\"_blank\">Lucie Gosselin<\/a><br \/>\n                                                    | R\u00e9dactrice<\/p>\n<p>\n                Journaliste passionn\u00e9e, depuis plus de 10 ans, je r\u00e9alise des enqu\u00eates, des portraits, des reportages ou des interviews.\n            <\/p>\n<p>\n    Juju Fitcats et Tibo InShape \u00e9taient fianc\u00e9s depuis plusieurs ann\u00e9es. Les influenceurs se sont enfin dit \u00ab\u00a0oui\u00a0\u00bb ! Ce samedi 24 mai 2025, les sp\u00e9cialistes du fitness ont annonc\u00e9 la bonne nouvelle sur leurs r\u00e9seaux sociaux. Et leurs abonn\u00e9s ont pu d\u00e9couvrir leur union en images, en plus de quelques r\u00e9v\u00e9lations.\n<\/p>\n<p>                            <img loading=\"lazy\" decoding=\"async\" class=\"player-thumbnail\" src=\"https:\/\/www.europesays.com\/fr\/wp-content\/uploads\/2025\/05\/282945a7e238aad0-580x326-2.jpg\" width=\"580\" height=\"326\"\/><\/p>\n<p>                    \u00ab\u00a0Dans cette vie et dans l&rsquo;autre&#8230;\u00a0\u00bb : Juju Fitcats et Tibo Inshape sont enfin mari\u00e9s ! Les images des youtubeurs d\u00e9voil\u00e9es<\/p>\n<p>                    <img loading=\"lazy\" decoding=\"async\" class=\"ad-logo\" src=\"https:\/\/www.europesays.com\/fr\/wp-content\/uploads\/2025\/04\/logo_brand_ads.0d8e500d.png\" alt=\"Purepeople\" width=\"250\" height=\"82\"\/><\/p>\n<p>La suite apr\u00e8s la publicit\u00e9<\/p>\n<p>Ils se sont enfin dit \u201coui\u201d ! <strong>Les deux youtubeurs sp\u00e9cialistes du fitness Tibo InShape et Juju Fitcats<\/strong> ont publi\u00e9 ce samedi 24 mai 2025 sur leurs r\u00e9seaux sociaux<strong> les photos de leur mariage<\/strong>, apr\u00e8s des ann\u00e9es de fian\u00e7ailles. Sur les clich\u00e9s, on peut voir le couple s\u2019embrasser, s\u2019enlacer et courir dans un champ au coucher de soleil. En l\u00e9gende, l\u2019ancienne candidate des Tra\u00eetres et son \u00e9poux ont \u00e9crit : \u201cForever and ever. Dans cette vie et dans l\u2019autre\u2026\u201d.<\/p>\n<p>Mais quand a eu lieu la c\u00e9r\u00e9monie unissant les influenceurs ? Thibaud Delapart et Justine Becattini, de leurs vrais noms, sont unis depuis plus longtemps qu\u2019on ne pourrait le penser. Car si les images ont \u00e9t\u00e9 publi\u00e9es ce jour, c\u2019est en r\u00e9alit\u00e9 avant que les festivit\u00e9s ont eu lieu. En Story, l\u2019animatrice de La France a un incroyable talent, \u00e7a continue a d\u00e9clar\u00e9 \u201c<strong>D\u00e9j\u00e0 une semaine<\/strong>\u201d.<\/p>\n<p>Les photos du mariage de Juju Fitcats et Tibo InShape<\/p>\n<p>La date des noces \u00e9tait attendue, puisque <a href=\"https:\/\/www.purepeople.com\/article\/juju-fitcats-et-tibo-inshape-sont-fiances-grande-annonce-en-photos-des-youtubeurs_a497773\/1\" rel=\"nofollow noopener\" target=\"_blank\">les fian\u00e7ailles de Juju Fitcats et Tibo InShape<\/a> remontent \u00e0 septembre 2022. Leurs abonn\u00e9s avaient appris l\u2019heureux \u00e9v\u00e9nement avec le message \u201cI SAID YES. \u00c0 l\u2019amour pur, l\u2019amour vrai\u2009: celui qui ne ment pas, celui qui ne trahit pas, celui qui ne juge pas. L\u2019amour qui conna\u00eet des hauts et qui, main dans la main, traverse les bas. I said YES \u00e0 toi et moi\u00a0\u00bb. Mais depuis, <strong>les choses semblaient tra\u00eener en longueur<\/strong>, ce qui n\u2019\u00e9tait pas sans rappeler la rupture d\u2019<a href=\"https:\/\/www.purepeople.com\/people\/iris-mittenaere_p545297\" rel=\"nofollow noopener\" target=\"_blank\">Iris Mittenaere<\/a> et de Diego El Glaoui, annonc\u00e9e apr\u00e8s des fian\u00e7ailles qui s&rsquo;\u00e9ternisaient, \u00e9veillant les soup\u00e7ons.<\/p>\n<p>En 2023, Juju Fitcats confiait \u00e0 <a href=\"https:\/\/www.purepeople.com\/people\/faustine-bollaert_p2059\" rel=\"nofollow noopener\" target=\"_blank\">Faustine Bollaert<\/a> <a href=\"https:\/\/www.purepeople.com\/article\/juju-fitcats-en-larmes-en-evoquant-son-couple-avec-tibo-inshape-je-sens-que-lui-est-mal_a516995\/1\" rel=\"nofollow noopener\" target=\"_blank\">les difficult\u00e9s rencontr\u00e9es par le couple<\/a> avec l\u2019arriv\u00e9e de la t\u00e9l\u00e9 dans leur vie. Elle avait d\u2019ailleurs fait <a href=\"https:\/\/www.purepeople.com\/article\/juju-fitcats-et-tibo-inshape-separes-l-heure-de-la-mise-au-point-a-sonne_a525399\/1\" rel=\"nofollow noopener\" target=\"_blank\">une mise au point sur leur \u00e9loignement<\/a> pour raison professionnelle durant l&rsquo;\u00e9t\u00e9 2024. Le couple avait fini par expliquer clairement qu&rsquo;ils avaient d\u00fb reporter : leur surcharge de travail ne leur avait <a href=\"https:\/\/www.purepeople.com\/article\/tibo-inshape-et-juju-fitcats-leur-mariage-reporte-ils-revelent-les-raisons_a525502\/1\" rel=\"nofollow noopener\" target=\"_blank\">pas permis de se marier comme convenu en juillet 2024<\/a>. Aujourd\u2019hui, leurs fans peuvent se rassurer en les voyant s\u2019\u00eatre pass\u00e9 la bague au doigt comme pr\u00e9vu. Les deux tourtereaux sont rayonnants et<strong> semblent plus amoureux que jamais<\/strong>.<\/p>\n<p>En Story, Juju Fitcats a \u00e9galement fait quelques r\u00e9v\u00e9lations, dont<strong> le th\u00e8me du mariage : Dolce Vita &#8211; Vintage<\/strong>. Elle pr\u00e9cise m\u00eame qu\u2019elle pr\u00e9pare une vid\u00e9o YouTube sur l\u2019organisation du jour J, pour ceux qui souhaiteraient conna\u00eetre tous les d\u00e9tails des pr\u00e9paratifs. Et la date appara\u00eet sur une photo de la jeune femme avec des proches : <strong>c\u2019\u00e9tait le 17 mai dernier.<\/strong> En commentaires, les f\u00e9licitations sont nombreuses : \u201cDeux \u00e2mes faites l\u2019une pour l\u2019autre\u201d, \u201cF\u00e9licitations les amis\u201d, \u201cVous \u00eates trop chou\u201d&#8230;<\/p>\n","protected":false},"excerpt":{"rendered":"Par Lucie Gosselin | R\u00e9dactrice Journaliste passionn\u00e9e, depuis plus de 10 ans, je r\u00e9alise des enqu\u00eates, des portraits,&hellip;\n","protected":false},"author":2,"featured_media":126057,"comment_status":"","ping_status":"","sticky":false,"template":"","format":"standard","meta":{"footnotes":""},"categories":[1359],"tags":[58,59,1011,27,973],"class_list":{"0":"post-126056","1":"post","2":"type-post","3":"status-publish","4":"format-standard","5":"has-post-thumbnail","7":"category-people","8":"tag-divertissement","9":"tag-entertainment","10":"tag-fr","11":"tag-france","12":"tag-people"},"share_on_mastodon":{"url":"https:\/\/pubeurope.com\/@fr\/114566387731113849","error":""},"_links":{"self":[{"href":"https:\/\/www.europesays.com\/fr\/wp-json\/wp\/v2\/posts\/126056","targetHints":{"allow":["GET"]}}],"collection":[{"href":"https:\/\/www.europesays.com\/fr\/wp-json\/wp\/v2\/posts"}],"about":[{"href":"https:\/\/www.europesays.com\/fr\/wp-json\/wp\/v2\/types\/post"}],"author":[{"embeddable":true,"href":"https:\/\/www.europesays.com\/fr\/wp-json\/wp\/v2\/users\/2"}],"replies":[{"embeddable":true,"href":"https:\/\/www.europesays.com\/fr\/wp-json\/wp\/v2\/comments?post=126056"}],"version-history":[{"count":0,"href":"https:\/\/www.europesays.com\/fr\/wp-json\/wp\/v2\/posts\/126056\/revisions"}],"wp:featuredmedia":[{"embeddable":true,"href":"https:\/\/www.europesays.com\/fr\/wp-json\/wp\/v2\/media\/126057"}],"wp:attachment":[{"href":"https:\/\/www.europesays.com\/fr\/wp-json\/wp\/v2\/media?parent=126056"}],"wp:term":[{"taxonomy":"category","embeddable":true,"href":"https:\/\/www.europesays.com\/fr\/wp-json\/wp\/v2\/categories?post=126056"},{"taxonomy":"post_tag","embeddable":true,"href":"https:\/\/www.europesays.com\/fr\/wp-json\/wp\/v2\/tags?post=126056"}],"curies":[{"name":"wp","href":"https:\/\/api.w.org\/{rel}","templated":true}]}}