{"id":126068,"date":"2025-05-25T03:43:09","date_gmt":"2025-05-25T03:43:09","guid":{"rendered":"https:\/\/www.europesays.com\/fr\/126068\/"},"modified":"2025-05-25T03:43:09","modified_gmt":"2025-05-25T03:43:09","slug":"cetait-lun-des-premiers-signes-de-la-polyarthrite-rhumatoide","status":"publish","type":"post","link":"https:\/\/www.europesays.com\/fr\/126068\/","title":{"rendered":"c&rsquo;\u00e9tait l&rsquo;un des premiers signes de la polyarthrite rhumato\u00efde"},"content":{"rendered":"<p>Elle pensait juste \u00eatre fatigu\u00e9e ou simplement tendue par le stress de la vie quotidienne. Comme beaucoup de jeunes adultes, Lyydia Pearl n\u2019imaginait pas une seule seconde que ses douleurs diffuses et sa fatigue persistante \u00e9taient les premiers signes d\u2019une maladie chronique. \u00c0 20 ans, cette Britannique a finalement appris qu\u2019elle souffrait de <strong>polyarthrite rhumato\u00efde<\/strong>, une maladie auto-immune qui attaque les articulations.<\/p>\n<p>C\u2019est sur TikTok qu\u2019elle a choisi de raconter son parcours. Pas pour attirer l\u2019attention, mais pour alerter ceux qui, comme elle, risquent de passer \u00e0 c\u00f4t\u00e9 des sympt\u00f4mes insidieux de cette maladie souvent associ\u00e9e, \u00e0 tort, aux personnes \u00e2g\u00e9es. \u00ab\u00a0Jusqu\u2019\u00e0 mon diagnostic, je pensais que \u00e7a touchait surtout les seniors\u00a0\u00bb, confie-t-elle dans une vid\u00e9o. \u00ab Mais \u00e7a peut frapper n\u2019importe qui. M\u00eame les enfants. \u00bb<\/p>\n<p>Cela a commenc\u00e9 par les mains, puis c&rsquo;est mont\u00e9 aux poignets, aux \u00e9paules&#8230;<\/p>\n<p>Quand les douleurs ont commenc\u00e9, c\u2019\u00e9tait discret : une g\u00eane dans les mains. Puis des raideurs matinales qui tra\u00eenaient plus de 30 minutes, des articulations \u00e9chauff\u00e9es sans raison, et cette fatigue accablante qui ne passait pas. \u00ab Je me r\u00e9veillais avec les doigts bloqu\u00e9s, j\u2019avais du mal \u00e0 ouvrir une bouteille. Puis c\u2019est mont\u00e9 aux poignets, aux \u00e9paules, aux genoux\u2026 \u00bb, explique-t-elle.<\/p>\n<p><a href=\"https:\/\/www.topsante.com\/medecine\/rhumatologie\/polyarthrite_rhumatoide\/a-24-ans-elle-pensait-juste-etre-fatiguee-cetait-lun-des-premiers-signes-de-la-polyarthrite-rhumatoide-916135?utm_campaign=partenariat&amp;utm_source=yahoo-articles&amp;utm_medium=flux\" rel=\"nofollow noopener\" target=\"_blank\" data-ylk=\"slk:Lire la suite sur Top Sant\u00e9;elm:context_link;itc:0;sec:content-canvas\" class=\"link \">Lire la suite sur Top Sant\u00e9<\/a><\/p>\n<p><a href=\"https:\/\/www.topsante.com\/medecine\/environnement_et_sante\/des-chercheurs-trouvent-des-microplastiques-dans-le-cerveau-de-patients-decedes-un-lien-a-ete-fait-avec-la-consommation-de-ce-type-d-aliments-916319?utm_campaign=partenariat&amp;utm_source=yahoo-articles&amp;utm_medium=flux\" rel=\"nofollow noopener\" target=\"_blank\" data-ylk=\"slk:Des chercheurs trouvent des microplastiques dans le cerveau de patients d\u00e9c\u00e9d\u00e9s : un lien a \u00e9t\u00e9 fait avec la consommation de ce type d&#039; aliments;elm:context_link;itc:0;sec:content-canvas\" class=\"link \">Des chercheurs trouvent des microplastiques dans le cerveau de patients d\u00e9c\u00e9d\u00e9s : un lien a \u00e9t\u00e9 fait avec la consommation de ce type d&rsquo; aliments<\/a><br \/><a href=\"https:\/\/www.topsante.com\/nutrition_et_recettes\/bien_choisir_ses_aliments\/des-scientifiques-revelent-le-fruit-le-plus-sain-de-tous-et-pourquoi-vous-devriez-le-manger-tous-les-jours-916348?utm_campaign=partenariat&amp;utm_source=yahoo-articles&amp;utm_medium=flux\" rel=\"nofollow noopener\" target=\"_blank\" data-ylk=\"slk:Des scientifiques r\u00e9v\u00e8lent le fruit le plus sain de tous et pourquoi vous devriez le manger tous les jours;elm:context_link;itc:0;sec:content-canvas\" class=\"link \">Des scientifiques r\u00e9v\u00e8lent le fruit le plus sain de tous et pourquoi vous devriez le manger tous les jours<\/a><br \/><a href=\"https:\/\/www.topsante.com\/nutrition_et_recettes\/les_bons_aliments\/matieres_grasses\/voici-lhuile-de-cuisson-la-plus-saine-selon-une-nutritionniste-915978?utm_campaign=partenariat&amp;utm_source=yahoo-articles&amp;utm_medium=flux\" rel=\"nofollow noopener\" target=\"_blank\" data-ylk=\"slk:Voici l&#039;huile de cuisson la plus saine, selon une nutritionniste;elm:context_link;itc:0;sec:content-canvas\" class=\"link \">Voici l&rsquo;huile de cuisson la plus saine, selon une nutritionniste<\/a><br \/><a href=\"https:\/\/www.topsante.com\/nutrition_et_recettes\/a-78ans-il-se-sent-en-pleine-forme-et-tres-energique-voici-ce-quil-prend-au-petit-dejeuner-889194?utm_campaign=partenariat&amp;utm_source=yahoo-articles&amp;utm_medium=flux\" rel=\"nofollow noopener\" target=\"_blank\" data-ylk=\"slk:A 78 ans, il se sent &quot;en pleine forme et tr\u00e8s \u00e9nergique&quot; : voici ce qu&#039;il prend au petit-d\u00e9jeuner;elm:context_link;itc:0;sec:content-canvas\" class=\"link \">A 78 ans, il se sent \u00ab\u00a0en pleine forme et tr\u00e8s \u00e9nergique\u00a0\u00bb : voici ce qu&rsquo;il prend au petit-d\u00e9jeuner<\/a><br \/><a href=\"https:\/\/www.topsante.com\/nutrition_et_recettes\/ce-geste-simple-vous-permettra-de-conserver-vos-bananes-bien-plus-longtemps-916337?utm_campaign=partenariat&amp;utm_source=yahoo-articles&amp;utm_medium=flux\" rel=\"nofollow noopener\" target=\"_blank\" data-ylk=\"slk:Ce geste simple vous permettra de conserver vos bananes bien plus longtemps;elm:context_link;itc:0;sec:content-canvas\" class=\"link \">Ce geste simple vous permettra de conserver vos bananes bien plus longtemps<\/a><\/p>\n","protected":false},"excerpt":{"rendered":"Elle pensait juste \u00eatre fatigu\u00e9e ou simplement tendue par le stress de la vie quotidienne. Comme beaucoup de&hellip;\n","protected":false},"author":2,"featured_media":126069,"comment_status":"","ping_status":"","sticky":false,"template":"","format":"standard","meta":{"footnotes":""},"categories":[10],"tags":[24962,1011,27,72,24963,71],"class_list":{"0":"post-126068","1":"post","2":"type-post","3":"status-publish","4":"format-standard","5":"has-post-thumbnail","7":"category-sante","8":"tag-douleurs-diffuses","9":"tag-fr","10":"tag-france","11":"tag-health","12":"tag-jeunes-adultes","13":"tag-sante"},"share_on_mastodon":{"url":"https:\/\/pubeurope.com\/@fr\/114566411352506184","error":""},"_links":{"self":[{"href":"https:\/\/www.europesays.com\/fr\/wp-json\/wp\/v2\/posts\/126068","targetHints":{"allow":["GET"]}}],"collection":[{"href":"https:\/\/www.europesays.com\/fr\/wp-json\/wp\/v2\/posts"}],"about":[{"href":"https:\/\/www.europesays.com\/fr\/wp-json\/wp\/v2\/types\/post"}],"author":[{"embeddable":true,"href":"https:\/\/www.europesays.com\/fr\/wp-json\/wp\/v2\/users\/2"}],"replies":[{"embeddable":true,"href":"https:\/\/www.europesays.com\/fr\/wp-json\/wp\/v2\/comments?post=126068"}],"version-history":[{"count":0,"href":"https:\/\/www.europesays.com\/fr\/wp-json\/wp\/v2\/posts\/126068\/revisions"}],"wp:featuredmedia":[{"embeddable":true,"href":"https:\/\/www.europesays.com\/fr\/wp-json\/wp\/v2\/media\/126069"}],"wp:attachment":[{"href":"https:\/\/www.europesays.com\/fr\/wp-json\/wp\/v2\/media?parent=126068"}],"wp:term":[{"taxonomy":"category","embeddable":true,"href":"https:\/\/www.europesays.com\/fr\/wp-json\/wp\/v2\/categories?post=126068"},{"taxonomy":"post_tag","embeddable":true,"href":"https:\/\/www.europesays.com\/fr\/wp-json\/wp\/v2\/tags?post=126068"}],"curies":[{"name":"wp","href":"https:\/\/api.w.org\/{rel}","templated":true}]}}