{"id":126089,"date":"2025-05-25T03:58:13","date_gmt":"2025-05-25T03:58:13","guid":{"rendered":"https:\/\/www.europesays.com\/fr\/126089\/"},"modified":"2025-05-25T03:58:13","modified_gmt":"2025-05-25T03:58:13","slug":"montpellier-se-qualifie-pour-la-finale-de-la-ligue-europeenne","status":"publish","type":"post","link":"https:\/\/www.europesays.com\/fr\/126089\/","title":{"rendered":"Montpellier se qualifie pour la finale de la Ligue Europ\u00e9enne"},"content":{"rendered":"<p>            Par<br \/>\n        <strong><br \/>\n            <a href=\"https:\/\/actu.fr\/auteur\/c-nithard\" title=\"Consulter tous les articles de C\u00e9dric Nithard\" rel=\"nofollow noopener\" target=\"_blank\">C\u00e9dric Nithard<\/a><br \/>\n        <\/strong><\/p>\n<p>        Publi\u00e9 le<\/p>\n<p>            24 mai 2025 \u00e0 20h00        <\/p>\n<p><strong>Vainqueur<\/strong> 32 \u00e0 31 apr\u00e8s un solide bras de fer face \u00e0 <strong>Kiel<\/strong>, ce samedi 24 mai \u00e0 Hambourg, <strong>le Montpellier Handball<\/strong> se qualifie pour <strong>la finale de la Ligue Europ\u00e9enne<\/strong>. Dimanche \u00e0 18h, les H\u00e9raultais affronteront Flensburg pour esp\u00e9rer d\u00e9crocher leur deuxi\u00e8me troph\u00e9e de la saison.<\/p>\n<p>Un bon d\u00e9but de match<\/p>\n<p class=\" wall-content\">Montpellier d\u00e9butait de la meilleure des mani\u00e8res gr\u00e2ce \u00e0 un Remi Desbonnet des grands jours et \u00e0 Sebastian Karlsson d\u00e9j\u00e0 \u00e0 quatre buts (1-6, 8\u2032). Mais Kiel commen\u00e7ait \u00e0 sortir la t\u00eate de l\u2019eau et grappillait son retard jusqu\u2019\u00e0 l\u2019exclusion temporaire de Landin Jacobsen Magnus (6-9, 15\u2032). Malgr\u00e9 leur inf\u00e9riorit\u00e9 num\u00e9rique, les Allemands r\u00e9sistaient et voyaient m\u00eame Veron Nacinovic devoir laisser ses partenaires (9-11, 18\u2032). Il ne fallut pas longtemps avant de voir Landin Jacobsen Magnus mettre les deux \u00e9quipes \u00e0 \u00e9galit\u00e9 (14-14, 22\u2032).<\/p>\n<p class=\" wall-content\">Sentant les \u00e9v\u00e9nements quelques peu \u00e9chapper \u00e0 ses joueurs, Erick Math\u00e9 posait alors un temps mort. Mais sans avoir l\u2019effet escompt\u00e9 puisque Kiel passait devant, l\u2019h\u00e9morragie \u00e9tant frein\u00e9e par l\u2019exclusion de Wiencek Patrick et une r\u00e9alisation de Valentin Porte dans la foul\u00e9e (17-14, 27\u2032). En bataillant, Montpellier rentrait finalement aux vestiaires \u00e0 la pause avec un but de retard (17-16).<\/p>\n<p>Un bras de fer suffoquant<\/p>\n<p class=\" wall-content\">De retour sur le parquet, Charles Bolzinger, qui avait fait son apparition en fin de premi\u00e8re p\u00e9riode dans les cages, poursuivait ses travaux m\u00eame si Kiel parvenait \u00e0 se d\u00e9tacher (19-17, 34\u2032). Montpellier ne l\u00e2chait toutefois pas l\u2019affaire (20-20, 36\u2032). La bataille \u00e9tait rude, les Allemands profitant de certains largesses d\u00e9fensives (23-20, 43\u2032) mais les co\u00e9quipiers de Valentin Porte s\u2019employaient pour revenir au plus pr\u00e8s (23-22, 45\u2032). Charles Bolzinger endiguait les attaques adverses mais Kiel \u00e9tait toujours devant avant un nouveau temps mort pos\u00e9 par \u00c9rick Math\u00e9 (25-23, 48\u2032).<\/p>\n<p>Vid\u00e9os : en ce moment sur Actu<\/p>\n<p class=\" wall-content\">Juste avant d\u2019attaquer la derni\u00e8re ligne droite, Montpellier y parvenait enfin par l\u2019interm\u00e9diaire de Diego Simonet (27-27, 53\u2032). Le bras de fer \u00e9tait alors plus ind\u00e9cis que jamais (30-30, 57\u2032) jusqu\u2019\u00e0 ce que sur son aile Sebastian Karlsson donne enfin l\u2019avantage pour la premi\u00e8re fois en seconde p\u00e9riode aux H\u00e9raultais (30-31, 59\u2032). C\u2019est une derni\u00e8re minute suffocante qui s\u2019offrait aux entra\u00eeneurs. Apr\u00e8s un temps mort de Kiel, Johansson Eric \u00e9galisait (31-31, 29\u201918). Au tour d\u2019\u00c9rick Math\u00e9 de rappeler son \u00e9quipe et de passer ses consignes. Pr\u00e9cieux \u00e0 plusieurs moments de la rencontre, Ahmed Hesham inscrivait le but victorieux (31-32).<\/p>\n<p class=\" wall-content\">Montpellier disputera donc la finale de la Ligue Europ\u00e9enne dimanche \u00e0 18h face \u00e0 Flensbourg, vainqueur aux prolongations de Melsungen (35-34) et maintient son r\u00eave de d\u00e9crocher un deuxi\u00e8me troph\u00e9e cette saison apr\u00e8s la coupe de France.<\/p>\n<p class=\" wall-content\">Suivez toute l\u2019actualit\u00e9 de vos villes et m\u00e9dias favoris en vous inscrivant \u00e0 <a href=\"https:\/\/moncompte.actu.fr\" title=\"D\u00e9couvez Mon Actu\" rel=\"nofollow noopener\" data-trk=\"{&quot;cta&quot;:{&quot;action&quot;:&quot;https:\\\/\\\/moncompte.actu.fr&quot;,&quot;category&quot;:&quot;mon compte&quot;,&quot;from&quot;:&quot;article footer&quot;,&quot;name&quot;:&quot;Mon actu&quot;,&quot;type&quot;:&quot;cta&quot;}}\" target=\"_blank\">Mon Actu<\/a>.<\/p>\n","protected":false},"excerpt":{"rendered":"Par C\u00e9dric Nithard Publi\u00e9 le 24 mai 2025 \u00e0 20h00 Vainqueur 32 \u00e0 31 apr\u00e8s un solide bras&hellip;\n","protected":false},"author":2,"featured_media":126090,"comment_status":"","ping_status":"","sticky":false,"template":"","format":"standard","meta":{"footnotes":""},"categories":[9599],"tags":[1111,11,1777,674,1011,27,1792,2208,12,2680,25,60],"class_list":{"0":"post-126089","1":"post","2":"type-post","3":"status-publish","4":"format-standard","5":"has-post-thumbnail","7":"category-montpellier","8":"tag-actu","9":"tag-actualites","10":"tag-eu","11":"tag-europe","12":"tag-fr","13":"tag-france","14":"tag-handball","15":"tag-montpellier","16":"tag-news","17":"tag-occitanie","18":"tag-republique-francaise","19":"tag-sports"},"share_on_mastodon":{"url":"https:\/\/pubeurope.com\/@fr\/114566470367462641","error":""},"_links":{"self":[{"href":"https:\/\/www.europesays.com\/fr\/wp-json\/wp\/v2\/posts\/126089","targetHints":{"allow":["GET"]}}],"collection":[{"href":"https:\/\/www.europesays.com\/fr\/wp-json\/wp\/v2\/posts"}],"about":[{"href":"https:\/\/www.europesays.com\/fr\/wp-json\/wp\/v2\/types\/post"}],"author":[{"embeddable":true,"href":"https:\/\/www.europesays.com\/fr\/wp-json\/wp\/v2\/users\/2"}],"replies":[{"embeddable":true,"href":"https:\/\/www.europesays.com\/fr\/wp-json\/wp\/v2\/comments?post=126089"}],"version-history":[{"count":0,"href":"https:\/\/www.europesays.com\/fr\/wp-json\/wp\/v2\/posts\/126089\/revisions"}],"wp:featuredmedia":[{"embeddable":true,"href":"https:\/\/www.europesays.com\/fr\/wp-json\/wp\/v2\/media\/126090"}],"wp:attachment":[{"href":"https:\/\/www.europesays.com\/fr\/wp-json\/wp\/v2\/media?parent=126089"}],"wp:term":[{"taxonomy":"category","embeddable":true,"href":"https:\/\/www.europesays.com\/fr\/wp-json\/wp\/v2\/categories?post=126089"},{"taxonomy":"post_tag","embeddable":true,"href":"https:\/\/www.europesays.com\/fr\/wp-json\/wp\/v2\/tags?post=126089"}],"curies":[{"name":"wp","href":"https:\/\/api.w.org\/{rel}","templated":true}]}}