{"id":126097,"date":"2025-05-25T04:06:19","date_gmt":"2025-05-25T04:06:19","guid":{"rendered":"https:\/\/www.europesays.com\/fr\/126097\/"},"modified":"2025-05-25T04:06:19","modified_gmt":"2025-05-25T04:06:19","slug":"alsace-une-exposition-et-le-nouveau-numero-des-saisons-dalsace-consacres-a-la-guerre-des-paysans-2","status":"publish","type":"post","link":"https:\/\/www.europesays.com\/fr\/126097\/","title":{"rendered":"Alsace. Une exposition et le nouveau num\u00e9ro des \u201cSaisons d\u2019Alsace\u201d consacr\u00e9s \u00e0 la guerre des Paysans"},"content":{"rendered":"<p>Ce mardi 27\u00a0mai, \u00e0 18\u00a0h, le si\u00e8ge des Archives d\u2019Alsace, 6, rue Philippe-Dollinger, \u00e0 Strasbourg, accueillera un double \u00e9v\u00e9nement <a href=\"http:\/\/www.dna.fr\/societe\/2025\/05\/24\/tout-savoir-sur-la-guerre-des-paysans-qui-embrasait-l-alsace-voila-500-ans\" target=\"_blank\" rel=\"nofollow noopener\">li\u00e9 au demi-mill\u00e9naire de la guerre des Paysans<\/a> \u00a0\u00a0: l\u2019inauguration de la grande exposition \u201cLibert\u00e9 et fraternit\u00e9, 1525\u201d et le lancement du dernier num\u00e9ro des Saisons d\u2019Alsace.<\/p>\n<p>Apr\u00e8s les discours et avant la d\u00e9couverte de l\u2019exposition, une table ronde sera propos\u00e9e avec deux historiens auteurs dans ce magazine, <a href=\"http:\/\/www.dna.fr\/societe\/2025\/05\/24\/tout-savoir-sur-la-guerre-des-paysans-qui-embrasait-l-alsace-voila-500-ans\" target=\"_blank\" rel=\"nofollow noopener\">Georges Bischoff et Paul Abel<\/a>.<\/p>\n<p>L\u2019exposition des Archives d\u2019Alsace sera pr\u00e9sent\u00e9e jusqu\u2019au 15\u00a0d\u00e9cembre (entr\u00e9e libre) et le num\u00e9ro\u00a0104 des Saisons d\u2019Alsace (\u201cLa guerre des Paysans, il y a 500 ans, une utopie r\u00e9volutionnaire\u201d, 96 pages, 10,90\u00a0\u20ac) est en vente \u00e0 partir de ce samedi 24\u00a0octobre, en kiosque et sur <a href=\"https:\/\/boutique.lalsace-dna.fr\/\" target=\"_blank\" rel=\"nofollow noopener\">boutique.lalsace-dna.fr<\/a>.<\/p>\n<p class=\"note\">Pour assister \u00e0 ce double lancement, on peut confirmer sa pr\u00e9sence au 03\u00a069\u00a006\u00a073\u00a006 ou archives@alsace.eu<\/p>\n","protected":false},"excerpt":{"rendered":"Ce mardi 27\u00a0mai, \u00e0 18\u00a0h, le si\u00e8ge des Archives d\u2019Alsace, 6, rue Philippe-Dollinger, \u00e0 Strasbourg, accueillera un double&hellip;\n","protected":false},"author":2,"featured_media":126098,"comment_status":"","ping_status":"","sticky":false,"template":"","format":"standard","meta":{"footnotes":""},"categories":[2820],"tags":[1111,11,2389,2649,2880,1777,674,107,1011,27,775,937,20065,12,25,104,640,2879],"class_list":{"0":"post-126097","1":"post","2":"type-post","3":"status-publish","4":"format-standard","5":"has-post-thumbnail","7":"category-strasbourg","8":"tag-actu","9":"tag-actualites","10":"tag-alsace","11":"tag-bas-rhin","12":"tag-edition-strasbourg","13":"tag-eu","14":"tag-europe","15":"tag-fil-info","16":"tag-fr","17":"tag-france","18":"tag-grand-est","19":"tag-histoire","20":"tag-magazine-tourisme-et-patrimoine","21":"tag-news","22":"tag-republique-francaise","23":"tag-societe","24":"tag-strasbourg","25":"tag-strasbourg-ville"},"share_on_mastodon":{"url":"https:\/\/pubeurope.com\/@fr\/114566501709264228","error":""},"_links":{"self":[{"href":"https:\/\/www.europesays.com\/fr\/wp-json\/wp\/v2\/posts\/126097","targetHints":{"allow":["GET"]}}],"collection":[{"href":"https:\/\/www.europesays.com\/fr\/wp-json\/wp\/v2\/posts"}],"about":[{"href":"https:\/\/www.europesays.com\/fr\/wp-json\/wp\/v2\/types\/post"}],"author":[{"embeddable":true,"href":"https:\/\/www.europesays.com\/fr\/wp-json\/wp\/v2\/users\/2"}],"replies":[{"embeddable":true,"href":"https:\/\/www.europesays.com\/fr\/wp-json\/wp\/v2\/comments?post=126097"}],"version-history":[{"count":0,"href":"https:\/\/www.europesays.com\/fr\/wp-json\/wp\/v2\/posts\/126097\/revisions"}],"wp:featuredmedia":[{"embeddable":true,"href":"https:\/\/www.europesays.com\/fr\/wp-json\/wp\/v2\/media\/126098"}],"wp:attachment":[{"href":"https:\/\/www.europesays.com\/fr\/wp-json\/wp\/v2\/media?parent=126097"}],"wp:term":[{"taxonomy":"category","embeddable":true,"href":"https:\/\/www.europesays.com\/fr\/wp-json\/wp\/v2\/categories?post=126097"},{"taxonomy":"post_tag","embeddable":true,"href":"https:\/\/www.europesays.com\/fr\/wp-json\/wp\/v2\/tags?post=126097"}],"curies":[{"name":"wp","href":"https:\/\/api.w.org\/{rel}","templated":true}]}}