{"id":126107,"date":"2025-05-25T04:12:16","date_gmt":"2025-05-25T04:12:16","guid":{"rendered":"https:\/\/www.europesays.com\/fr\/126107\/"},"modified":"2025-05-25T04:12:16","modified_gmt":"2025-05-25T04:12:16","slug":"plus-de-1-300-offres-demploi-et-de-formation-sont-a-pourvoir-pendant-cet-evenement-a-bordeaux","status":"publish","type":"post","link":"https:\/\/www.europesays.com\/fr\/126107\/","title":{"rendered":"Plus de 1 300 offres d&#8217;emploi et de formation sont \u00e0 pourvoir pendant cet \u00e9v\u00e8nement \u00e0 Bordeaux"},"content":{"rendered":"<p>            Par<br \/>\n        <strong><br \/>\n            <a href=\"https:\/\/actu.fr\/auteur\/aurelien-cardot\" title=\"Consulter tous les articles de Aurelien Cardot\" rel=\"nofollow noopener\" target=\"_blank\">Aurelien Cardot<\/a><br \/>\n        <\/strong><\/p>\n<p>        Publi\u00e9 le<\/p>\n<p>            23 mai 2025 \u00e0 11h40        <\/p>\n<p>L\u2019H\u00f4tel de Ville de <a href=\"http:\/\/actu.fr\/bordeaux\" rel=\"nofollow noopener\" target=\"_blank\">Bordeaux<\/a> accueillera jeudi 5 juin 2025 <strong>le Village des Recruteurs<\/strong>, un salon d\u00e9di\u00e9 \u00e0 l\u2019emploi et \u00e0 la formation. De 9h30 \u00e0 17h, les visiteurs pourront rencontrer directement des recruteurs, postuler \u00e0 des offres et b\u00e9n\u00e9ficier de conseils personnalis\u00e9s.<\/p>\n<p class=\" wall-content\"><strong>Plus de 1 300 offres d\u2019emploi<\/strong> et de formations sont propos\u00e9es dans des secteurs vari\u00e9s : commerce, logistique, industrie, BTP, finance et autres. Les entreprises attendues seront \u00e9galement diverses, avec la pr\u00e9sence notable de SNCF R\u00e9seau, Edenauto, Aldi ou encore Samsic.<\/p>\n<p>Un rendez-vous \u00e0 pr\u00e9parer<\/p>\n<p class=\" wall-content\">L\u2019\u00e9v\u00e9nement est <strong>gratuit et ouvert \u00e0 tous<\/strong> les profils, qu\u2019ils soient en recherche d\u2019emploi, en reconversion ou simplement \u00e0 l\u2019\u00e9coute du march\u00e9.<\/p>\n<p class=\" wall-content\"><strong>Pour optimiser leur venue<\/strong>, les candidats sont invit\u00e9s \u00e0 cr\u00e9er un profil en ligne, consulter les offres en amont et prendre rendez-vous avec les recruteurs sur <a href=\"https:\/\/bordeaux.levillagedesrecruteurs.matchingsquare.com\/df0d9146-1f92-45ce-8d2d-3a1d19ab9272\/publicpages\/ca0a7122-195a-48b8-8c55-c5274fa15bf4\" rel=\"nofollow noopener\" target=\"_blank\">la plateforme d\u00e9di\u00e9e<\/a>.<\/p>\n<p class=\" wall-content\">Suivez toute l\u2019actualit\u00e9 de vos villes et m\u00e9dias favoris en vous inscrivant \u00e0 <a href=\"https:\/\/moncompte.actu.fr\" title=\"D\u00e9couvez Mon Actu\" rel=\"nofollow noopener\" data-trk=\"{&quot;cta&quot;:{&quot;action&quot;:&quot;https:\\\/\\\/moncompte.actu.fr&quot;,&quot;category&quot;:&quot;mon compte&quot;,&quot;from&quot;:&quot;article footer&quot;,&quot;name&quot;:&quot;Mon actu&quot;,&quot;type&quot;:&quot;cta&quot;}}\" target=\"_blank\">Mon Actu<\/a>.<\/p>\n","protected":false},"excerpt":{"rendered":"Par Aurelien Cardot Publi\u00e9 le 23 mai 2025 \u00e0 11h40 L\u2019H\u00f4tel de Ville de Bordeaux accueillera jeudi 5&hellip;\n","protected":false},"author":2,"featured_media":126108,"comment_status":"","ping_status":"","sticky":false,"template":"","format":"standard","meta":{"footnotes":""},"categories":[2817],"tags":[1111,11,1997,341,1777,674,1011,27,5113,12,2219,25,104],"class_list":{"0":"post-126107","1":"post","2":"type-post","3":"status-publish","4":"format-standard","5":"has-post-thumbnail","7":"category-bordeaux","8":"tag-actu","9":"tag-actualites","10":"tag-bordeaux","11":"tag-emploi","12":"tag-eu","13":"tag-europe","14":"tag-fr","15":"tag-france","16":"tag-job-dating","17":"tag-news","18":"tag-nouvelle-aquitaine","19":"tag-republique-francaise","20":"tag-societe"},"share_on_mastodon":{"url":"https:\/\/pubeurope.com\/@fr\/114566525368133821","error":""},"_links":{"self":[{"href":"https:\/\/www.europesays.com\/fr\/wp-json\/wp\/v2\/posts\/126107","targetHints":{"allow":["GET"]}}],"collection":[{"href":"https:\/\/www.europesays.com\/fr\/wp-json\/wp\/v2\/posts"}],"about":[{"href":"https:\/\/www.europesays.com\/fr\/wp-json\/wp\/v2\/types\/post"}],"author":[{"embeddable":true,"href":"https:\/\/www.europesays.com\/fr\/wp-json\/wp\/v2\/users\/2"}],"replies":[{"embeddable":true,"href":"https:\/\/www.europesays.com\/fr\/wp-json\/wp\/v2\/comments?post=126107"}],"version-history":[{"count":0,"href":"https:\/\/www.europesays.com\/fr\/wp-json\/wp\/v2\/posts\/126107\/revisions"}],"wp:featuredmedia":[{"embeddable":true,"href":"https:\/\/www.europesays.com\/fr\/wp-json\/wp\/v2\/media\/126108"}],"wp:attachment":[{"href":"https:\/\/www.europesays.com\/fr\/wp-json\/wp\/v2\/media?parent=126107"}],"wp:term":[{"taxonomy":"category","embeddable":true,"href":"https:\/\/www.europesays.com\/fr\/wp-json\/wp\/v2\/categories?post=126107"},{"taxonomy":"post_tag","embeddable":true,"href":"https:\/\/www.europesays.com\/fr\/wp-json\/wp\/v2\/tags?post=126107"}],"curies":[{"name":"wp","href":"https:\/\/api.w.org\/{rel}","templated":true}]}}