{"id":126111,"date":"2025-05-25T04:14:11","date_gmt":"2025-05-25T04:14:11","guid":{"rendered":"https:\/\/www.europesays.com\/fr\/126111\/"},"modified":"2025-05-25T04:14:11","modified_gmt":"2025-05-25T04:14:11","slug":"toulouse-a-la-prochaine-rentree-ce-nouveau-campus-accueillera-1000-etudiants-dans-un-quartier-en-mutation","status":"publish","type":"post","link":"https:\/\/www.europesays.com\/fr\/126111\/","title":{"rendered":"Toulouse. \u00c0 la prochaine rentr\u00e9e, ce nouveau campus accueillera 1000 \u00e9tudiants dans un quartier en mutation"},"content":{"rendered":"<p>            Par<br \/>\n        <strong><br \/>\n            <a href=\"https:\/\/actu.fr\/auteur\/lucie-2\" title=\"Consulter tous les articles de Lucie Fraisse\" rel=\"nofollow noopener\" target=\"_blank\">Lucie Fraisse<\/a><br \/>\n        <\/strong><\/p>\n<p>        Publi\u00e9 le<\/p>\n<p>            24 mai 2025 \u00e0 6h02        <\/p>\n<p>4000 m\u00b2 au c\u0153ur de<strong> Jolimont<\/strong>. \u00c0 la rentr\u00e9e prochaine, un nouveau campus accueillera des \u00e9tudiants \u00e0 <a href=\"https:\/\/actu.fr\/toulouse\/\" rel=\"nofollow noopener\" target=\"_blank\">Toulouse<\/a> dans un b\u00e2timent flambant neuf o\u00f9 seront regroup\u00e9es trois \u00e9coles. <strong>1000 \u00e9tudiants<\/strong> doivent y faire leur rentr\u00e9e dans un b\u00e2timent flambant neuf construit dans un quartier en pleine mutation.<\/p>\n<p>Sur le site de l\u2019ex-CEAT<\/p>\n<p class=\" wall-content\">C\u2019est le groupe <strong>Omnes \u00e9ducation<\/strong> qui est derri\u00e8re ce projet en cours de construction sur le <a href=\"https:\/\/actu.fr\/occitanie\/toulouse_31555\/toulouse-images-lavancee-travaux-futur-eco-quartier-situe-sur-lancien-site-ceat_31816412.html\" rel=\"nofollow noopener\" target=\"_blank\">site de l\u2019ancien Centre d\u2019essais a\u00e9ronautiques de Toulouse<\/a> (CEAT). Un b\u00e2timent encore en travaux que l\u2019on aper\u00e7oit lorsqu\u2019on emprunte la ligne A du m\u00e9tro, sur la partie a\u00e9rienne, <strong>juste avant la station Jolimont<\/strong>.<\/p>\n<p class=\" wall-content\">Sur sept \u00e9tages, le futur b\u00e2timent se distinguera par ses <strong>performances environnementales<\/strong> : isolation renforc\u00e9e ; panneaux photovolta\u00efques ; espaces ext\u00e9riers, v\u00e9g\u00e9talises, h\u00f4tels \u00e0 insectes\u2026 90 emplacements v\u00e9los s\u00e9curis\u00e9s seront aussi install\u00e9s.<\/p>\n<p>Trois \u00e9coles\u00a0<\/p>\n<p class=\" wall-content\">Le nouveau campus doit \u00eatre livr\u00e9 en juillet 2025 et r\u00e9unira trois \u00e9coles : l\u2019Inseec (une \u00e9cole de commerce); l\u2019ECE (une \u00e9cole d\u2019ingenierie num\u00e9rique et Sup de Pub (une \u00e9cole de communication).<\/p>\n<p class=\" wall-content\">\u00ab\u00a0Le futur campus proposera des formations professionnalisantes, d<strong>\u00e9livrant des titres reconnus par l\u2019\u00c9tat<\/strong>, allant du post-bac au bac+5, structur\u00e9es autour de trois grands p\u00f4les : business &amp;management, ing\u00e9nierie &amp; num\u00e9rique\/IA, et communication &amp; cr\u00e9ation\u00a0\u00bb, expliquent ainsi les \u00e9quipes d\u2019Omnes \u00e9ducation.<\/p>\n<p class=\" wall-content\">Des formations qui seront aussi propos\u00e9es en alternance. L\u2019objectif du groupe Omnes est d\u2019accueillir 1000 \u00e9tudiants \u00e0 la rentr\u00e9e 2025 et 2000 en 2027.\u00a0<\/p>\n<p>Dans un quartier qui change vite\u00a0<\/p>\n<p class=\" wall-content\">Ce tout nouveau b\u00e2timent s\u2019inscrit dans un quartier en pleine mutation, sur le site de l\u2019ex-CEAT, o\u00f9 les grues et les engins de chantier s\u2019activent autour de nombreux projets, dont certains sont d\u00e9j\u00e0 finalis\u00e9s.<\/p>\n<p class=\" wall-content\">Ainsi, depuis quelques mois, ce sont<a href=\"https:\/\/actu.fr\/occitanie\/toulouse_31555\/toulouse-1-600-agents-de-l-etat-vont-s-y-installer-dans-les-coulisses-de-la-nouvelle-cite-administrative_62188987.html\" rel=\"nofollow noopener\" target=\"_blank\"> 1600 agents qui travaillent dans la toute nouvelle cit\u00e9 administrative<\/a> qui a \u00e9t\u00e9 construite autour du <strong>b\u00e2timent Lemaresquier<\/strong>.<\/p>\n<p class=\" wall-content\">Dans quelques mois<a href=\"https:\/\/actu.fr\/occitanie\/toulouse_31555\/ce-parking-du-metro-de-toulouse-va-definitivement-fermer-tisseo-cede-le-terrain-pour-un-projet-immobilier_62595338.html\" rel=\"nofollow noopener\" target=\"_blank\"> le parking relais Tiss\u00e9o de Jolimont va d\u00e9finitivement fermer<\/a> et laisser place \u00e0 la construction de <strong>quatre immeubles \u00e0 proximit\u00e9 du viaduc du m\u00e9tro<\/strong>. Y prendront place une r\u00e9sidence \u00e9tudiante, une pension de famille, des logements, une enseigne commerciale, une cr\u00e8che\u2026 L\u2019ensemble doit \u00eatre livr\u00e9 en 2027.<\/p>\n<p class=\" wall-content\">Un <a href=\"https:\/\/actu.fr\/occitanie\/toulouse_31555\/apres-la-cartoucherie-ils-vont-ouvrir-de-nouvelles-halles-a-toulouse-voici-le-projet_62662179.html\" rel=\"nofollow noopener\" target=\"_blank\">projet de tiers-lieu inspir\u00e9 des Halles de la Cartoucherie<\/a> doit aussi voir le jour <strong>autour des deux chemin\u00e9es embl\u00e9matiques du site de l\u2019ex-CEAT<\/strong>, qui ont \u00e9t\u00e9 conserv\u00e9es. On y trouvera trois corners de restauration, un bar, un coffee shop et un espace de vente. Il devrait lui ausis ouvrir en 2027.<\/p>\n<p class=\" wall-content\">Suivez toute l\u2019actualit\u00e9 de vos villes et m\u00e9dias favoris en vous inscrivant \u00e0 <a href=\"https:\/\/moncompte.actu.fr\" title=\"D\u00e9couvez Mon Actu\" rel=\"nofollow noopener\" data-trk=\"{&quot;cta&quot;:{&quot;action&quot;:&quot;https:\\\/\\\/moncompte.actu.fr&quot;,&quot;category&quot;:&quot;mon compte&quot;,&quot;from&quot;:&quot;article footer&quot;,&quot;name&quot;:&quot;Mon actu&quot;,&quot;type&quot;:&quot;cta&quot;}}\" target=\"_blank\">Mon Actu<\/a>.<\/p>\n","protected":false},"excerpt":{"rendered":"Par Lucie Fraisse Publi\u00e9 le 24 mai 2025 \u00e0 6h02 4000 m\u00b2 au c\u0153ur de Jolimont. \u00c0 la&hellip;\n","protected":false},"author":2,"featured_media":126112,"comment_status":"","ping_status":"","sticky":false,"template":"","format":"standard","meta":{"footnotes":""},"categories":[2816],"tags":[1111,11,1777,674,1011,27,12,2680,25,104,2312,2086],"class_list":{"0":"post-126111","1":"post","2":"type-post","3":"status-publish","4":"format-standard","5":"has-post-thumbnail","7":"category-toulouse","8":"tag-actu","9":"tag-actualites","10":"tag-eu","11":"tag-europe","12":"tag-fr","13":"tag-france","14":"tag-news","15":"tag-occitanie","16":"tag-republique-francaise","17":"tag-societe","18":"tag-toulouse","19":"tag-travaux"},"share_on_mastodon":{"url":"https:\/\/pubeurope.com\/@fr\/114566533164572961","error":""},"_links":{"self":[{"href":"https:\/\/www.europesays.com\/fr\/wp-json\/wp\/v2\/posts\/126111","targetHints":{"allow":["GET"]}}],"collection":[{"href":"https:\/\/www.europesays.com\/fr\/wp-json\/wp\/v2\/posts"}],"about":[{"href":"https:\/\/www.europesays.com\/fr\/wp-json\/wp\/v2\/types\/post"}],"author":[{"embeddable":true,"href":"https:\/\/www.europesays.com\/fr\/wp-json\/wp\/v2\/users\/2"}],"replies":[{"embeddable":true,"href":"https:\/\/www.europesays.com\/fr\/wp-json\/wp\/v2\/comments?post=126111"}],"version-history":[{"count":0,"href":"https:\/\/www.europesays.com\/fr\/wp-json\/wp\/v2\/posts\/126111\/revisions"}],"wp:featuredmedia":[{"embeddable":true,"href":"https:\/\/www.europesays.com\/fr\/wp-json\/wp\/v2\/media\/126112"}],"wp:attachment":[{"href":"https:\/\/www.europesays.com\/fr\/wp-json\/wp\/v2\/media?parent=126111"}],"wp:term":[{"taxonomy":"category","embeddable":true,"href":"https:\/\/www.europesays.com\/fr\/wp-json\/wp\/v2\/categories?post=126111"},{"taxonomy":"post_tag","embeddable":true,"href":"https:\/\/www.europesays.com\/fr\/wp-json\/wp\/v2\/tags?post=126111"}],"curies":[{"name":"wp","href":"https:\/\/api.w.org\/{rel}","templated":true}]}}