{"id":126115,"date":"2025-05-25T04:18:08","date_gmt":"2025-05-25T04:18:08","guid":{"rendered":"https:\/\/www.europesays.com\/fr\/126115\/"},"modified":"2025-05-25T04:18:08","modified_gmt":"2025-05-25T04:18:08","slug":"depuis-marseille-la-sncf-renforce-son-offre-tgv-vers-ce-pays-aux-magnifiques-paysages","status":"publish","type":"post","link":"https:\/\/www.europesays.com\/fr\/126115\/","title":{"rendered":"Depuis Marseille, la SNCF renforce son offre TGV vers ce pays aux magnifiques paysages"},"content":{"rendered":"<p>            Par<br \/>\n        <strong><br \/>\n            <a href=\"https:\/\/actu.fr\/auteur\/thibault-nadal-actu-fr\" title=\"Consulter tous les articles de Thibault Nadal\" target=\"_blank\" rel=\"noopener\">Thibault Nadal<\/a><br \/>\n        <\/strong><\/p>\n<p>        Publi\u00e9 le<\/p>\n<p>            25 mai 2025 \u00e0 5h54        <\/p>\n<p>Un bon moyen de d\u00e9compresser la chaleur de l\u2019\u00e9t\u00e9 et de fuir les touristes toujours plus nombreux. Depuis 2024, la <a href=\"https:\/\/actu.fr\/tag\/sncf\" target=\"_blank\" rel=\"noopener\">SNCF<\/a> et son \u00e9quivalent suisse, CFF, ont mis en place une liaison ferroviaire entre <a href=\"https:\/\/actu.fr\/marseille\/\" target=\"_blank\" rel=\"noopener\">Marseille<\/a> et deux villes suisses\u2009:<strong> Lausanne et Gen\u00e8ve<\/strong>.<\/p>\n<p class=\" wall-content\">Des destinations qui semblent avoir du succ\u00e8s, puisque les deux compagnies ont annonc\u00e9 renforcer l\u2019offre estivale <strong>\u00e0 partir de 2026<\/strong>.<\/p>\n<p class=\" wall-content\">Voici tout ce qu\u2019il faut savoir.<\/p>\n<p>Un train par jour du jeudi au lundi<\/p>\n<p class=\" wall-content\">Mise en place depuis l\u2019\u00e9t\u00e9 2024, la ligne fonctionne <strong>uniquement<\/strong> en p\u00e9riode estivale entre le\u00a027\u00a0juin et le 23\u00a0ao\u00fbt.<\/p>\n<p class=\" wall-content\">Mais d\u00e8s l\u2019\u00e9t\u00e9 2026, les TGV Lyria (ceux qui circulent entre la France et la Suisse) verront leur offre augment\u00e9e. En plus du service actuel, un train suppl\u00e9mentaire roulera vers les Alpes suisses du jeudi au lundi <strong>entre les mois d\u2019avril et d\u2019octobre<\/strong>.<\/p>\n<p>Vid\u00e9os : en ce moment sur Actu\u00c0 partir de 29\u00a0euros<\/p>\n<p class=\" wall-content\">Depuis Marseille, 3h59 seront n\u00e9cessaires pour rejoindre Gen\u00e8ve et 4h54 pour Lausanne. Sur son trajet, le TGV desservira <strong>Aix-en-Provence, Avignon et Lyon<\/strong> avant de rejoindre la Suisse.<\/p>\n<p class=\" wall-content\">Le d\u00e9part de <a href=\"https:\/\/actu.fr\/tag\/gare-saint-charles\" target=\"_blank\" rel=\"noopener\">Marseille Saint-Charles<\/a> s\u2019effectuera \u00e0 13h46.<\/p>\n<p class=\" wall-content\">Pour le moment, aucun besoin de se presser, puisque <strong>les r\u00e9servations n\u2019ouvrent que le 12\u00a0novembre 2025<\/strong>. Les premiers billets seront vendus d\u00e8s 29\u00a0euros.<\/p>\n<p class=\" wall-content\">Suivez toute l\u2019actualit\u00e9 de vos villes et m\u00e9dias favoris en vous inscrivant \u00e0 <a href=\"https:\/\/moncompte.actu.fr\" title=\"D\u00e9couvez Mon Actu\" rel=\"nofollow noopener\" data-trk=\"{&quot;cta&quot;:{&quot;action&quot;:&quot;https:\\\/\\\/moncompte.actu.fr&quot;,&quot;category&quot;:&quot;mon compte&quot;,&quot;from&quot;:&quot;article footer&quot;,&quot;name&quot;:&quot;Mon actu&quot;,&quot;type&quot;:&quot;cta&quot;}}\" target=\"_blank\">Mon Actu<\/a>.<\/p>\n","protected":false},"excerpt":{"rendered":"Par Thibault Nadal Publi\u00e9 le 25 mai 2025 \u00e0 5h54 Un bon moyen de d\u00e9compresser la chaleur de&hellip;\n","protected":false},"author":2,"featured_media":58783,"comment_status":"","ping_status":"","sticky":false,"template":"","format":"standard","meta":{"footnotes":""},"categories":[2814],"tags":[1111,11,1777,674,1011,27,6305,884,12,882,25,2215,104,2214],"class_list":{"0":"post-126115","1":"post","2":"type-post","3":"status-publish","4":"format-standard","5":"has-post-thumbnail","7":"category-marseille","8":"tag-actu","9":"tag-actualites","10":"tag-eu","11":"tag-europe","12":"tag-fr","13":"tag-france","14":"tag-gare-saint-charles","15":"tag-marseille","16":"tag-news","17":"tag-provence-alpes-cote-dazur","18":"tag-republique-francaise","19":"tag-sncf","20":"tag-societe","21":"tag-tgv"},"share_on_mastodon":{"url":"https:\/\/pubeurope.com\/@fr\/114566548876141101","error":""},"_links":{"self":[{"href":"https:\/\/www.europesays.com\/fr\/wp-json\/wp\/v2\/posts\/126115","targetHints":{"allow":["GET"]}}],"collection":[{"href":"https:\/\/www.europesays.com\/fr\/wp-json\/wp\/v2\/posts"}],"about":[{"href":"https:\/\/www.europesays.com\/fr\/wp-json\/wp\/v2\/types\/post"}],"author":[{"embeddable":true,"href":"https:\/\/www.europesays.com\/fr\/wp-json\/wp\/v2\/users\/2"}],"replies":[{"embeddable":true,"href":"https:\/\/www.europesays.com\/fr\/wp-json\/wp\/v2\/comments?post=126115"}],"version-history":[{"count":0,"href":"https:\/\/www.europesays.com\/fr\/wp-json\/wp\/v2\/posts\/126115\/revisions"}],"wp:featuredmedia":[{"embeddable":true,"href":"https:\/\/www.europesays.com\/fr\/wp-json\/wp\/v2\/media\/58783"}],"wp:attachment":[{"href":"https:\/\/www.europesays.com\/fr\/wp-json\/wp\/v2\/media?parent=126115"}],"wp:term":[{"taxonomy":"category","embeddable":true,"href":"https:\/\/www.europesays.com\/fr\/wp-json\/wp\/v2\/categories?post=126115"},{"taxonomy":"post_tag","embeddable":true,"href":"https:\/\/www.europesays.com\/fr\/wp-json\/wp\/v2\/tags?post=126115"}],"curies":[{"name":"wp","href":"https:\/\/api.w.org\/{rel}","templated":true}]}}