{"id":126118,"date":"2025-05-25T04:20:17","date_gmt":"2025-05-25T04:20:17","guid":{"rendered":"https:\/\/www.europesays.com\/fr\/126118\/"},"modified":"2025-05-25T04:20:17","modified_gmt":"2025-05-25T04:20:17","slug":"lyon-a-t-elle-inspire-la-serie-andor-diffusee-sur-disney","status":"publish","type":"post","link":"https:\/\/www.europesays.com\/fr\/126118\/","title":{"rendered":"Lyon a-t-elle inspir\u00e9 la s\u00e9rie Andor, diffus\u00e9e sur Disney\u00a0+\u00a0?"},"content":{"rendered":"<p>Depuis le 23\u00a0avril 2025, les fans (ou pas) de Star Wars d\u00e9couvrent sur Disney +\u00a0la deuxi\u00e8me saison d\u2019Andor, s\u00e9rie d\u00e9riv\u00e9e de Rogue One (2016) centr\u00e9e sur le personnage de Cassian Andor, futur saboteur de l\u2019Empire. Cr\u00e9\u00e9e par Tony Gilroy, la s\u00e9rie se distingue par son r\u00e9alisme, son intensit\u00e9 politique et ses r\u00e9f\u00e9rences assum\u00e9es \u00e0 l\u2019histoire contemporaine \u2014 au premier rang desquelles la R\u00e9sistance fran\u00e7aise.<\/p>\n<p>Gilroy le confie sans d\u00e9tour, Andor est un hommage direct \u00e0 la lutte clandestine contre les r\u00e9gimes autoritaires. Il cite la France comme source d\u2019inspiration, s\u2019enthousiasme pour les radios-espionnes, les luttes morales, les zones grises de l\u2019Occupation. Et dans cette g\u00e9ographie fictive, une plan\u00e8te cristallise tout\u00a0: Ghorman, monde insulaire, textile, bient\u00f4t sacrifi\u00e9. \u00c0 mesure que la saison progresse, une question s\u2019impose. Et si cette plan\u00e8te lointaine s\u2019inspirait de Lyon\u00a0?<\/p>\n<p>  Une plan\u00e8te de soie, une ville tiss\u00e9e<\/p>\n<p>Ghorman est une plan\u00e8te de la bordure int\u00e9rieure, temp\u00e9r\u00e9e, vallonn\u00e9e, pacifique. Elle doit sa prosp\u00e9rit\u00e9 \u00e0 un tissu rare\u00a0: le \u201cGhorman twill\u201d, tiss\u00e9 \u00e0 partir des fibres fil\u00e9es par les ghorlectipodes, de grandes araign\u00e9es bleues. Quarante milliards d\u2019entre elles peuplent les \u201cwebberies\u201d, ces exploitations textiles r\u00e9parties sur les neuf provinces de la plan\u00e8te. \u00c0 Palmo, la capitale, couturiers, diplomates et riches visiteurs se croisent dans une effervescence feutr\u00e9e.<\/p>\n<p>    &#13;<br \/>\n    &#13;<br \/>\n    &#13;<br \/>\n    <a href=\"https:\/\/cdn-s-www.leprogres.fr\/images\/e7ee0334-6f43-4dc1-a7ae-0fde82ebccba\/NW_raw\/syril-karn-interprete-par-kyle-soller-dans-les-rues-de-ghorman-employe-du-bureau-des-standards-durant-l-ere-imperiale-il-est-envoye-en-mission-sur-la-planete-afin-d-aider-le-bsi-(bureau-de-la-securite-imperiale)-a-infiltrer-le-front-de-ghorman-photo-lucasfilm-ltd-1748123261.jpg\" title=\"Syril Karn, interpr\u00e9t\u00e9 par Kyle Soller, dans les rues de Ghorman. Employ\u00e9 du Bureau des standards durant l\u2019\u00e8re Imp\u00e9riale, il est envoy\u00e9 en mission sur la plan\u00e8te afin d\u2019aider le BSI (Bureau de la s\u00e9curit\u00e9 imp\u00e9riale) \u00e0 infiltrer le Front de Ghorman. Photo\u00a0Lucasfilm Ltd.\" class=\"chocolat-image GA-tracking\" data-ga_type=\"click\" data-ga_category=\"D\u00e9tail\" data-ga_action=\"zoomer\" data-ga_label=\"aggrandir image\" target=\"_blank\" rel=\"noopener\">&#13;<br \/>\n        <img src=\"https:\/\/www.europesays.com\/fr\/wp-content\/uploads\/2025\/05\/syril-karn-interprete-par-kyle-soller-dans-les-rues-de-ghorman-employe-du-bureau-des-standards-duran.jpeg\"   alt=\"Syril Karn, interpr\u00e9t\u00e9 par Kyle Soller, dans les rues de Ghorman. Employ\u00e9 du Bureau des standards durant l\u2019\u00e8re Imp\u00e9riale, il est envoy\u00e9 en mission sur la plan\u00e8te afin d\u2019aider le BSI (Bureau de la s\u00e9curit\u00e9 imp\u00e9riale) \u00e0 infiltrer le Front de Ghorman. Photo\u00a0Lucasfilm Ltd.\" fetchpriority=\"high\" decoding=\"async\" data-mobile=\"NW_listA_M|1748123261\" data-base=\"NW_listA|1748123261\"\/>&#13;<br \/>\n    <\/a>&#13;<\/p>\n<p>Syril Karn, interpr\u00e9t\u00e9 par Kyle Soller, dans les rues de Ghorman. Employ\u00e9 du Bureau des standards durant l\u2019\u00e8re Imp\u00e9riale, il est envoy\u00e9 en mission sur la plan\u00e8te afin d\u2019aider le BSI (Bureau de la s\u00e9curit\u00e9 imp\u00e9riale) \u00e0 infiltrer le Front de Ghorman. Photo\u00a0Lucasfilm Ltd.<\/p>\n<p>C\u2019est dans ce tissage minutieux que certains voient un calque frappant de Lyon, capitale historique de la soie fran\u00e7aise. D\u00e8s le XVe\u00a0si\u00e8cle, la ville rhodanienne devient <a href=\"https:\/\/www.leprogres.fr\/economie\/2024\/10\/12\/sur-le-creneau-du-luxe-la-soierie-lyonnaise-affiche-renouveau-et-solidite\" target=\"_blank\" rel=\"noopener\">un carrefour textile mondial<\/a>, avec ses m\u00e9tiers Jacquard, ses teinturiers, ses canuts. Une richesse n\u00e9e du fil, mais aussi des luttes\u00a0: en 1831, puis en 1834, les ouvriers tisserands se soul\u00e8vent. L\u2019arm\u00e9e mate les r\u00e9voltes. Le sang tache la soie.<\/p>\n<p>    &#13;<br \/>\n    &#13;<br \/>\n    &#13;<br \/>\n    <a href=\"https:\/\/cdn-s-www.leprogres.fr\/images\/b672797b-8c52-4093-b543-f364d21322ca\/NW_raw\/deuxieme-insurrection-de-lyon-le-10-avril-1834-gravure-de-philippe-auguste-jeanron-planche-extraite-d-une-edition-du-livre-revolution-francaise-histoire-de-dix-ans-1830-1840-de-louis-blanc-publie-par-pagnerre-paris-imp-f-chardon-aine-1850-document-bibliotheque-municipale-de-lyon-fonds-chomarat-1748123262.jpg\" title=\"Deuxi\u00e8me Insurrection de Lyon, le 10\u00a0avril 1834\u00a0; Gravure de Philippe-Auguste Jeanron\u00a0; Planche extraite d\u2019une \u00e9dition du livre R\u00e9volution fran\u00e7aise. Histoire de dix ans. 1830-1840 de Louis Blanc, publi\u00e9 par Pagnerre, Paris\u00a0: Imp. F.\u00a0Chardon ain\u00e9, [1850]. Document Biblioth\u00e8que municipale de Lyon, fonds Chomarat\" class=\"chocolat-image GA-tracking\" data-ga_type=\"click\" data-ga_category=\"D\u00e9tail\" data-ga_action=\"zoomer\" data-ga_label=\"aggrandir image\" target=\"_blank\" rel=\"noopener\">&#13;<br \/>\n        <img src=\"https:\/\/www.europesays.com\/fr\/wp-content\/uploads\/2025\/05\/deuxieme-insurrection-de-lyon-le-10-avril-1834-gravure-de-philippe-auguste-jeanron-planche-extraite-.jpeg\"   alt=\"Deuxi\u00e8me Insurrection de Lyon, le 10\u00a0avril 1834\u00a0; Gravure de Philippe-Auguste Jeanron\u00a0; Planche extraite d\u2019une \u00e9dition du livre R\u00e9volution fran\u00e7aise. Histoire de dix ans. 1830-1840 de Louis Blanc, publi\u00e9 par Pagnerre, Paris\u00a0: Imp. F.\u00a0Chardon ain\u00e9, [1850]. Document Biblioth\u00e8que municipale de Lyon, fonds Chomarat\" fetchpriority=\"high\" decoding=\"async\" data-mobile=\"NW_listA_M|1748123262\" data-base=\"NW_listA|1748123262\"\/>&#13;<br \/>\n    <\/a>&#13;<\/p>\n<p> Deuxi\u00e8me Insurrection de Lyon, le 10\u00a0avril 1834\u00a0; Gravure de Philippe-Auguste Jeanron\u00a0; Planche extraite d\u2019une \u00e9dition du livre R\u00e9volution fran\u00e7aise. Histoire de dix ans. 1830-1840 de Louis Blanc, publi\u00e9 par Pagnerre, Paris\u00a0: Imp. F.\u00a0Chardon ain\u00e9, [1850]. Document Biblioth\u00e8que municipale de Lyon, fonds Chomarat <\/p>\n<p>  Une beaut\u00e9 que l\u2019Empire veut raser<\/p>\n<p>Dans Andor, Ghorman abrite une autre richesse que son \u00e9toffe\u00a0: le \u201ckalkite stratifi\u00e9\u201d, un min\u00e9ral rare destin\u00e9 \u00e0 alimenter l\u2019\u00c9toile de la mort(1). Officiellement, il s\u2019agit d\u2019un projet \u00e9nerg\u00e9tique imp\u00e9rial. En r\u00e9alit\u00e9, il annonce la destruction. Pour \u00e9viter toute contestation, l\u2019Empire infiltre, surveille, d\u00e9nigre. On exige des serments de fid\u00e9lit\u00e9, on m\u00e8ne des inspections surprises dans les webberies. La soci\u00e9t\u00e9 de Ghorman, fi\u00e8re, insulaire, commence \u00e0 se tendre.<\/p>\n<p>Une cellule rebelle s\u2019organise par le biais du Front de Ghorman. Les Ghor parlent \u00e0 voix basse, puis \u00e0 voix haute. Et le drame survient\u00a0: l\u2019Empire massacre des civils pacifiques venus protester. C\u2019est le Massacre de Ghorman \u2014 moment de bascule dans l\u2019histoire de la R\u00e9bellion.<\/p>\n<p>Lyon, elle aussi, fut d\u00e9truite symboliquement pour avoir r\u00e9sist\u00e9. En 1793, lors du soul\u00e8vement contre la Convention jacobine, Paris assi\u00e8ge la ville. Des quartiers entiers sont ras\u00e9s. La R\u00e9publique d\u00e9clare\u00a0: \u00ab\u00a0Lyon n\u2019est plus.\u00a0\u00bb Deux si\u00e8cles plus tard, sous l\u2019Occupation, l\u2019histoire se r\u00e9p\u00e8te. L\u2019arm\u00e9e allemande, second\u00e9e par la Gestapo, s\u2019acharne contre cette ville indocile. Les r\u00e9sistants sont arr\u00eat\u00e9s, tortur\u00e9s, d\u00e9port\u00e9s. Lyon devient capitale de la R\u00e9sistance.<\/p>\n<p>  Jean Moulin et Luthen Rael\u00a0: l\u2019ombre, l\u2019art, la cause<\/p>\n<p>La r\u00e9sonance entre fiction et r\u00e9alit\u00e9 ne s\u2019arr\u00eate pas \u00e0 la g\u00e9ographie. Elle passe par les visages.<\/p>\n<p>Dans Andor, Luthen Rael est antiquaire. Derri\u00e8re sa boutique raffin\u00e9e se cache le cerveau de la r\u00e9bellion clandestine. Il recrute, manipule, coordonne des cellules disparates, dans l\u2019ombre. Il a plusieurs noms, plusieurs vies. Il sait qu\u2019il mourra sans reconnaissance, et l\u2019accepte.<\/p>\n<p>    &#13;<br \/>\n    &#13;<br \/>\n    &#13;<br \/>\n    <a href=\"https:\/\/cdn-s-www.leprogres.fr\/images\/75af19b7-37c0-4bd7-acb4-47a989fed2e5\/NW_raw\/luthen-rael-(stellan-skarsgard)-photo-lucasfilm-ltd-1748079608.jpg\" title=\"Luthen Rael (Stellan\u00a0Skarsg\u00e5rd). Photo\u00a0Lucasfilm Ltd.\" class=\"chocolat-image GA-tracking\" data-ga_type=\"click\" data-ga_category=\"D\u00e9tail\" data-ga_action=\"zoomer\" data-ga_label=\"aggrandir image\" target=\"_blank\" rel=\"noopener\">&#13;<br \/>\n        <img src=\"https:\/\/www.europesays.com\/fr\/wp-content\/uploads\/2025\/05\/luthen-rael-(stellan-skarsgard)-photo-lucasfilm-ltd-1748079608.jpg\"   alt=\"Luthen Rael (Stellan\u00a0Skarsg\u00e5rd). Photo\u00a0Lucasfilm Ltd.\" fetchpriority=\"high\" decoding=\"async\" data-mobile=\"NW_listA_M|1748079608\" data-base=\"NW_listA|1748079608\"\/>&#13;<br \/>\n    <\/a>&#13;<\/p>\n<p>Luthen Rael (Stellan\u00a0Skarsg\u00e5rd). Photo\u00a0Lucasfilm Ltd.<\/p>\n<p>Ce portrait \u00e9voque Jean Moulin. Pr\u00e9fet destitu\u00e9 par Vichy, galeriste \u00e0 Nice, clandestin au chapeau noir. Envoy\u00e9 par de Gaulle, il unifie les r\u00e9seaux de r\u00e9sistance et fonde le Conseil national de la R\u00e9sistance. Lui aussi joue un r\u00f4le pivot dans l\u2019ombre. Lui aussi aime l\u2019art. Lui aussi porte un masque.<\/p>\n<p>  Tony Gilroy\u00a0: \u00ab\u00a0J\u2019avais ador\u00e9 Un village fran\u00e7ais\u00a0\u00bb<\/p>\n<p>Cette r\u00e9f\u00e9rence \u00e0 la France occup\u00e9e n\u2019est pas une extrapolation. Tony Gilroy lui-m\u00eame a reconnu que la R\u00e9sistance fran\u00e7aise a nourri la gen\u00e8se d\u2019Andor. \u00ab\u00a0J\u2019avais ador\u00e9 Un village fran\u00e7ais et ses acteurs, <a href=\"https:\/\/www.lemonde.fr\/culture\/article\/2025\/05\/07\/comment-tony-gilroy-le-demiurge-d-andor-a-ajoute-une-planete-francaise-a-la-galaxie-de-star-wars_6603740_3246.html\" target=\"_blank\" rel=\"noopener\">explique-t-il au <\/a><a href=\"https:\/\/www.lemonde.fr\/culture\/article\/2025\/05\/07\/comment-tony-gilroy-le-demiurge-d-andor-a-ajoute-une-planete-francaise-a-la-galaxie-de-star-wars_6603740_3246.html\" target=\"_blank\" rel=\"noopener\">Monde<\/a>. Il nous fallait un langage, et savoir comment il sonnerait dans une bouche fran\u00e7aise.\u00a0\u00bb<\/p>\n<p>                                            <img class=\"placeholder-svg\" loading=\"lazy\" decoding=\"async\" src=\"https:\/\/www.europesays.com\/fr\/wp-content\/uploads\/2025\/05\/youtube.svg.svg+xml\" alt=\"Youtube PlaceHolder\"\/>               <\/p>\n<p>Ce contenu est bloqu\u00e9 car vous n&rsquo;avez pas accept\u00e9 les cookies et autres traceurs.<\/p>\n<p>En cliquant sur \u00ab J\u2019accepte \u00bb, les cookies et autres traceurs seront d\u00e9pos\u00e9s et vous pourrez visualiser les contenus  (<a href=\"\" class=\"consentModule_policy\" target=\"_blank\" title=\"Consulter la politique de protection des donn\u00e9es du fournisseur\">plus d&rsquo;informations<\/a>).<\/p>\n<p>En cliquant sur \u00ab J\u2019accepte tous les cookies \u00bb, vous autorisez des d\u00e9p\u00f4ts de cookies et autres traceurs pour le stockage de vos donn\u00e9es sur nos sites et applications \u00e0 des fins de personnalisation et de ciblage publicitaire.<\/p>\n<p class=\"consentModule_secondaryText\">Vous gardez la possibilit\u00e9 de retirer votre consentement \u00e0 tout moment en consultant notre <a href=\"https:\/\/www.leprogres.fr\/protection-des-donnees\" target=\"_blank\" title=\"Consulter notre politique de protection des donn\u00e9es\" rel=\"noopener\">politique de protection des donn\u00e9es<\/a>. <br \/>&#13;<br \/>\n            <a href=\"https:\/\/www.leprogres.fr\/insolite\/2025\/05\/25\/javascript:Didomi.notice.show()\" class=\"consentModule_cmp\" target=\"_blank\" rel=\"noopener\">G\u00e9rer mes choix<\/a>&#13;\n        <\/p>\n<p>&#13;<br \/>\n                        J&rsquo;accepte&#13;<br \/>\n            J&rsquo;accepte tous les cookies&#13;\n        <\/p>\n<p>Pour faire vivre cette plan\u00e8te, Gilroy a donc choisi des acteurs fran\u00e7ais. Thierry Godard, Richard Sammel et d\u2019autres ont \u00e9t\u00e9 recrut\u00e9s, une langue a \u00e9t\u00e9 invent\u00e9e pour l\u2019occasion, adapt\u00e9e \u00e0 des locuteurs francophones. Sur le tournage, cette \u00abcolonie fran\u00e7aise\u00a0\u00bb improvisait, chantait un hymne, formait une v\u00e9ritable communaut\u00e9. L\u2019inspiration ne faisait plus seulement \u00e9cho, elle devenait organique.<\/p>\n<p>  Lyon en filigrane<\/p>\n<p>Alors, Lyon a-t-elle inspir\u00e9 Ghorman? Rien ne permet de l\u2019affirmer avec certitude. Mais les indices s\u2019accumulent. Capitale de la soie, ville martyre, haut lieu de r\u00e9sistance, carrefour d\u2019espionnage et de propagande, th\u00e9\u00e2tre de massacres oubli\u00e9s\u2026 Certains fans, sur Reddit ou ailleurs, n\u2019ont pas manqu\u00e9 d\u2019\u00e9tablir des parall\u00e8les, jusqu\u2019aux traboules lyonnaises \u2014 ces passages secrets que les Nazis peinaient \u00e0 cartographier, et que l\u2019on croit voir rena\u00eetre dans les souterrains de Palmo.<\/p>\n<p>    &#13;<br \/>\n    &#13;<br \/>\n    &#13;<br \/>\n    <a href=\"https:\/\/cdn-s-www.leprogres.fr\/images\/d85fe901-22eb-40dc-a9fd-93e000a3012b\/NW_raw\/les-souterrains-de-palmo-font-penser-aux-traboules-lyonnaises-selon-certains-fans-photo-des-willie-lucasfilm-ltd-1748079608.jpg\" title=\"Les souterrains de Palmo font penser aux traboules lyonnaises selon certains fans. Photo\u00a0Des Willie\/Lucasfilm Ltd.\" class=\"chocolat-image GA-tracking\" data-ga_type=\"click\" data-ga_category=\"D\u00e9tail\" data-ga_action=\"zoomer\" data-ga_label=\"aggrandir image\" target=\"_blank\" rel=\"noopener\">&#13;<br \/>\n        <img src=\"https:\/\/www.europesays.com\/fr\/wp-content\/uploads\/2025\/05\/les-souterrains-de-palmo-font-penser-aux-traboules-lyonnaises-selon-certains-fans-photo-des-willie-l.jpeg\"   alt=\"Les souterrains de Palmo font penser aux traboules lyonnaises selon certains fans. Photo\u00a0Des Willie\/Lucasfilm Ltd.\" fetchpriority=\"high\" decoding=\"async\" data-mobile=\"NW_listA_M|1748079608\" data-base=\"NW_listA|1748079608\"\/>&#13;<br \/>\n    <\/a>&#13;<\/p>\n<p>Les souterrains de Palmo font penser aux traboules lyonnaises selon certains fans. Photo\u00a0Des Willie\/Lucasfilm Ltd.<\/p>\n<p>En cr\u00e9ant Ghorman, Tony Gilroy ne raconte pas seulement une oppression fictive. Il tisse, entre les mondes, un fil de m\u00e9moire. L\u2019histoire d\u2019un peuple qui refuse de plier. D\u2019une \u00e9toffe devenue insurrection. Et d\u2019un monde, peut-\u00eatre, inspir\u00e9 de notre propre pass\u00e9.<\/p>\n<p class=\"note\">(1) Elle \u00e9tait l\u2019arme ultime de l\u2019Empire\u00a0: une station spatiale de la taille d\u2019une lune capable de d\u00e9truire une plan\u00e8te enti\u00e8re. La s\u00e9rie <a href=\"https:\/\/www.disneyplus.com\/fr-fr\/browse\/entity-faba988a-a9f5-45f2-a074-0775a7d6f67a\" target=\"_blank\" rel=\"noopener\">est disponible en streaming sur Disney +<\/a>.<\/p>\n","protected":false},"excerpt":{"rendered":"Depuis le 23\u00a0avril 2025, les fans (ou pas) de Star Wars d\u00e9couvrent sur Disney +\u00a0la deuxi\u00e8me saison d\u2019Andor,&hellip;\n","protected":false},"author":2,"featured_media":126119,"comment_status":"","ping_status":"","sticky":false,"template":"","format":"standard","meta":{"footnotes":""},"categories":[1889],"tags":[1111,11,2430,650,1687,3206,3152,2757,3153,3154,1777,674,1011,27,937,1757,2428,2756,2800,12,25,2429,3151,104],"class_list":{"0":"post-126118","1":"post","2":"type-post","3":"status-publish","4":"format-standard","5":"has-post-thumbnail","7":"category-lyon","8":"tag-actu","9":"tag-actualites","10":"tag-auvergne-rhone-alpes","11":"tag-cinema","12":"tag-culture-loisirs","13":"tag-defense-guerre-conflit","14":"tag-edition-est-lyonnais","15":"tag-edition-lyon-villeurbanne","16":"tag-edition-ouest-lyonnais","17":"tag-edition-sud-lyonnais","18":"tag-eu","19":"tag-europe","20":"tag-fr","21":"tag-france","22":"tag-histoire","23":"tag-insolite","24":"tag-lyon","25":"tag-lyon-bassin","26":"tag-metropole","27":"tag-news","28":"tag-republique-francaise","29":"tag-rhone","30":"tag-selection-de-la-redaction-69","31":"tag-societe"},"share_on_mastodon":{"url":"https:\/\/pubeurope.com\/@fr\/114566556856759012","error":""},"_links":{"self":[{"href":"https:\/\/www.europesays.com\/fr\/wp-json\/wp\/v2\/posts\/126118","targetHints":{"allow":["GET"]}}],"collection":[{"href":"https:\/\/www.europesays.com\/fr\/wp-json\/wp\/v2\/posts"}],"about":[{"href":"https:\/\/www.europesays.com\/fr\/wp-json\/wp\/v2\/types\/post"}],"author":[{"embeddable":true,"href":"https:\/\/www.europesays.com\/fr\/wp-json\/wp\/v2\/users\/2"}],"replies":[{"embeddable":true,"href":"https:\/\/www.europesays.com\/fr\/wp-json\/wp\/v2\/comments?post=126118"}],"version-history":[{"count":0,"href":"https:\/\/www.europesays.com\/fr\/wp-json\/wp\/v2\/posts\/126118\/revisions"}],"wp:featuredmedia":[{"embeddable":true,"href":"https:\/\/www.europesays.com\/fr\/wp-json\/wp\/v2\/media\/126119"}],"wp:attachment":[{"href":"https:\/\/www.europesays.com\/fr\/wp-json\/wp\/v2\/media?parent=126118"}],"wp:term":[{"taxonomy":"category","embeddable":true,"href":"https:\/\/www.europesays.com\/fr\/wp-json\/wp\/v2\/categories?post=126118"},{"taxonomy":"post_tag","embeddable":true,"href":"https:\/\/www.europesays.com\/fr\/wp-json\/wp\/v2\/tags?post=126118"}],"curies":[{"name":"wp","href":"https:\/\/api.w.org\/{rel}","templated":true}]}}