{"id":126120,"date":"2025-05-25T04:21:10","date_gmt":"2025-05-25T04:21:10","guid":{"rendered":"https:\/\/www.europesays.com\/fr\/126120\/"},"modified":"2025-05-25T04:21:10","modified_gmt":"2025-05-25T04:21:10","slug":"laffluence-folle-et-le-lancement-chaotique-des-grands-buffets-lyonnais","status":"publish","type":"post","link":"https:\/\/www.europesays.com\/fr\/126120\/","title":{"rendered":"l\u2019affluence folle et le lancement chaotique des Grands Buffets Lyonnais"},"content":{"rendered":"<p>\u00ab\u00a0O\u00f9 est la queue\u00a0?\u00a0\u00bb \u00ab\u00a0Vous \u00eates l\u00e0 pour le service de 12\u00a0h ou 12\u00a0h\u00a030\u00a0?\u00a0\u00bb Arriv\u00e9s devant le 22 rue du B\u0153uf, les clients sont un peu perdus. Un amas d\u2019une centaine de personnes stagne devant l\u2019entr\u00e9e de la Tour Rose. Le soleil est pourtant au rendez-vous mais \u00e7a ne suffit pas \u00e0 consoler cette famille venue de Valence pour tester la nouvelle attraction culinaire du Vieux-Lyon\u00a0: \u00ab\u00a0\u00e7a devrait plut\u00f4t s\u2019appeler le grand bordel lyonnais\u00a0\u00bb, s\u2019impatiente la maman.<\/p>\n<p>Leur r\u00e9servation \u00e9tait \u00e0 12\u00a0heures, ils ne rentreront que 45 minutes plus tard. Apr\u00e8s seulement 10 jours d\u2019ouverture, les Grands Buffets Lyonnais accueillent \u00e0 chaque service plus de 200 personnes. Le succ\u00e8s est l\u00e0, mais un manque d\u2019organisation emp\u00eache le bon&#8230;<\/p>\n","protected":false},"excerpt":{"rendered":"\u00ab\u00a0O\u00f9 est la queue\u00a0?\u00a0\u00bb \u00ab\u00a0Vous \u00eates l\u00e0 pour le service de 12\u00a0h ou 12\u00a0h\u00a030\u00a0?\u00a0\u00bb Arriv\u00e9s devant le 22&hellip;\n","protected":false},"author":2,"featured_media":126121,"comment_status":"","ping_status":"","sticky":false,"template":"","format":"standard","meta":{"footnotes":""},"categories":[1889],"tags":[1111,11,2430,1687,2757,1777,674,1011,27,2428,2756,6016,12,25,2429,216],"class_list":{"0":"post-126120","1":"post","2":"type-post","3":"status-publish","4":"format-standard","5":"has-post-thumbnail","7":"category-lyon","8":"tag-actu","9":"tag-actualites","10":"tag-auvergne-rhone-alpes","11":"tag-culture-loisirs","12":"tag-edition-lyon-villeurbanne","13":"tag-eu","14":"tag-europe","15":"tag-fr","16":"tag-france","17":"tag-lyon","18":"tag-lyon-bassin","19":"tag-magazine-cuisine-et-vins","20":"tag-news","21":"tag-republique-francaise","22":"tag-rhone","23":"tag-vie-des-entreprises"},"share_on_mastodon":{"url":"https:\/\/pubeurope.com\/@fr\/114566560673176515","error":""},"_links":{"self":[{"href":"https:\/\/www.europesays.com\/fr\/wp-json\/wp\/v2\/posts\/126120","targetHints":{"allow":["GET"]}}],"collection":[{"href":"https:\/\/www.europesays.com\/fr\/wp-json\/wp\/v2\/posts"}],"about":[{"href":"https:\/\/www.europesays.com\/fr\/wp-json\/wp\/v2\/types\/post"}],"author":[{"embeddable":true,"href":"https:\/\/www.europesays.com\/fr\/wp-json\/wp\/v2\/users\/2"}],"replies":[{"embeddable":true,"href":"https:\/\/www.europesays.com\/fr\/wp-json\/wp\/v2\/comments?post=126120"}],"version-history":[{"count":0,"href":"https:\/\/www.europesays.com\/fr\/wp-json\/wp\/v2\/posts\/126120\/revisions"}],"wp:featuredmedia":[{"embeddable":true,"href":"https:\/\/www.europesays.com\/fr\/wp-json\/wp\/v2\/media\/126121"}],"wp:attachment":[{"href":"https:\/\/www.europesays.com\/fr\/wp-json\/wp\/v2\/media?parent=126120"}],"wp:term":[{"taxonomy":"category","embeddable":true,"href":"https:\/\/www.europesays.com\/fr\/wp-json\/wp\/v2\/categories?post=126120"},{"taxonomy":"post_tag","embeddable":true,"href":"https:\/\/www.europesays.com\/fr\/wp-json\/wp\/v2\/tags?post=126120"}],"curies":[{"name":"wp","href":"https:\/\/api.w.org\/{rel}","templated":true}]}}