{"id":126122,"date":"2025-05-25T04:24:22","date_gmt":"2025-05-25T04:24:22","guid":{"rendered":"https:\/\/www.europesays.com\/fr\/126122\/"},"modified":"2025-05-25T04:24:22","modified_gmt":"2025-05-25T04:24:22","slug":"avec-une-vente-exceptionnelle-a-paris-lagence-kretz-voit-son-activite-senvoler","status":"publish","type":"post","link":"https:\/\/www.europesays.com\/fr\/126122\/","title":{"rendered":"avec une \u00ab\u00a0vente exceptionnelle\u00a0\u00bb \u00e0 Paris, l&rsquo;agence Kretz voit son activit\u00e9 s&rsquo;envoler"},"content":{"rendered":"<p>            Par<br \/>\n        <strong><br \/>\n            <a href=\"https:\/\/actu.fr\/auteur\/thomas-martin\" title=\"Consulter tous les articles de Thomas Martin\" rel=\"nofollow noopener\" target=\"_blank\">Thomas Martin<\/a><br \/>\n        <\/strong><\/p>\n<p>        Publi\u00e9 le<\/p>\n<p>            24 mai 2025 \u00e0 7h04        <\/p>\n<p>Un d\u00e9but d\u2019ann\u00e9e plus que prometteur. Apr\u00e8s avoir enregistr\u00e9 une croissance sup\u00e9rieure \u00e0 30 % en 2024 dans un march\u00e9 <a href=\"https:\/\/actu.fr\/tag\/immobilier\" rel=\"nofollow noopener\" target=\"_blank\">immobilier<\/a> en recul de 17 %, <strong>Kretz Real Estate<\/strong>, agence sp\u00e9cialis\u00e9e dans l\u2019immobilier de <a href=\"https:\/\/actu.fr\/tag\/luxe\" rel=\"nofollow noopener\" target=\"_blank\">luxe<\/a> poursuit sur une belle dynamique en 2025 avec une forte hausse de son volume d\u2019affaires au premier trimestre 2025.\u00a0<\/p>\n<p>Une vente \u00e0 pr\u00e8s de 70 000 euros le m\u00b2 dans une rue prestigieuse de Paris<\/p>\n<p class=\" wall-content\">Au cours du premier trimestre 2025, l\u2019agence a vu son volume d\u2019activit\u00e9 augmenter de 100% par rapport au premier trimestre 2024. La croissance est particuli\u00e8rement marqu\u00e9e sur les segments haut de gamme, en particulier les biens entre 5 et 10 millions d\u2019euros, ainsi que sur le segment de l\u2019ultra luxe, au-del\u00e0 de 10 millions.<\/p>\n<p class=\" wall-content\">\u00ab\u00a0Le trimestre a notamment \u00e9t\u00e9 marqu\u00e9 par une vente exceptionnelle, la plus importante<br \/>de l\u2019ann\u00e9e en France\u00a0\u00bb, indique l\u2019agence dans un communiqu\u00e9. Ancienne propri\u00e9t\u00e9 de la famille princi\u00e8re mon\u00e9gasque des Grimaldi, un h\u00f4tel particulier de 490 m\u00b2 situ\u00e9 rue du Faubourg Saint-Honor\u00e9 dans le 8e arrondissement de Paris, pr\u00e9sent\u00e9 dans la saison 5 de la s\u00e9rie <a href=\"https:\/\/actu.fr\/ile-de-france\/boulogne-billancourt_92012\/raconter-ce-qu-on-ne-voit-pas-dans-la-serie-les-kretz-devoilent-les-coulisses-de-l-agence_60761441.html\" rel=\"nofollow noopener\" target=\"_blank\">\u00ab\u00a0L\u2019Agence\u00a0\u00bb<\/a> a \u00e9t\u00e9 vendu 34 millions d\u2019euros, soit pr\u00e8s de 70 000 euros le m\u00b2.<\/p>\n<p>    <a href=\"https:\/\/email.publihebdos.com\/form?lid=Mqc7o19yVDtMEo2FE8aUtw2\" title=\"Ouvrie le lien\" rel=\"nofollow noopener\" target=\"_blank\">Cliquez ici pour visualiser le contenu<\/a><\/p>\n<p class=\" wall-content\">Un bien que les Kretz avaient d\u00e9j\u00e0 vendu il y a deux ans. A noter qu\u2019il a \u00e9t\u00e9 vendu enti\u00e8rement meubl\u00e9. Il b\u00e9n\u00e9ficie par ailleurs d\u2019un jardin \u00e0 usage privatif et enti\u00e8rement arbor\u00e9 de 400 m\u00b2 ainsi qu\u2019une terrasse de 50 m\u00b2. Au fond du jardin, se trouvent un sauna, un bain nordique et un bain \u00e0 remous.<\/p>\n<p>Vid\u00e9os : en ce moment sur Actu<\/p>\n<p class=\" wall-content\">\u00abLe premier jour de commercialisation, l\u2019ex-propri\u00e9taire avait re\u00e7u trois offres au prix du mandat par diff\u00e9rentes agences. J\u2019ai eu beaucoup de chance, je suis arriv\u00e9 d\u00e8s le matin, avec la premi\u00e8re offre. Il a \u00e9t\u00e9 tr\u00e8s sympa, il a accept\u00e9 mon offre et il n\u2019est pas revenu dessus malgr\u00e9 le fait qu\u2019un autre acheteur d\u2019une autre agence \u00e9tait pr\u00eat \u00e0 surench\u00e9rir de plusieurs millions\u00bb, expliquait Valentin Kretz, le fr\u00e8re cadet dans l\u2019\u00e9pisode 7 de la s\u00e9rie \u00ab\u00a0L\u2019Agence\u00a0\u00bb. L\u2019acqu\u00e9reur est un Am\u00e9ricain qui a fait fortune dans la cryptomonnaie.\u00a0<\/p>\n<p class=\" wall-content\">R\u00e9cemment, <a href=\"https:\/\/immobilier.lefigaro.fr\/article\/cet-appartement-parisien-s-est-vendu-au-prix-record-de-33-8-millions-d-euros-20250224\/\" rel=\"nofollow noopener\" target=\"_blank\">Le Figaro<\/a> indiquait que les Kretz touchaient 5% de commission sur la vente, soit pas loin de 1,7 million d\u2019euros.\u00a0<\/p>\n<p class=\" wall-content\">Suivez toute l\u2019actualit\u00e9 de vos villes et m\u00e9dias favoris en vous inscrivant \u00e0 <a href=\"https:\/\/moncompte.actu.fr\" title=\"D\u00e9couvez Mon Actu\" rel=\"nofollow noopener\" data-trk=\"{&quot;cta&quot;:{&quot;action&quot;:&quot;https:\\\/\\\/moncompte.actu.fr&quot;,&quot;category&quot;:&quot;mon compte&quot;,&quot;from&quot;:&quot;article footer&quot;,&quot;name&quot;:&quot;Mon actu&quot;,&quot;type&quot;:&quot;cta&quot;}}\" target=\"_blank\">Mon Actu<\/a>.<\/p>\n","protected":false},"excerpt":{"rendered":"Par Thomas Martin Publi\u00e9 le 24 mai 2025 \u00e0 7h04 Un d\u00e9but d\u2019ann\u00e9e plus que prometteur. Apr\u00e8s avoir&hellip;\n","protected":false},"author":2,"featured_media":126123,"comment_status":"","ping_status":"","sticky":false,"template":"","format":"standard","meta":{"footnotes":""},"categories":[1888],"tags":[1111,1928,11,1927,33,1777,674,1011,27,1116,2425,12,1926,626,1925,25,216],"class_list":{"0":"post-126122","1":"post","2":"type-post","3":"status-publish","4":"format-standard","5":"has-post-thumbnail","7":"category-paris","8":"tag-actu","9":"tag-actu-paris","10":"tag-actualites","11":"tag-actualites-paris","12":"tag-economie","13":"tag-eu","14":"tag-europe","15":"tag-fr","16":"tag-france","17":"tag-immobilier","18":"tag-luxe","19":"tag-news","20":"tag-news-paris","21":"tag-paris","22":"tag-paris-news","23":"tag-republique-francaise","24":"tag-vie-des-entreprises"},"share_on_mastodon":{"url":"https:\/\/pubeurope.com\/@fr\/114566572453602523","error":""},"_links":{"self":[{"href":"https:\/\/www.europesays.com\/fr\/wp-json\/wp\/v2\/posts\/126122","targetHints":{"allow":["GET"]}}],"collection":[{"href":"https:\/\/www.europesays.com\/fr\/wp-json\/wp\/v2\/posts"}],"about":[{"href":"https:\/\/www.europesays.com\/fr\/wp-json\/wp\/v2\/types\/post"}],"author":[{"embeddable":true,"href":"https:\/\/www.europesays.com\/fr\/wp-json\/wp\/v2\/users\/2"}],"replies":[{"embeddable":true,"href":"https:\/\/www.europesays.com\/fr\/wp-json\/wp\/v2\/comments?post=126122"}],"version-history":[{"count":0,"href":"https:\/\/www.europesays.com\/fr\/wp-json\/wp\/v2\/posts\/126122\/revisions"}],"wp:featuredmedia":[{"embeddable":true,"href":"https:\/\/www.europesays.com\/fr\/wp-json\/wp\/v2\/media\/126123"}],"wp:attachment":[{"href":"https:\/\/www.europesays.com\/fr\/wp-json\/wp\/v2\/media?parent=126122"}],"wp:term":[{"taxonomy":"category","embeddable":true,"href":"https:\/\/www.europesays.com\/fr\/wp-json\/wp\/v2\/categories?post=126122"},{"taxonomy":"post_tag","embeddable":true,"href":"https:\/\/www.europesays.com\/fr\/wp-json\/wp\/v2\/tags?post=126122"}],"curies":[{"name":"wp","href":"https:\/\/api.w.org\/{rel}","templated":true}]}}