{"id":126124,"date":"2025-05-25T04:25:09","date_gmt":"2025-05-25T04:25:09","guid":{"rendered":"https:\/\/www.europesays.com\/fr\/126124\/"},"modified":"2025-05-25T04:25:09","modified_gmt":"2025-05-25T04:25:09","slug":"previsions-du-dimanche-25-mai-2025-9","status":"publish","type":"post","link":"https:\/\/www.europesays.com\/fr\/126124\/","title":{"rendered":"pr\u00e9visions du dimanche 25 mai 2025"},"content":{"rendered":"<p>Le soleil se fera attendre aujourd&rsquo;hui sur Paris, o\u00f9 des nuages sont bien install\u00e9s. Des pluies \u00e9parses vont tomber sur la ville. On pr\u00e9voit des valeurs d&rsquo;environ 18\u00b0C. Un vent de sud-ouest, enregistrant 20 km\/h, soufflera le matin. La grisaille ne se dissipe toujours pas, il y aura encore des nuages l&rsquo;apr\u00e8s-midi. En revanche, c&rsquo;est une hausse de quelques degr\u00e9s que vont conna\u00eetre les temp\u00e9ratures. Les maximales iront jusqu&rsquo;\u00e0 22\u00b0C tandis que les minimales seront de 19\u00b0C. On pr\u00e9voit une nuit claire entre dimanche et lundi.<\/p>\n<p>Une baisse des temp\u00e9ratures est pr\u00e9vue \u00e0 Paris, demain. Le thermom\u00e8tre affichera 14\u00b0C en moyenne. Un vent d&rsquo;ouest rafra\u00eechira quelque peu l&rsquo;atmosph\u00e8re. La ville profitera de quelques \u00e9claircies le matin. Il va faire 15\u00b0C en moyenne. Le ciel sera toujours couvert demain apr\u00e8s-midi avec des petites nuages. Les temp\u00e9ratures s&rsquo;\u00e9chelonneront de 18 \u00e0 19\u00b0C. Le ciel va l\u00e9g\u00e8rement se d\u00e9gager dans la soir\u00e9e avec des \u00e9claircies.<\/p>\n<p>La m\u00e9t\u00e9o des jours suivants va se d\u00e9grader. Il fera 16\u00b0C en moyenne pour des journ\u00e9es avec une m\u00e9t\u00e9o pluvieuse.<\/p>\n<p><\/p>\n","protected":false},"excerpt":{"rendered":"Le soleil se fera attendre aujourd&rsquo;hui sur Paris, o\u00f9 des nuages sont bien install\u00e9s. Des pluies \u00e9parses vont&hellip;\n","protected":false},"author":2,"featured_media":126125,"comment_status":"","ping_status":"","sticky":false,"template":"","format":"standard","meta":{"footnotes":""},"categories":[1888],"tags":[1111,1928,11,1927,1777,674,1011,27,662,12,1926,626,1925,2119,25],"class_list":{"0":"post-126124","1":"post","2":"type-post","3":"status-publish","4":"format-standard","5":"has-post-thumbnail","7":"category-paris","8":"tag-actu","9":"tag-actu-paris","10":"tag-actualites","11":"tag-actualites-paris","12":"tag-eu","13":"tag-europe","14":"tag-fr","15":"tag-france","16":"tag-ile-de-france","17":"tag-news","18":"tag-news-paris","19":"tag-paris","20":"tag-paris-news","21":"tag-previsions-meteo","22":"tag-republique-francaise"},"share_on_mastodon":{"url":"https:\/\/pubeurope.com\/@fr\/114566576535652315","error":""},"_links":{"self":[{"href":"https:\/\/www.europesays.com\/fr\/wp-json\/wp\/v2\/posts\/126124","targetHints":{"allow":["GET"]}}],"collection":[{"href":"https:\/\/www.europesays.com\/fr\/wp-json\/wp\/v2\/posts"}],"about":[{"href":"https:\/\/www.europesays.com\/fr\/wp-json\/wp\/v2\/types\/post"}],"author":[{"embeddable":true,"href":"https:\/\/www.europesays.com\/fr\/wp-json\/wp\/v2\/users\/2"}],"replies":[{"embeddable":true,"href":"https:\/\/www.europesays.com\/fr\/wp-json\/wp\/v2\/comments?post=126124"}],"version-history":[{"count":0,"href":"https:\/\/www.europesays.com\/fr\/wp-json\/wp\/v2\/posts\/126124\/revisions"}],"wp:featuredmedia":[{"embeddable":true,"href":"https:\/\/www.europesays.com\/fr\/wp-json\/wp\/v2\/media\/126125"}],"wp:attachment":[{"href":"https:\/\/www.europesays.com\/fr\/wp-json\/wp\/v2\/media?parent=126124"}],"wp:term":[{"taxonomy":"category","embeddable":true,"href":"https:\/\/www.europesays.com\/fr\/wp-json\/wp\/v2\/categories?post=126124"},{"taxonomy":"post_tag","embeddable":true,"href":"https:\/\/www.europesays.com\/fr\/wp-json\/wp\/v2\/tags?post=126124"}],"curies":[{"name":"wp","href":"https:\/\/api.w.org\/{rel}","templated":true}]}}