{"id":126131,"date":"2025-05-25T04:29:11","date_gmt":"2025-05-25T04:29:11","guid":{"rendered":"https:\/\/www.europesays.com\/fr\/126131\/"},"modified":"2025-05-25T04:29:11","modified_gmt":"2025-05-25T04:29:11","slug":"taxes-americaines-conflits-en-ukraine-et-a-gaza-pourquoi-emmanuel-macron-se-rend-il-en-asie-du-sud-est","status":"publish","type":"post","link":"https:\/\/www.europesays.com\/fr\/126131\/","title":{"rendered":"Taxes am\u00e9ricaines, conflits en Ukraine et \u00e0 Gaza\u2026 Pourquoi Emmanuel Macron se rend-il en Asie du Sud-Est\u00a0?"},"content":{"rendered":"<p>Vietnam, Indon\u00e9sie, Singapour : trois pays pour trois visites d\u2019\u00c9tat en six jours, o\u00f9 le pr\u00e9sident fran\u00e7ais veut se poser, \u00e0 partir de ce dimanche, en partenaire \u00ab fiable \u00bb et \u00ab respectueux \u00bb de la \u00ab souverainet\u00e9 \u00bb et de l&rsquo;\u00ab ind\u00e9pendance \u00bb de ces \u00c9tats dans une r\u00e9gion \u00ab prise entre les \u00c9tats-Unis et la Chine \u00bb, a affirm\u00e9 son entourage.<\/p>\n<p>Emmanuel Macron est attendu dimanche soir \u00e0 Hano\u00ef, capitale du Vietnam, pays au pass\u00e9 colonial fran\u00e7ais, souvent douloureux, o\u00f9 il rencontrera lundi les dirigeants et mardi des acteurs du secteur de l\u2019\u00e9nergie, autre th\u00e8me cl\u00e9 de la tourn\u00e9e.<\/p>\n<p>La position fran\u00e7aise de \u00ab puissance d\u2019\u00e9quilibre \u00bb<\/p>\n<p>La France esp\u00e8re faire valoir son expertise dans le nucl\u00e9aire civil, au Vietnam comme en Indon\u00e9sie, qui veut se convertir \u00e0 cette \u00e9nergie, m\u00eame si d\u2019autres pays, dont la Russie, sont sur les rangs.<\/p>\n<p>\u00c0 Jakarta, en Indon\u00e9sie, il s\u2019entretiendra aussi mercredi avec le secr\u00e9taire g\u00e9n\u00e9ral de l\u2019Association des nations de l\u2019Asie du Sud-Est (Asean), Kao Kim Hourn.<\/p>\n<p>L\u2019occasion de d\u00e9fendre la position fran\u00e7aise de \u00ab puissance d\u2019\u00e9quilibre \u00bb, qui peut \u00eatre vue avec bienveillance dans la r\u00e9gion.<\/p>\n<p>La volont\u00e9 de la France \u00ab de s\u2019engager r\u00e9solument dans la g\u00e9opolitique indo-pacifique offre au Vietnam un contrepoids utile face \u00e0 l\u2019influence grandissante de la Chine \u00bb, estime ainsi Nguyen Khac Giang, chercheur au ISEAS-Yusof Ishak Institute de Singapour.<\/p>\n<p>Paris et Jakarta partagent une m\u00eame \u00ab pr\u00e9occupation \u00bb au sujet des \u00ab tensions qui r\u00e8gnent actuellement en raison de la rivalit\u00e9 entre les grandes puissances \u00bb, abonde Lina Alexandra, du Centre d\u2019\u00e9tudes strat\u00e9giques et internationales (CSIS) dans la capitale indon\u00e9sienne.<\/p>\n<p>\u00ab Nous, nous d\u00e9fendons l\u2019id\u00e9e de r\u00e8gles du commerce international, nous ne souhaitons pas une jungle o\u00f9 la loi du plus fort s\u2019impose \u00bb, sera en substance le message du pr\u00e9sident fran\u00e7ais \u00e0 ses partenaires du Sud-Est asiatique, selon un de ses conseillers.<\/p>\n<p>Moscou \u00ab d\u00e9stabilise l\u2019Asie \u00bb<\/p>\n<p>Pour mieux cibler en creux une Am\u00e9rique qui met \u00ab une pression extr\u00eamement forte \u00bb via les taxes commerciales de Donald Trump, et des autorit\u00e9s chinoises de plus en plus offensive sur les contentieux \u00e0 la fois commerciaux et territoriaux, notamment en mer de Chine m\u00e9ridionale, a ajout\u00e9 la pr\u00e9sidence fran\u00e7aise.<\/p>\n<p>Emmanuel Macron s\u2019est d\u2019ailleurs entretenu avant son d\u00e9part avec son homologue chinois Xi Jinping, qui vient lui-m\u00eame de faire une tourn\u00e9e r\u00e9gionale en passant par Hano\u00ef, et aupr\u00e8s duquel il a plaid\u00e9 pour des \u00ab conditions de concurrence \u00e9quitables \u00bb.<\/p>\n<p>Enfin \u00e0 Singapour, vendredi, le chef de l\u2019\u00c9tat prononcera le discours d\u2019ouverture du Shangri-La Dialogue, plus grand forum asiatique sur la s\u00e9curit\u00e9 et la d\u00e9fense.<\/p>\n<p>Il entend marteler que \u00ab<a href=\"https:\/\/www.letelegramme.fr\/monde\/guerre-ukraine-russie\/\" target=\"_blank\" rel=\"noopener\"> la guerre men\u00e9e par la Russie en Ukraine<\/a> est un conflit qui a des cons\u00e9quences mondiales \u00bb, \u00ab y compris pour l\u2019Asie du Sud-Est \u00bb, selon l\u2019\u00c9lys\u00e9e, puisqu\u2019il \u00ab s\u2019agit d\u2019une remise en cause de la souverainet\u00e9 \u00bb et que Moscou \u00ab d\u00e9stabilise l\u2019Asie \u00bb en \u00ab faisant combattre les soldats nord-cor\u00e9ens sur le sol europ\u00e9en contre les Ukrainiens et en soutenant les programmes balistique et nucl\u00e9aire de la Cor\u00e9e du Nord \u00bb.<\/p>\n<p>\u00ab Ne pas d\u00e9pendre d\u2019un seul fournisseur \u00bb<\/p>\n<p>L\u00e0 aussi, la France veut se poser en partenaire de d\u00e9fense solide, notamment aupr\u00e8s de l\u2019Indon\u00e9sie, qui s\u2019est fournie par le pass\u00e9 notamment en Russie pour ses avions de chasse. Jakarta \u00ab entend se diversifier \u00bb en la mati\u00e8re, pour \u00ab ne pas d\u00e9pendre d\u2019un seul fournisseur \u00bb, assure Lina Alexandra.<\/p>\n<p>Enfin, au Shangri-La Dialogue comme devant les \u00e9tudiants universitaires qu\u2019il rencontrera au Vietnam et en Indon\u00e9sie, le pr\u00e9sident fran\u00e7ais veut tenter de tordre le cou \u00e0 la vision d\u2019un \u00ab double standard \u00bb europ\u00e9en et occidental entre la guerre en Ukraine et <a href=\"https:\/\/www.letelegramme.fr\/monde\/israel-palestine\/\" target=\"_blank\" rel=\"noopener\">le conflit \u00e0 Gaza<\/a>.<\/p>\n<p>\u00ab Nous comprenons parfaitement les sensibilit\u00e9s des communaut\u00e9s musulmanes dans la r\u00e9gion \u00bb, a expliqu\u00e9 ce conseiller du pr\u00e9sident fran\u00e7ais, assurant vouloir d\u00e9montrer que celui-ci est \u00ab particuli\u00e8rement impliqu\u00e9 \u00bb pour \u00ab parvenir \u00e0 la paix au Proche-Orient \u00bb.<\/p>\n<p>En vue de la conf\u00e9rence que copr\u00e9sidera la France avec l\u2019Arabie saoudite en juin \u00e0 l\u2019ONU sur la solution dite \u00ab \u00e0 <a href=\"https:\/\/www.letelegramme.fr\/monde\/la-france-pourrait-reconnaitre-letat-palestinien-en-juin-6795952.php\" target=\"_blank\" rel=\"noopener\">deux \u00c9tats<\/a> \u00bb, palestinien et isra\u00e9lien, la reconnaissance de l\u2019\u00c9tat d\u2019Isra\u00ebl est aussi \u00ab un enjeu \u00bb de l\u2019\u00e9tape en Indon\u00e9sie, pays \u00e0 majorit\u00e9 musulmane le plus peupl\u00e9 au monde, selon l\u2019\u00c9lys\u00e9e.<\/p>\n","protected":false},"excerpt":{"rendered":"Vietnam, Indon\u00e9sie, Singapour : trois pays pour trois visites d\u2019\u00c9tat en six jours, o\u00f9 le pr\u00e9sident fran\u00e7ais veut&hellip;\n","protected":false},"author":2,"featured_media":126132,"comment_status":"","ping_status":"","sticky":false,"template":"","format":"standard","meta":{"footnotes":""},"categories":[1590],"tags":[11,1073,765,1777,674,27,2069,12736,74,12,220],"class_list":{"0":"post-126131","1":"post","2":"type-post","3":"status-publish","4":"format-standard","5":"has-post-thumbnail","7":"category-ukraine","8":"tag-actualites","9":"tag-emmanuel-macron","10":"tag-en-continu","11":"tag-eu","12":"tag-europe","13":"tag-france","14":"tag-guerre-ukraine-russie","15":"tag-israel-palestine","16":"tag-monde","17":"tag-news","18":"tag-ukraine"},"share_on_mastodon":{"url":"https:\/\/pubeurope.com\/@fr\/114566592154781480","error":""},"_links":{"self":[{"href":"https:\/\/www.europesays.com\/fr\/wp-json\/wp\/v2\/posts\/126131","targetHints":{"allow":["GET"]}}],"collection":[{"href":"https:\/\/www.europesays.com\/fr\/wp-json\/wp\/v2\/posts"}],"about":[{"href":"https:\/\/www.europesays.com\/fr\/wp-json\/wp\/v2\/types\/post"}],"author":[{"embeddable":true,"href":"https:\/\/www.europesays.com\/fr\/wp-json\/wp\/v2\/users\/2"}],"replies":[{"embeddable":true,"href":"https:\/\/www.europesays.com\/fr\/wp-json\/wp\/v2\/comments?post=126131"}],"version-history":[{"count":0,"href":"https:\/\/www.europesays.com\/fr\/wp-json\/wp\/v2\/posts\/126131\/revisions"}],"wp:featuredmedia":[{"embeddable":true,"href":"https:\/\/www.europesays.com\/fr\/wp-json\/wp\/v2\/media\/126132"}],"wp:attachment":[{"href":"https:\/\/www.europesays.com\/fr\/wp-json\/wp\/v2\/media?parent=126131"}],"wp:term":[{"taxonomy":"category","embeddable":true,"href":"https:\/\/www.europesays.com\/fr\/wp-json\/wp\/v2\/categories?post=126131"},{"taxonomy":"post_tag","embeddable":true,"href":"https:\/\/www.europesays.com\/fr\/wp-json\/wp\/v2\/tags?post=126131"}],"curies":[{"name":"wp","href":"https:\/\/api.w.org\/{rel}","templated":true}]}}