{"id":126137,"date":"2025-05-25T04:32:11","date_gmt":"2025-05-25T04:32:11","guid":{"rendered":"https:\/\/www.europesays.com\/fr\/126137\/"},"modified":"2025-05-25T04:32:11","modified_gmt":"2025-05-25T04:32:11","slug":"plus-dun-quart-de-la-population-est-desormais-dorigine-etrangere","status":"publish","type":"post","link":"https:\/\/www.europesays.com\/fr\/126137\/","title":{"rendered":"plus d\u2019un quart de la population est d\u00e9sormais d\u2019origine \u00e9trang\u00e8re"},"content":{"rendered":"<p>L\u2019Allemagne franchit un nouveau seuil historique : selon les chiffres officiels publi\u00e9s cette semaine par l\u2019Office f\u00e9d\u00e9ral de la statistique (Destatis),\u00a0<strong>plus de 21,2 millions de personnes r\u00e9sidant en Allemagne sont d\u00e9sormais issues de l\u2019immigration<\/strong>, soit\u00a0<strong>plus d\u2019un quart de la population<\/strong>.<\/p>\n<p>Ce chiffre record refl\u00e8te une\u00a0<strong>hausse de 4 % par rapport \u00e0 2023<\/strong>, soit\u00a0<strong>873 000 personnes suppl\u00e9mentaires<\/strong>\u00a0ayant un \u00ab arri\u00e8re-plan migratoire \u00bb \u2013 une cat\u00e9gorie qui inclut tout individu ayant au moins un parent immigr\u00e9, ou \u00e9tant lui-m\u00eame n\u00e9 \u00e0 l\u2019\u00e9tranger.<\/p>\n<p>Une immigration massive et continue<\/p>\n<p>En 2024,\u00a0<strong>16,1 millions de personnes vivant en Allemagne \u00e9taient n\u00e9es \u00e0 l\u2019\u00e9tranger<\/strong>, repr\u00e9sentant\u00a0<strong>19,4 % de la population totale<\/strong>. Autrement dit,\u00a0<strong>pr\u00e8s d\u2019un habitant sur cinq est un immigrant de premi\u00e8re g\u00e9n\u00e9ration<\/strong>, et plus d\u2019un sur quatre si l\u2019on compte la deuxi\u00e8me g\u00e9n\u00e9ration.<\/p>\n<p>Depuis l\u2019ann\u00e9e charni\u00e8re de\u00a0<strong>2015<\/strong>, marqu\u00e9e par la crise migratoire europ\u00e9enne,\u00a0<strong>pr\u00e8s de 6,5 millions de personnes ont immigr\u00e9 en Allemagne<\/strong>. Les principales vagues migratoires se r\u00e9partissent ainsi :<\/p>\n<ul>\n<li><strong>Syrie<\/strong>\u00a0: environ\u00a0<strong>700 000 personnes<\/strong>\u00a0entre 2015 et 2021,<\/li>\n<li><strong>Ukraine<\/strong>\u00a0:\u00a0<strong>843 000 personnes<\/strong>\u00a0entre 2022 et 2024, en lien avec la guerre.<\/li>\n<\/ul>\n<p>Un pays jeune\u2026 mais \u00e9tranger<\/p>\n<p>Fait frappant : dans la tranche d\u2019\u00e2ge\u00a0<strong>20-39 ans<\/strong>, les personnes ayant un pass\u00e9 migratoire repr\u00e9sentent\u00a0<strong>plus d\u2019un tiers des effectifs<\/strong>. Une mutation d\u00e9mographique qui redessine la jeunesse allemande en profondeur, et soul\u00e8ve de nombreuses questions sur l\u2019identit\u00e9 culturelle du pays \u00e0 moyen et long terme.<\/p>\n<p>Les motifs d\u2019installation restent constants :<\/p>\n<ul>\n<li><strong>Demande d\u2019asile<\/strong>\u00a0: 31 %<\/li>\n<li><strong>Emploi<\/strong>\u00a0: 23 %<\/li>\n<li><strong>Regroupement familial<\/strong>\u00a0: 21 %<\/li>\n<\/ul>\n<p>Des chiffres qui illustrent non seulement l\u2019ampleur des flux, mais aussi la\u00a0<strong>fragilit\u00e9 du mod\u00e8le d\u2019int\u00e9gration<\/strong>, r\u00e9guli\u00e8rement mis en cause, notamment en raison de l\u2019\u00e9chec scolaire, de la d\u00e9linquance ou de l\u2019hostilit\u00e9 culturelle d\u2019une partie des nouveaux arrivants.<\/p>\n<p>Malgr\u00e9 des discours politiques successifs promettant un contr\u00f4le accru des fronti\u00e8res, la tendance ne faiblit pas. Le chancelier conservateur\u00a0<strong>Friedrich Merz<\/strong>, successeur d\u2019Olaf Scholz \u00e0 la t\u00eate du pays, a d\u2019ailleurs r\u00e9cemment tranch\u00e9 toute ambigu\u00eft\u00e9 en affirmant :<\/p>\n<blockquote>\n<p>\u00ab L\u2019Allemagne est un pays d\u2019immigration. Elle l\u2019a toujours \u00e9t\u00e9, elle l\u2019est, et elle le restera. \u00bb<\/p>\n<\/blockquote>\n<p>Une d\u00e9claration qui ent\u00e9rine une\u00a0<strong>vision assum\u00e9e du multiculturalisme<\/strong>, et qui risque de creuser davantage le foss\u00e9 avec les franges de la population inqui\u00e8tes de la transformation rapide de leur pays.<\/p>\n<p>Dans ce contexte, l\u2019Allemagne devient, au fil des ans,\u00a0<strong>l\u2019exemple paradigmatique d\u2019une Europe occidentale confront\u00e9e \u00e0 une immigration de peuplement<\/strong>. Les dirigeants de ce pays devront un jour rendre des comptes \u00e0 leur peuple.<\/p>\n<p>Cr\u00e9dit photo : DR<br \/>[cc] Breizh-info.com, 2025, d\u00e9p\u00eaches libres de copie et de diffusion sous r\u00e9serve de mention et de lien vers la source d\u2019origine<\/p>\n","protected":false},"excerpt":{"rendered":"L\u2019Allemagne franchit un nouveau seuil historique : selon les chiffres officiels publi\u00e9s cette semaine par l\u2019Office f\u00e9d\u00e9ral de&hellip;\n","protected":false},"author":2,"featured_media":126138,"comment_status":"","ping_status":"","sticky":false,"template":"","format":"standard","meta":{"footnotes":""},"categories":[1587],"tags":[11,672,1804,1805,1803,24967,1777,674,1801,12,1802,24968],"class_list":{"0":"post-126137","1":"post","2":"type-post","3":"status-publish","4":"format-standard","5":"has-post-thumbnail","7":"category-allemagne","8":"tag-actualites","9":"tag-allemagne","10":"tag-bundesrepublik-deutschland","11":"tag-de","12":"tag-deutschland","13":"tag-ethnique","14":"tag-eu","15":"tag-europe","16":"tag-germany","17":"tag-news","18":"tag-republique-federale-dallemagne","19":"tag-substitution"},"share_on_mastodon":{"url":"https:\/\/pubeurope.com\/@fr\/114566603945494197","error":""},"_links":{"self":[{"href":"https:\/\/www.europesays.com\/fr\/wp-json\/wp\/v2\/posts\/126137","targetHints":{"allow":["GET"]}}],"collection":[{"href":"https:\/\/www.europesays.com\/fr\/wp-json\/wp\/v2\/posts"}],"about":[{"href":"https:\/\/www.europesays.com\/fr\/wp-json\/wp\/v2\/types\/post"}],"author":[{"embeddable":true,"href":"https:\/\/www.europesays.com\/fr\/wp-json\/wp\/v2\/users\/2"}],"replies":[{"embeddable":true,"href":"https:\/\/www.europesays.com\/fr\/wp-json\/wp\/v2\/comments?post=126137"}],"version-history":[{"count":0,"href":"https:\/\/www.europesays.com\/fr\/wp-json\/wp\/v2\/posts\/126137\/revisions"}],"wp:featuredmedia":[{"embeddable":true,"href":"https:\/\/www.europesays.com\/fr\/wp-json\/wp\/v2\/media\/126138"}],"wp:attachment":[{"href":"https:\/\/www.europesays.com\/fr\/wp-json\/wp\/v2\/media?parent=126137"}],"wp:term":[{"taxonomy":"category","embeddable":true,"href":"https:\/\/www.europesays.com\/fr\/wp-json\/wp\/v2\/categories?post=126137"},{"taxonomy":"post_tag","embeddable":true,"href":"https:\/\/www.europesays.com\/fr\/wp-json\/wp\/v2\/tags?post=126137"}],"curies":[{"name":"wp","href":"https:\/\/api.w.org\/{rel}","templated":true}]}}