{"id":126144,"date":"2025-05-25T04:36:12","date_gmt":"2025-05-25T04:36:12","guid":{"rendered":"https:\/\/www.europesays.com\/fr\/126144\/"},"modified":"2025-05-25T04:36:12","modified_gmt":"2025-05-25T04:36:12","slug":"hafsia-herzi-remporte-la-queer-palm-pour-son-film-la-petite-derniere","status":"publish","type":"post","link":"https:\/\/www.europesays.com\/fr\/126144\/","title":{"rendered":"Hafsia Herzi remporte la Queer Palm pour son film La\u00a0Petite Derni\u00e8re"},"content":{"rendered":"<p>L\u2019actrice et r\u00e9alisatrice est r\u00e9compens\u00e9e pour son troisi\u00e8me long-m\u00e9trage qui retrace l\u2019\u00e9mancipation sexuelle et sentimentale d\u2019une jeune homosexuelle musulmane vivant en banlieue.<\/p>\n<p class=\"fig-paragraph\">La petite derni\u00e8re, troisi\u00e8me long-m\u00e9trage et premier en comp\u00e9tition \u00e0\u00a0<a href=\"http:\/\/www.lefigaro.fr\/festival-de-cannes\/cannes-2025-le-bulletin-de-notes-des-22-films-en-lice-pour-la-palme-d-or-du-zero-pointe-aux-felicitations-du-jury-20250524\" target=\"_blank\" data-fig-type=\"Article\" rel=\"noopener nofollow\" data-gtm-custom-categorie=\"navigation\" data-gtm-custom-action=\"crossclick\" data-gtm-custom-label=\"Contextuel\" data-gtm-event=\"customEventSPE\" data-fig-domain=\"LEFIGARO\">Cannes\u00a0<\/a>de l&rsquo;actrice et r\u00e9alisatrice fran\u00e7aise\u00a0<a href=\"http:\/\/www.lefigaro.fr\/cinema\/ceremonie-cesar\/cesar-2025-hafsia-herzi-sacree-meilleure-actrice-pour-son-role-dans-borgo-20250301\" target=\"_blank\" data-fig-type=\"NewsFlash\" rel=\"noopener nofollow\" data-gtm-custom-categorie=\"navigation\" data-gtm-custom-action=\"crossclick\" data-gtm-custom-label=\"Contextuel\" data-gtm-event=\"customEventSPE\" data-fig-domain=\"LEFIGARO\">Hafsia Herzi,<\/a>\u00a0a remport\u00e9 vendredi 23 mai la Queer Palm, un prix alternatif du \u00ab\u00a0meilleur film LGBTQ+\u00a0\u00bb. Ce r\u00e9cit tout en pudeur de l&rsquo;\u00e9mancipation sexuelle et sentimentale d&rsquo;une jeune homosexuelle et musulmane vivant en banlieue est librement adapt\u00e9 du premier roman, d&rsquo;inspiration autobiographique, de Fatima Daas, publi\u00e9 en 2020.<\/p>\n<p class=\"fig-body-link\">\n            \u00c0 lire aussi<br \/>\n        <a class=\"fig-body-link__link fig-premium-mark\" href=\"http:\/\/www.lefigaro.fr\/cinema\/hafsia-herzi-un-mental-d-acier-sous-des-airs-de-madone-20240416\" target=\"_blank\" data-fig-type=\"Article\" rel=\"noopener nofollow\" data-gtm-custom-categorie=\"navigation\" data-gtm-custom-action=\"crossclick\" data-gtm-custom-label=\"Contextuel\" data-gtm-event=\"customEventSPE\" data-fig-domain=\"LEFIGARO\">Hafsia Herzi, un mental d&rsquo;acier sous des airs de madone<br \/>\n    <\/a>\n<\/p>\n<p class=\"fig-paragraph\">Fatima, 17 ans, issue d&rsquo;un milieu modeste et musulmane pratiquante, dont on suit sur un an l&rsquo;\u00e9veil \u00e0 la sexualit\u00e9 avec d&rsquo;autres femmes et l&rsquo;entr\u00e9e \u00e0 l&rsquo;universit\u00e9 \u00e0 Paris, est magistralement camp\u00e9e par Nadia Melliti, actrice non professionnelle de 23 ans dont la silhouette androgyne irradie le film. La petite derni\u00e8re montre aussi comment l&rsquo;entr\u00e9e en fac de philosophie, pour cette jeune adulte \u00e9branl\u00e9e par l&rsquo;attirance qu&rsquo;elle ressent pour les femmes, est l&rsquo;occasion de fr\u00e9quenter d&rsquo;autres milieux sociaux, notamment lors de f\u00eates endiabl\u00e9es o\u00f9 les corps se rapprochent.<\/p>\n<p class=\"fig-paragraph\">\u00ab\u00a0J&rsquo;avais envie de montrer qu&rsquo;il n&rsquo;y a pas de fronti\u00e8re en amiti\u00e9, en amour. Et moi, je trouve \u00e7a beau, je trouve \u00e7a \u00e9mouvant que des personnages de diff\u00e9rentes classes sociales puissent \u00eatre amis, sortir, s&rsquo;aimer. C&rsquo;est la vie\u00a0\u00bb, a d\u00e9clar\u00e9 \u00e0 l&rsquo;AFP Hafsia Herzi, qui filme comme rarement l&rsquo;homosexualit\u00e9 f\u00e9minine, moins port\u00e9e \u00e0 l&rsquo;\u00e9cran.<\/p>\n<p class=\"fig-paragraph\">Cr\u00e9\u00e9e en 2010 par le critique Franck Finance-Madureira qui en est le pr\u00e9sident, la Queer Palm r\u00e9compense chaque ann\u00e9e un film et des courts m\u00e9trages traitant des th\u00e9matiques LGBT+, f\u00e9ministes ou qui questionnent les normes de genre. Le jury, qui devait d\u00e9partager 16 longs-m\u00e9trages toutes sections confondues, \u00e9tait cette ann\u00e9e pr\u00e9sid\u00e9 par le cin\u00e9aste et metteur en sc\u00e8ne fran\u00e7ais Christophe Honor\u00e9.<\/p>\n","protected":false},"excerpt":{"rendered":"L\u2019actrice et r\u00e9alisatrice est r\u00e9compens\u00e9e pour son troisi\u00e8me long-m\u00e9trage qui retrace l\u2019\u00e9mancipation sexuelle et sentimentale d\u2019une jeune homosexuelle&hellip;\n","protected":false},"author":2,"featured_media":126145,"comment_status":"","ping_status":"","sticky":false,"template":"","format":"standard","meta":{"footnotes":""},"categories":[2],"tags":[11,7306,7307,5634,1011,27,24969,11584,12,11586,11585,25],"class_list":{"0":"post-126144","1":"post","2":"type-post","3":"status-publish","4":"format-standard","5":"has-post-thumbnail","7":"category-actualites","8":"tag-actualites","9":"tag-cannes","10":"tag-croisette","11":"tag-festival-de-cannes","12":"tag-fr","13":"tag-france","14":"tag-lgbtq","15":"tag-montee-des-marches","16":"tag-news","17":"tag-palme-dor","18":"tag-prix-du-jury","19":"tag-republique-francaise"},"share_on_mastodon":{"url":"https:\/\/pubeurope.com\/@fr\/114566619730795752","error":""},"_links":{"self":[{"href":"https:\/\/www.europesays.com\/fr\/wp-json\/wp\/v2\/posts\/126144","targetHints":{"allow":["GET"]}}],"collection":[{"href":"https:\/\/www.europesays.com\/fr\/wp-json\/wp\/v2\/posts"}],"about":[{"href":"https:\/\/www.europesays.com\/fr\/wp-json\/wp\/v2\/types\/post"}],"author":[{"embeddable":true,"href":"https:\/\/www.europesays.com\/fr\/wp-json\/wp\/v2\/users\/2"}],"replies":[{"embeddable":true,"href":"https:\/\/www.europesays.com\/fr\/wp-json\/wp\/v2\/comments?post=126144"}],"version-history":[{"count":0,"href":"https:\/\/www.europesays.com\/fr\/wp-json\/wp\/v2\/posts\/126144\/revisions"}],"wp:featuredmedia":[{"embeddable":true,"href":"https:\/\/www.europesays.com\/fr\/wp-json\/wp\/v2\/media\/126145"}],"wp:attachment":[{"href":"https:\/\/www.europesays.com\/fr\/wp-json\/wp\/v2\/media?parent=126144"}],"wp:term":[{"taxonomy":"category","embeddable":true,"href":"https:\/\/www.europesays.com\/fr\/wp-json\/wp\/v2\/categories?post=126144"},{"taxonomy":"post_tag","embeddable":true,"href":"https:\/\/www.europesays.com\/fr\/wp-json\/wp\/v2\/tags?post=126144"}],"curies":[{"name":"wp","href":"https:\/\/api.w.org\/{rel}","templated":true}]}}