{"id":126148,"date":"2025-05-25T04:40:14","date_gmt":"2025-05-25T04:40:14","guid":{"rendered":"https:\/\/www.europesays.com\/fr\/126148\/"},"modified":"2025-05-25T04:40:14","modified_gmt":"2025-05-25T04:40:14","slug":"les-joueuses-du-stade-francais-demandent-sa-demission","status":"publish","type":"post","link":"https:\/\/www.europesays.com\/fr\/126148\/","title":{"rendered":"les joueuses du Stade fran\u00e7ais demandent sa d\u00e9mission"},"content":{"rendered":"<p>Les joueuses du Stade fran\u00e7ais ont appel\u00e9 \u00e0 la d\u00e9mission du directeur sportif de la section f\u00e9minine du club de rugby parisien, jeudi 22 mai, vis\u00e9 par <a href=\"https:\/\/www.ledauphine.com\/sport\/2025\/05\/17\/propos-homophobes-choquants-harcelement-un-dirigeant-du-stade-francais-dans-la-tourmente\" target=\"_blank\" rel=\"noopener\">des accusations de propos lesbophobes et sexistes contre plusieurs joueuses et une dirigeante<\/a>, apr\u00e8s des <a href=\"https:\/\/www.mediapart.fr\/journal\/france\/160525\/rugby-au-stade-francais-sexisme-et-lesbophobie-ne-sont-pas-penalises\" target=\"_blank\" rel=\"noopener\">r\u00e9v\u00e9lations<\/a> de Mediapart.<\/p>\n<p>Les Pink Rockets, qui \u00e9voluent cette saison en Elite 2 \u2013 la seconde division \u2013, pointent \u00ab [d]es paroles [qui] (\u2026) ne sont pas de simples d\u00e9rapages : elles participent \u00e0 un syst\u00e8me de domination et d\u2019exclusion \u00bb. Elles appellent \u00e0 la \u00ab d\u00e9mission imm\u00e9diate du directeur sportif de toutes ses fonctions au sein du Stade fran\u00e7ais \u00bb, critiquant \u00ab l\u2019inaction et les tentatives de dissimulation \u00bb du bureau de l\u2019association.<\/p>\n<p>  D\u00e9p\u00f4t de plainte en d\u00e9cembre<\/p>\n<p>Les t\u00e9moignages, qui proviennent de diff\u00e9rentes joueuses parmi lesquelles Laura, devenue directrice b\u00e9n\u00e9vole de l\u2019\u00e9quipe f\u00e9minine, font \u00e9tat d\u2019insultes homophobes, d\u00e9nigrant la sexualit\u00e9 des joueuses. Apr\u00e8s avoir subi ce qu\u2019elle dit \u00eatre une \u00ab nouvelle humiliation \u00bb \u00e0 l\u2019automne dernier, Laura a d\u00e9pos\u00e9 plainte dans un commissariat, et a r\u00e9alis\u00e9 un signalement aupr\u00e8s de la F\u00e9d\u00e9ration fran\u00e7aise de rugby (FFR) en d\u00e9cembre qui confirme, \u00e0 l\u2019Agence France-Presse, l\u2019avoir re\u00e7u sur sa plateforme d\u00e9di\u00e9e et la saisine du conseil de discipline du rugby fran\u00e7ais.<\/p>\n<p>Samedi 18 mai, le Stade fran\u00e7ais a communiqu\u00e9 avoir adress\u00e9 un bl\u00e2me au directeur sportif, \u00e0 l\u2019issue d\u2019une enqu\u00eate interne, et d\u00e9clar\u00e9 \u00ab de nouveau et sans retenue, tout [son] soutien \u00e0 la victime de ces faits \u00bb.<\/p>\n<p>Suspendu de ses fonctions aupr\u00e8s de l\u2019\u00e9quipe f\u00e9minine depuis d\u00e9but janvier et la conclusion de l\u2019enqu\u00eate interne, le directeur sportif a cependant conserv\u00e9 le reste de ses pr\u00e9rogatives au sein de l\u2019association sportive du club parisien.<\/p>\n<p>\u00ab Nous avons pris connaissance de la sanction \u2013 un bl\u00e2me \u2013 par l\u2019interm\u00e9diaire d\u2019un communiqu\u00e9 intervenu plus de cinq mois apr\u00e8s la d\u00e9nonciation des faits \u00bb, regrettent les joueuses. \u00ab Nous sommes dans l\u2019incompr\u00e9hension totale face au manque de soutien de la part du bureau de l\u2019association. Aucune communication ni r\u00e9union d\u2019information n\u2019ont \u00e9t\u00e9 faites sur le sujet. \u00bb<\/p>\n","protected":false},"excerpt":{"rendered":"Les joueuses du Stade fran\u00e7ais ont appel\u00e9 \u00e0 la d\u00e9mission du directeur sportif de la section f\u00e9minine du&hellip;\n","protected":false},"author":2,"featured_media":126149,"comment_status":"","ping_status":"","sticky":false,"template":"","format":"standard","meta":{"footnotes":""},"categories":[1416],"tags":[274,107,1701,1011,27,479,1468,517,60],"class_list":{"0":"post-126148","1":"post","2":"type-post","3":"status-publish","4":"format-standard","5":"has-post-thumbnail","7":"category-rugby","8":"tag-faits-divers-justice","9":"tag-fil-info","10":"tag-fil-info-sport","11":"tag-fr","12":"tag-france","13":"tag-rugby","14":"tag-rugby-football","15":"tag-sport","16":"tag-sports"},"share_on_mastodon":{"url":"https:\/\/pubeurope.com\/@fr\/114566635791217544","error":""},"_links":{"self":[{"href":"https:\/\/www.europesays.com\/fr\/wp-json\/wp\/v2\/posts\/126148","targetHints":{"allow":["GET"]}}],"collection":[{"href":"https:\/\/www.europesays.com\/fr\/wp-json\/wp\/v2\/posts"}],"about":[{"href":"https:\/\/www.europesays.com\/fr\/wp-json\/wp\/v2\/types\/post"}],"author":[{"embeddable":true,"href":"https:\/\/www.europesays.com\/fr\/wp-json\/wp\/v2\/users\/2"}],"replies":[{"embeddable":true,"href":"https:\/\/www.europesays.com\/fr\/wp-json\/wp\/v2\/comments?post=126148"}],"version-history":[{"count":0,"href":"https:\/\/www.europesays.com\/fr\/wp-json\/wp\/v2\/posts\/126148\/revisions"}],"wp:featuredmedia":[{"embeddable":true,"href":"https:\/\/www.europesays.com\/fr\/wp-json\/wp\/v2\/media\/126149"}],"wp:attachment":[{"href":"https:\/\/www.europesays.com\/fr\/wp-json\/wp\/v2\/media?parent=126148"}],"wp:term":[{"taxonomy":"category","embeddable":true,"href":"https:\/\/www.europesays.com\/fr\/wp-json\/wp\/v2\/categories?post=126148"},{"taxonomy":"post_tag","embeddable":true,"href":"https:\/\/www.europesays.com\/fr\/wp-json\/wp\/v2\/tags?post=126148"}],"curies":[{"name":"wp","href":"https:\/\/api.w.org\/{rel}","templated":true}]}}