{"id":126156,"date":"2025-05-25T04:45:14","date_gmt":"2025-05-25T04:45:14","guid":{"rendered":"https:\/\/www.europesays.com\/fr\/126156\/"},"modified":"2025-05-25T04:45:14","modified_gmt":"2025-05-25T04:45:14","slug":"ronde-de-lisard-et-4-classements-directvelo","status":"publish","type":"post","link":"https:\/\/www.europesays.com\/fr\/126156\/","title":{"rendered":"Ronde de l\u2019Isard &#8211; Et. 4 : Classements &#8211; DirectVelo"},"content":{"rendered":"<ol>\n<li><a href=\"https:\/\/news.google.com\/rss\/articles\/CBMigwFBVV95cUxQdFREX1BfUG1Mb19OTzdqRGM3ajZ2Z2FsX0V3YmVKbnN3RVNjaVBnY0RUcGNoNTN0dVRwQlZLcG9NczlVVUhlaVJ0a3hvX2dzWTF0ZEpfbFI5VFBaMWt0Nl9zYkZOeFlueVlueEt4cm9STVkzZmU0WjJkVGotNkNncW0tWQ?oc=5\" target=\"_blank\" rel=\"noopener\">Ronde de l\u2019Isard &#8211; Et. 4 : Classements<\/a>&nbsp;&nbsp;DirectVelo<\/li>\n<li><a href=\"https:\/\/news.google.com\/rss\/articles\/CBMiowFBVV95cUxQbEJlcnlBdEZ2dVU1WEFtZzZNTzdDQ1kwY2c5TTMzZVlWdWRwN2E4b0c3dHlnRjlzbEJzY2tqWmRqSG9EOTdyVmNLSlFCYWNpRzRpNTR2Z0VJaE5iRzZUalBnQWVmSXJ5X3ZpTTdaOVhaM2ozSUlGeENsNXZwdjRLTTBoVnpfWGNfbWRUejJYZDc0MUdJZEJTdXl0bTZmQVR4dm5B?oc=5\" target=\"_blank\" rel=\"noopener\">4e \u00e9tape. Esp\u00e9raza (Aude)- Pla de Soulcem (Ari\u00e8ge) 124,3 km<\/a>&nbsp;&nbsp;ladepeche.fr<\/li>\n<li><a href=\"https:\/\/news.google.com\/rss\/articles\/CBMi-AFBVV95cUxQZWRBemlycG1acDRZeXpkakFnMGxDNTVuNXh0bHQ5TTBLU3VVX040cFdoWEVMRTJpaW1LVzdrc09XWVVUQWd4LU9ZVnpFanVKcG1MX0JOQnZHR0JqZ2lwNk5MYS1JdThJMkFjaG5IRk1oTjJ1b1NiS1IyanhVSDY0QzBicGhCUmVuWTZJZUlFV21ZVEJYR0s3YVJpUTV6cGNPWWczNXQ5NkMxdm5UQkpHSkVuOFRwdGFpazNiR0FjeWJTc3hVbTU5YUFTcUE1MXF4ZE5UbUVvbWVHTmdiUUt6Q3lhTTBFQm4zM0otYmVBaERtZXRzR05RTA?oc=5\" target=\"_blank\" rel=\"noopener\">Cyclisme &#8211; Ronde de l&rsquo;Isard 2025 &#8211; R\u00e9sum\u00e9 de l&rsquo;\u00e9tape 3 &#8211; Jarno Widar le nouveau boss du peloton ?<\/a>&nbsp;&nbsp;Orange Actualit\u00e9s | Sports<\/li>\n<li><a href=\"https:\/\/news.google.com\/rss\/articles\/CBMixwFBVV95cUxPUlZtemRpbVgtbThpZGVNWnV5NHh2NGxHWG1VVWdvb3BRU01kSTlpSE9oeXhCV183djE3Mks2ajNnZU05MzdhUGpkcmx4OHlrQ0tjcHotX2o2ZHZQSE9oWDhxV2dBUEpsSkhidGFIeXpiYVlvdGxNUmRnU2xTd1hYa0wySGk3N0tzOUxaLTluX24wODBtYmMxVmhwRGhvYVgxa1F0T2hzNEVkQUZ0SjhJVnBpQ0lzUkhhdjhoOEpYSG5Fa0lIQzNN0gHHAUFVX3lxTE5ZZ1lBZG43VFgzQUJ4S3JwWDZVOV82VEJjSjJpaFVVUUxhR0NKbDQ4N2lDeGc1amlOOV9CdlNVamZ3ZEZDaFVHUjJ0anVhZU92WjAtd1hqNUVHZWZpc1FpUzg0VTlQdFUxejE1LU9oRXllaW5oaEhCSUdFMGQtbUptU2ZFZC10TXVEdnVqVmY3V0txMTlNNzY0RXI4YU1mMW5RY0V0cE03aUZBRS1YSzZRdmlaYW1ZQ21wMVBtWVE0cVM4WXdHeDQ?oc=5\" target=\"_blank\" rel=\"noopener\">Ronde de l&rsquo;Isard: Ludovico Maria Mellano le plus rapide au sprint sur la 3e \u00e9tape<\/a>&nbsp;&nbsp;Cyclism&rsquo;Actu<\/li>\n<li><a href=\"https:\/\/news.google.com\/rss\/articles\/CBMikAFBVV95cUxPakw3eXA3VFZaNDFnckpQRExLenQ5dkNiajVHcWVlWk9RSFZTZWtRdWFENmQ0bDZCV0NBcUxIa2N6TVh1MElzTG52eTlnMTQxZUV3c0JqanVLRnM1WGtVSnpuU3pSQmlHSEZtQnFKbXFQRVYwb1M4Qm1WeVYtRVhwaGFxWVZWcFlnQzhqSGUxZ28?oc=5\" target=\"_blank\" rel=\"noopener\">Cyclisme. Ronde de l\u2019Isard : peu de changement au g\u00e9n\u00e9ral<\/a>&nbsp;&nbsp;Le Progr\u00e8s<\/li>\n<\/ol>\n","protected":false},"excerpt":{"rendered":"Ronde de l\u2019Isard &#8211; Et. 4 : Classements&nbsp;&nbsp;DirectVelo 4e \u00e9tape. Esp\u00e9raza (Aude)- Pla de Soulcem (Ari\u00e8ge) 124,3 km&nbsp;&nbsp;ladepeche.fr&hellip;\n","protected":false},"author":2,"featured_media":126157,"comment_status":"","ping_status":"","sticky":false,"template":"","format":"standard","meta":{"footnotes":""},"categories":[1411],"tags":[834,828,836,829,837,827,83,826,824,823,1154,207,814,817,815,816,822,821,832,211,839,1011,27,820,818,819,835,831,830,833,838,60,212,208,825],"class_list":{"0":"post-126156","1":"post","2":"type-post","3":"status-publish","4":"format-standard","5":"has-post-thumbnail","7":"category-cyclisme","8":"tag-attaque","9":"tag-belgique","10":"tag-braquet","11":"tag-bretagne","12":"tag-chute","13":"tag-competition","14":"tag-coupe-de-france","15":"tag-coureur","16":"tag-course-cyclisme","17":"tag-course-cycliste","18":"tag-cycling","19":"tag-cyclisme","20":"tag-direct","21":"tag-direct-velo","22":"tag-directvelo","23":"tag-directvelo-com","24":"tag-epreuve","25":"tag-epreuve-cycliste","26":"tag-federation-francaise-de-cyclisme","27":"tag-ffc","28":"tag-flandres","29":"tag-fr","30":"tag-france","31":"tag-live","32":"tag-live-course","33":"tag-live-epreuve","34":"tag-peloton","35":"tag-radio-peloton","36":"tag-radio-tour","37":"tag-ravitaillement","38":"tag-relance","39":"tag-sports","40":"tag-uci","41":"tag-velo","42":"tag-velos"},"share_on_mastodon":{"url":"https:\/\/pubeurope.com\/@fr\/114566655114337704","error":""},"_links":{"self":[{"href":"https:\/\/www.europesays.com\/fr\/wp-json\/wp\/v2\/posts\/126156","targetHints":{"allow":["GET"]}}],"collection":[{"href":"https:\/\/www.europesays.com\/fr\/wp-json\/wp\/v2\/posts"}],"about":[{"href":"https:\/\/www.europesays.com\/fr\/wp-json\/wp\/v2\/types\/post"}],"author":[{"embeddable":true,"href":"https:\/\/www.europesays.com\/fr\/wp-json\/wp\/v2\/users\/2"}],"replies":[{"embeddable":true,"href":"https:\/\/www.europesays.com\/fr\/wp-json\/wp\/v2\/comments?post=126156"}],"version-history":[{"count":0,"href":"https:\/\/www.europesays.com\/fr\/wp-json\/wp\/v2\/posts\/126156\/revisions"}],"wp:featuredmedia":[{"embeddable":true,"href":"https:\/\/www.europesays.com\/fr\/wp-json\/wp\/v2\/media\/126157"}],"wp:attachment":[{"href":"https:\/\/www.europesays.com\/fr\/wp-json\/wp\/v2\/media?parent=126156"}],"wp:term":[{"taxonomy":"category","embeddable":true,"href":"https:\/\/www.europesays.com\/fr\/wp-json\/wp\/v2\/categories?post=126156"},{"taxonomy":"post_tag","embeddable":true,"href":"https:\/\/www.europesays.com\/fr\/wp-json\/wp\/v2\/tags?post=126156"}],"curies":[{"name":"wp","href":"https:\/\/api.w.org\/{rel}","templated":true}]}}