{"id":126158,"date":"2025-05-25T04:46:09","date_gmt":"2025-05-25T04:46:09","guid":{"rendered":"https:\/\/www.europesays.com\/fr\/126158\/"},"modified":"2025-05-25T04:46:09","modified_gmt":"2025-05-25T04:46:09","slug":"la-fierte-de-willian-pacho-apres-la-victoire-en-cdf","status":"publish","type":"post","link":"https:\/\/www.europesays.com\/fr\/126158\/","title":{"rendered":"La fiert\u00e9 de Willian Pacho apr\u00e8s la victoire en CdF"},"content":{"rendered":"<p><img width=\"700\" height=\"350\" src=\"https:\/\/www.europesays.com\/fr\/wp-content\/uploads\/2025\/05\/Willian-Pacho.jpg\" class=\"attachment-jannah-image-post size-jannah-image-post wp-post-image\" alt=\"Willian Pacho\" is_main_img=\"1\" decoding=\"async\" fetchpriority=\"high\"  \/><br \/>\n Image :<br \/>\nPSG.fr<\/p>\n<p>Vainqueur de la Coupe de France, le PSG a r\u00e9alis\u00e9 un<br \/>\ntroisi\u00e8me tripl\u00e9 national d\u2019affil\u00e9e. De quoi rendre fier le<br \/>\nd\u00e9fenseur parisien, Willian Pacho.<\/p>\n<p>Le <strong>PSG<\/strong> a parfaitement fait le job face au<br \/>\n<strong>Stade de Reims<\/strong> ce samedi soir. Oppos\u00e9 aux<br \/>\nChampenois, les joueurs de <strong><a href=\"https:\/\/canal-supporters.com\/luis-enrique-on-a-prepare-la-finale-du-31-mai-de-la-meilleure-maniere\/\" title=\"\" target=\"_blank\" rel=\"noopener\">Luis Enrique<\/a><\/strong> n\u2019ont laiss\u00e9 aucune chance \u00e0<br \/>\nleurs adversaires avec une victoire facile (3-0). Un succ\u00e8s qui<br \/>\npermet aux Rouge &amp; Bleu de tout rafler en <strong>France<\/strong>,<br \/>\navec un deuxi\u00e8me tripl\u00e9 national d\u2019affil\u00e9e. Arriv\u00e9 l\u2019\u00e9t\u00e9 dernier,<br \/>\n<strong>Willian Pacho<\/strong> vit un r\u00eave \u00e9veill\u00e9 depuis sa<br \/>\nsignature \u00e0 <strong>Paris<\/strong>, comme il l\u2019a expliqu\u00e9 en zone<br \/>\nmixte, dans des propos rapport\u00e9s par <strong><a href=\"https:\/\/www.lequipe.fr\/Football\/Actualites\/Willian-pacho-apres-la-victoire-du-psg-en-coupe-de-france-on-a-envie-de-profiter\/1564704\" target=\"_blank\" rel=\"noopener\" title=\"\">L\u2019Equipe<\/a><\/strong>.<\/p>\n<p>\u00ab\u00a0Je suis tr\u00e8s content, tr\u00e8s heureux. D\u00e8s ma premi\u00e8re<br \/>\nsaison ici, j\u2019ai d\u00e9j\u00e0 remport\u00e9 deux troph\u00e9es importants, avec le<br \/>\n<strong>Championnat<\/strong> et la <strong><a href=\"https:\/\/canal-supporters.com\/en-demonstration-face-a-reims-le-psg-remporte-la-16e-coupe-de-france-de-son-histoire\/\" title=\"\" target=\"_blank\" rel=\"noopener\">Coupe de France<\/a><\/strong>. Ce soir\u00a0(samedi), on a<br \/>\nenvie de profiter au maximum, et je veux aussi profiter avec ma<br \/>\nfamille, qui est avec moi et qui est tr\u00e8s heureuse. On a tous fait<br \/>\ndu tr\u00e8s bon travail\u00a0\u00bb, a d\u00e9clar\u00e9 l\u2019international<br \/>\n\u00e9quatorien avant de se projeter sur la prochaine rencontre<br \/>\ncapitale. \u00ab\u00a0Maintenant, il faut se reposer et se pr\u00e9parer<br \/>\ntranquillement dans les jours qui viennent, jusqu\u2019\u00e0 l\u2019\u00e9ch\u00e9ance que<br \/>\nl\u2019on attend tous. Ce soir, je ressens beaucoup de bonheur, et je me<br \/>\nsouviens des moments difficiles par lesquels je suis pass\u00e9. Quand<br \/>\ntu vis des choses comme \u00e7a, voir o\u00f9 j\u2019en suis arriv\u00e9 aujourd\u2019hui,<br \/>\nrepr\u00e9senter <strong>l\u2019\u00c9quateur<\/strong> comme je le fais, c\u2019est une<br \/>\ngrande fiert\u00e9. J\u2019ai envie de saluer tous les gens qui m\u2019ont<br \/>\nsoutenu, qui ont toujours \u00e9t\u00e9 l\u00e0 pour moi. Je les embrasse<br \/>\ntous\u00a0!\u00a0\u00bb<\/p>\n<\/p>\n<p>Youtube : <a href=\"https:\/\/www.youtube.com\/@CanalSupportersParis\" target=\"_blank\" rel=\"noopener\" title=\"\"><strong>Canal Supporters<br \/>\nParis<\/strong><\/a><\/p>\n","protected":false},"excerpt":{"rendered":"Image : PSG.fr Vainqueur de la Coupe de France, le PSG a r\u00e9alis\u00e9 un troisi\u00e8me tripl\u00e9 national d\u2019affil\u00e9e.&hellip;\n","protected":false},"author":2,"featured_media":126159,"comment_status":"","ping_status":"","sticky":false,"template":"","format":"standard","meta":{"footnotes":""},"categories":[1410],"tags":[81,83,787,24970,24898,63,1011,27,24971,91,92,93,22630,60,96,13197],"class_list":{"0":"post-126158","1":"post","2":"type-post","3":"status-publish","4":"format-standard","5":"has-post-thumbnail","7":"category-football","8":"tag-canal-supporters","9":"tag-coupe-de-france","10":"tag-cs","11":"tag-defenseur-psg","12":"tag-finale-cdf","13":"tag-football","14":"tag-fr","15":"tag-france","16":"tag-pacho-psg","17":"tag-paris-saint-germain","18":"tag-paris-sg","19":"tag-psg","20":"tag-psg-reims","21":"tag-sports","22":"tag-une","23":"tag-willian-pacho"},"share_on_mastodon":{"url":"https:\/\/pubeurope.com\/@fr\/114566659138473026","error":""},"_links":{"self":[{"href":"https:\/\/www.europesays.com\/fr\/wp-json\/wp\/v2\/posts\/126158","targetHints":{"allow":["GET"]}}],"collection":[{"href":"https:\/\/www.europesays.com\/fr\/wp-json\/wp\/v2\/posts"}],"about":[{"href":"https:\/\/www.europesays.com\/fr\/wp-json\/wp\/v2\/types\/post"}],"author":[{"embeddable":true,"href":"https:\/\/www.europesays.com\/fr\/wp-json\/wp\/v2\/users\/2"}],"replies":[{"embeddable":true,"href":"https:\/\/www.europesays.com\/fr\/wp-json\/wp\/v2\/comments?post=126158"}],"version-history":[{"count":0,"href":"https:\/\/www.europesays.com\/fr\/wp-json\/wp\/v2\/posts\/126158\/revisions"}],"wp:featuredmedia":[{"embeddable":true,"href":"https:\/\/www.europesays.com\/fr\/wp-json\/wp\/v2\/media\/126159"}],"wp:attachment":[{"href":"https:\/\/www.europesays.com\/fr\/wp-json\/wp\/v2\/media?parent=126158"}],"wp:term":[{"taxonomy":"category","embeddable":true,"href":"https:\/\/www.europesays.com\/fr\/wp-json\/wp\/v2\/categories?post=126158"},{"taxonomy":"post_tag","embeddable":true,"href":"https:\/\/www.europesays.com\/fr\/wp-json\/wp\/v2\/tags?post=126158"}],"curies":[{"name":"wp","href":"https:\/\/api.w.org\/{rel}","templated":true}]}}