{"id":126160,"date":"2025-05-25T04:47:09","date_gmt":"2025-05-25T04:47:09","guid":{"rendered":"https:\/\/www.europesays.com\/fr\/126160\/"},"modified":"2025-05-25T04:47:09","modified_gmt":"2025-05-25T04:47:09","slug":"cannes-2025-petite-mine-et-balbutiant-claude-lelouch-apparait-affaibli-en-pleine-ceremonie-de-cloture","status":"publish","type":"post","link":"https:\/\/www.europesays.com\/fr\/126160\/","title":{"rendered":"Cannes 2025 : petite mine et balbutiant\u2026 Claude Lelouch appara\u00eet affaibli en pleine c\u00e9r\u00e9monie de cl\u00f4ture"},"content":{"rendered":"<p>La 78e \u00e9dition du Festival de Cannes s\u2019est conclue en<br \/>\n<strong>\u00e9motion<\/strong> ce samedi 24 mai. Lors de la<br \/>\n<strong>c\u00e9r\u00e9monie de cl\u00f4ture<\/strong>, il y avait <a href=\"https:\/\/www.closermag.fr\/people\/claude-lelouch-bouleverse-une-archive-de-sa-mere-ravive-son-emotion-a-cannes-3548382\" rel=\"nofollow noopener\" target=\"_blank\"><br \/>\nClaude Lelouch<\/a>. Invit\u00e9 d\u2019honneur, le r\u00e9alisateur est apparu<br \/>\n<strong>tr\u00e8s diminu\u00e9,<\/strong> suscitant<br \/>\n<strong>l\u2019inqui\u00e9tude<\/strong> du public et des t\u00e9l\u00e9spectateurs.<br \/>\n<strong>Petite mine, voix h\u00e9sitante et discours entrecoup\u00e9<\/strong><br \/>\nde silences : l\u2019\u00e9motion \u00e9tait palpable.<\/p>\n<p>\u00c0 87 ans, le cin\u00e9aste a pourtant tenu \u00e0 <strong>monter les<br \/>\nmarches.<\/strong> L&rsquo;affiche officielle du Festival rendait hommage<br \/>\n\u00e0 Un homme et une femme, son film culte, Palme d\u2019or en<br \/>\n1966. Ce retour sur la Croisette, <strong>presque 60 ans apr\u00e8s son<br \/>\nsacre,<\/strong> a boulevers\u00e9 l\u2019auditoire. <a href=\"https:\/\/www.closermag.fr\/people\/cannes-2025-ose-une-vanne-sur-woody-allen-laurent-lafitte-sen-mord-encore-les-doigts-3543555\" rel=\"nofollow noopener\" target=\"_blank\"><br \/>\nLaurent Lafitte<\/a> l\u2019a introduit avec admiration. \u201c<strong>Il<br \/>\na tellement touch\u00e9 les c\u0153urs que chaque Fran\u00e7ais peut se demander :<br \/>\nc\u2019est quoi ton Lelouch pr\u00e9f\u00e9r\u00e9 ?<\/strong>\u2019\u2019<\/p>\n<p>Un discours fragile mais poignant de Claude Lelouch<\/p>\n<p>Lorsqu\u2019il prend la parole, Claude Lelouch vacille.<br \/>\n\u201c<strong>Tout est relatif, encore que<\/strong>.\u2019\u2019<br \/>\ncommence-t-il lentement. Puis, avec <strong>difficult\u00e9 mais<br \/>\nsinc\u00e9rit\u00e9,<\/strong> il partage des mots \u00e9mouvants. \u201cJe pense<br \/>\nque <strong>les metteurs en sc\u00e8ne, nous sommes plus des metteurs en<br \/>\nvie que des metteurs en sc\u00e8ne.\u2019<\/strong>\u2019 dit-il, tr\u00e8s<br \/>\nphilosophe.. Malgr\u00e9 les signes de <strong>fatigue<\/strong>, ses<br \/>\nmots touchent juste. \u201c<strong>On ne dirige pas de grands<br \/>\ncom\u00e9diens, on les dose.<\/strong> Et quand on les dose, on arrive \u00e0<br \/>\ntrouver le <strong>juste milieu qui permet de filmer des parfums de<br \/>\nv\u00e9rit\u00e9<\/strong>.\u2019\u2019 poursuit-il.<\/p>\n<p>Ce moment <strong>suspendu<\/strong> rappelle que l\u2019histoire du<br \/>\nFestival est indissociable de celle du cin\u00e9aste. En 1966, d\u00e9j\u00e0,<br \/>\nUn homme et une femme avait connu une <strong>projection<br \/>\nchaotique, interrompue par une panne d\u2019\u00e9lectricit\u00e9.<\/strong> Cette<br \/>\nm\u00eame panne, hasard ou clin d\u2019\u0153il du destin, a frapp\u00e9 \u00e0<br \/>\n<strong>nouveau<\/strong> l\u2019ouest Cannes durant cette \u00e9dition<br \/>\n2025.<\/p>\n<p>Un dernier hommage tout en \u00e9motion du<br \/>\ncin\u00e9aste<\/p>\n<p>Le vendredi 23 mai, Claude Lelouch \u00e9tait d\u00e9j\u00e0 apparu sur C \u00e0<br \/>\nvous, en direct de Cannes. Replongeant dans les<br \/>\n<strong>souvenirs<\/strong> de sa premi\u00e8re Palme d\u2019or, il \u00e9voque<br \/>\navec <strong>pudeur<\/strong> l\u2019absence de son p\u00e8re ce soir-l\u00e0.<br \/>\n\u201c<strong>J&rsquo;avais 26 ans. Je regrette qu\u2019il n\u2019ait pas \u00e9t\u00e9<br \/>\nl\u00e0<\/strong>.\u2019\u2019 souffle-t-il, les yeux humides. <a href=\"https:\/\/www.closermag.fr\/people\/c-a-vous-je-ne-couche-pas-avec-adil-rami-seme-la-pagaille-anne-elisabeth-lemoine-en-perd-ses-mots-3548235\" rel=\"nofollow noopener\" target=\"_blank\"><br \/>\nAnne-Elisabeth Lemoine<\/a>, touch\u00e9e, se rem\u00e9more.<\/p>\n<p>\u201cLe film \u00e9tait <strong>sublime<\/strong>, cette Palme d\u2019or\u2026<br \/>\n<strong>une projection mouvement\u00e9e, un moment de flottement, puis<br \/>\nune standing ovation<\/strong>.\u2019\u2019 Claude Lelouch a encore<br \/>\n<strong>boulevers\u00e9<\/strong> les festivaliers \u00e0 Cannes. Peut-\u00eatre<br \/>\n<strong>sa derni\u00e8re mont\u00e9e des marches.<\/strong> Mais assur\u00e9ment<br \/>\nl\u2019une des plus \u00e9mouvantes.<\/p>\n","protected":false},"excerpt":{"rendered":"La 78e \u00e9dition du Festival de Cannes s\u2019est conclue en \u00e9motion ce samedi 24 mai. Lors de la&hellip;\n","protected":false},"author":2,"featured_media":126161,"comment_status":"","ping_status":"","sticky":false,"template":"","format":"standard","meta":{"footnotes":""},"categories":[1359],"tags":[548,23972,6943,58,59,5634,1011,27,973],"class_list":{"0":"post-126160","1":"post","2":"type-post","3":"status-publish","4":"format-standard","5":"has-post-thumbnail","7":"category-people","8":"tag-article-simple","9":"tag-cannes-2025","10":"tag-claude-lelouch","11":"tag-divertissement","12":"tag-entertainment","13":"tag-festival-de-cannes","14":"tag-fr","15":"tag-france","16":"tag-people"},"share_on_mastodon":{"url":"https:\/\/pubeurope.com\/@fr\/114566662881436459","error":""},"_links":{"self":[{"href":"https:\/\/www.europesays.com\/fr\/wp-json\/wp\/v2\/posts\/126160","targetHints":{"allow":["GET"]}}],"collection":[{"href":"https:\/\/www.europesays.com\/fr\/wp-json\/wp\/v2\/posts"}],"about":[{"href":"https:\/\/www.europesays.com\/fr\/wp-json\/wp\/v2\/types\/post"}],"author":[{"embeddable":true,"href":"https:\/\/www.europesays.com\/fr\/wp-json\/wp\/v2\/users\/2"}],"replies":[{"embeddable":true,"href":"https:\/\/www.europesays.com\/fr\/wp-json\/wp\/v2\/comments?post=126160"}],"version-history":[{"count":0,"href":"https:\/\/www.europesays.com\/fr\/wp-json\/wp\/v2\/posts\/126160\/revisions"}],"wp:featuredmedia":[{"embeddable":true,"href":"https:\/\/www.europesays.com\/fr\/wp-json\/wp\/v2\/media\/126161"}],"wp:attachment":[{"href":"https:\/\/www.europesays.com\/fr\/wp-json\/wp\/v2\/media?parent=126160"}],"wp:term":[{"taxonomy":"category","embeddable":true,"href":"https:\/\/www.europesays.com\/fr\/wp-json\/wp\/v2\/categories?post=126160"},{"taxonomy":"post_tag","embeddable":true,"href":"https:\/\/www.europesays.com\/fr\/wp-json\/wp\/v2\/tags?post=126160"}],"curies":[{"name":"wp","href":"https:\/\/api.w.org\/{rel}","templated":true}]}}