{"id":126164,"date":"2025-05-25T04:50:08","date_gmt":"2025-05-25T04:50:08","guid":{"rendered":"https:\/\/www.europesays.com\/fr\/126164\/"},"modified":"2025-05-25T04:50:08","modified_gmt":"2025-05-25T04:50:08","slug":"tout-beau-tout-n9uf-w9-devoile-le-logo-du-futur-talk-de-cyril-hanouna","status":"publish","type":"post","link":"https:\/\/www.europesays.com\/fr\/126164\/","title":{"rendered":"Tout beau Tout N9uf : W9 d\u00e9voile le logo du futur talk de Cyril Hanouna"},"content":{"rendered":"<p>C\u2019est officiel : Cyril Hanouna revient sur nos \u00e9crans \u00e0 la rentr\u00e9e, et il n\u2019arrive pas les mains vides. Ce samedi 24 mai, W9 a enfin d\u00e9voil\u00e9 <strong>le logo et le titre de son tout nouveau talk-show,<\/strong> attendu pour la rentr\u00e9e 2025. Et comme souvent avec \u00ab\u202fBaba\u202f\u00bb, le buzz est imm\u00e9diat. Le programme s\u2019intitulera donc Tout beau tout n9uf, un clin d\u2019\u0153il malin au canal 9 de la TNT\u2026 et une promesse de renouveau <strong>apr\u00e8s une p\u00e9riode mouvement\u00e9e.<\/strong><\/p>\n<p>Petit rappel des faits : en f\u00e9vrier dernier, l\u2019Arcom, le r\u00e9gulateur de l\u2019audiovisuel, a mis fin \u00e0 l\u2019autorisation de diffusion de la cha\u00eene C8, invoquant de nombreuses entorses \u00e0 la r\u00e9glementation. R\u00e9sultat : clap de fin pour TPMP ! et <strong>un gros coup dur pour Cyril Hanouna.<\/strong><\/p>\n<p>Nouveau logo, nouvelle cha\u00eene\u2026\u00a0le compte \u00e0 rebours est lanc\u00e9 pour l\u2019\u00e9mission de Cyril Hanouna sur W9<\/p>\n<p>Lors de la derni\u00e8re de TPMP, il avait annonc\u00e9 <strong>son transfert dans le groupe M6,<\/strong> via W9 et Fun Radio. Le 27 f\u00e9vrier, le groupe M6 se f\u00e9licitait dans un communiqu\u00e9 : \u00ab\u202fLe groupe M6 se r\u00e9jouit d\u2019annoncer l\u2019arriv\u00e9e de Cyril Hanouna en septembre prochain pour <strong>deux \u00e9missions quotidiennes de divertissement : <\/strong>un talk-show sur W9 en avant-soir\u00e9e, une nouvelle \u00e9mission sur Fun Radio l\u2019apr\u00e8s-midi.\u202f\u00bb. \u00c0 premi\u00e8re vue, le visuel rappelle celui de Touche pas \u00e0 mon poste !, l\u2019\u00e9mission culte de C8 qui a fait les beaux jours de l\u2019animateur <strong>pendant plus de dix ans. <\/strong>Un clin d\u2019\u0153il assum\u00e9 ? Assur\u00e9ment.<\/p>\n<p>Mais il s\u2019agit bien d\u2019un nouveau d\u00e9part. Sur le r\u00e9seau X (ex-Twitter), W9 a publi\u00e9 fi\u00e8rement le logo accompagn\u00e9 du message :<strong> \u00ab J-100 \u00bb.<\/strong> De quoi laisser entendre que le talk d\u00e9barquera le lundi 1er septembre, pile pour la rentr\u00e9e. Une p\u00e9riode strat\u00e9gique, avec <strong>une diffusion en access prime-time (entre 19h et 21h)<\/strong> dans les cartons. Cyril Hanouna a partag\u00e9 la nouvelle avec enthousiasme : \u00ab\u202f#TBT9 \u00e0 tr\u00e8s vite, mes beaut\u00e9s !\u202f\u00bb, peut-on lire sur son compte.<\/p>\n<p>Changement de ton \u00e0 pr\u00e9voir ?<\/p>\n<p>Reste \u00e0 savoir si l\u2019animateur embl\u00e9matique va s\u2019assagir. <a href=\"https:\/\/www.public.fr\/cyril-hanouna-les-ennuis-recommencent-avec-larcom\" target=\"_blank\" rel=\"noopener\">R\u00e9guli\u00e8rement \u00e9pingl\u00e9 par l\u2019Arcom pour ses d\u00e9rapages,<\/a> Cyril Hanouna avait peu \u00e0 peu politis\u00e9 ses interventions. Une tendance qui ne plaisait pas toujours, y compris en interne. Le groupe M6 <strong>l\u2019a d\u2019ailleurs rappel\u00e9 \u00e0 l\u2019ordre :<\/strong> les nouveaux formats devront se concentrer sur le divertissement. Finis les d\u00e9bats enflamm\u00e9s sur l\u2019actualit\u00e9 ? Ce n\u2019est pas encore tr\u00e8s clair.<\/p>\n<p>Et il y a peu, l\u2019animateur a fait parler de lui : lors d\u2019un d\u00e9bat sur l\u2019antis\u00e9mitisme sur Europe 1, Cyril Hanouna avait <strong>donn\u00e9 la parole \u00e0 un \u00ab auditeur \u00bb virulent\u2026 <\/strong>qui s\u2019est av\u00e9r\u00e9 \u00eatre un ancien d\u00e9put\u00e9 europ\u00e9en d\u2019extr\u00eame droite, St\u00e9phane Buffetaud. Une mise en sc\u00e8ne d\u00e9nonc\u00e9e par Jean-Michel Aphatie et point\u00e9e du doigt par l\u2019Arcom pour \u00ab manquement aux exigences d\u2019honn\u00eatet\u00e9 \u00bb.<\/p>\n<p>W9 tease le grand retour de Baba : \u00ab Tout beau tout n9uf \u00bb arrive le 1er septembre<\/p>\n<p>Mais alors qui seront les nouveaux chroniqueurs dans Tout beau Tout N9euf ? Si le concept reste celui d\u2019un talk-show, on ne conna\u00eet pas encore les noms de ceux <strong>qui \u00e9pauleront Baba dans cette nouvelle aventure. <\/strong>Certains visages historiques de TPMP feront-ils leur retour ? Ou W9 misera-t-elle sur une toute nouvelle \u00e9quipe, <a href=\"https:\/\/www.public.fr\/tout-beau-tout-9-pas-de-fake-news-ou-de-discours-politise-ces-regles-strictes-imposees-par-m6-a-cyril-hanouna\" target=\"_blank\" rel=\"noopener\">plus en phase avec la ligne \u00e9ditoriale du groupe M6 ?<\/a> L\u2019animateur a souffl\u00e9, dans un demi-sourire, <strong>qu\u2019il r\u00e9servait \u00ab quelques surprises \u00bb.<\/strong> Le suspense reste entier.<\/p>\n<p>Autre question en suspens : le programme sera-t-il diffus\u00e9 en Belgique ? RTL, partenaire r\u00e9gulier de M6, pourrait relayer Tout beau tout n9uf dans sa grille, et Fun Radio <strong>dispose \u00e9galement d\u2019une antenne belge. <\/strong>Pour les fans francophones hors de l\u2019Hexagone, c\u2019est un d\u00e9tail qui compte. Quoi qu\u2019on en pense, une chose est s\u00fbre : Cyril Hanouna est loin d\u2019avoir dit son dernier mot. <strong>\u00ab\u202fOn va repartir de z\u00e9ro, <\/strong>mais avec de la bouteille\u202f\u00bb, glissait-il r\u00e9cemment sur Europe 1.<\/p>\n<p>      Mentionn\u00e9s dans cet article<\/p>\n<p>\u00c0 lire aussi<\/p>\n","protected":false},"excerpt":{"rendered":"C\u2019est officiel : Cyril Hanouna revient sur nos \u00e9crans \u00e0 la rentr\u00e9e, et il n\u2019arrive pas les mains&hellip;\n","protected":false},"author":2,"featured_media":126165,"comment_status":"","ping_status":"","sticky":false,"template":"","format":"standard","meta":{"footnotes":""},"categories":[1356],"tags":[1083,58,59,1011,27,252,22498,22497,1364,2395],"class_list":{"0":"post-126164","1":"post","2":"type-post","3":"status-publish","4":"format-standard","5":"has-post-thumbnail","7":"category-television","8":"tag-cyril-hanouna","9":"tag-divertissement","10":"tag-entertainment","11":"tag-fr","12":"tag-france","13":"tag-television","14":"tag-tout-9-tbt9","15":"tag-tout-beau","16":"tag-tv","17":"tag-w9"},"share_on_mastodon":{"url":"https:\/\/pubeurope.com\/@fr\/114566674774036246","error":""},"_links":{"self":[{"href":"https:\/\/www.europesays.com\/fr\/wp-json\/wp\/v2\/posts\/126164","targetHints":{"allow":["GET"]}}],"collection":[{"href":"https:\/\/www.europesays.com\/fr\/wp-json\/wp\/v2\/posts"}],"about":[{"href":"https:\/\/www.europesays.com\/fr\/wp-json\/wp\/v2\/types\/post"}],"author":[{"embeddable":true,"href":"https:\/\/www.europesays.com\/fr\/wp-json\/wp\/v2\/users\/2"}],"replies":[{"embeddable":true,"href":"https:\/\/www.europesays.com\/fr\/wp-json\/wp\/v2\/comments?post=126164"}],"version-history":[{"count":0,"href":"https:\/\/www.europesays.com\/fr\/wp-json\/wp\/v2\/posts\/126164\/revisions"}],"wp:featuredmedia":[{"embeddable":true,"href":"https:\/\/www.europesays.com\/fr\/wp-json\/wp\/v2\/media\/126165"}],"wp:attachment":[{"href":"https:\/\/www.europesays.com\/fr\/wp-json\/wp\/v2\/media?parent=126164"}],"wp:term":[{"taxonomy":"category","embeddable":true,"href":"https:\/\/www.europesays.com\/fr\/wp-json\/wp\/v2\/categories?post=126164"},{"taxonomy":"post_tag","embeddable":true,"href":"https:\/\/www.europesays.com\/fr\/wp-json\/wp\/v2\/tags?post=126164"}],"curies":[{"name":"wp","href":"https:\/\/api.w.org\/{rel}","templated":true}]}}