{"id":126172,"date":"2025-05-25T04:55:09","date_gmt":"2025-05-25T04:55:09","guid":{"rendered":"https:\/\/www.europesays.com\/fr\/126172\/"},"modified":"2025-05-25T04:55:09","modified_gmt":"2025-05-25T04:55:09","slug":"obseques-dalain-delon-anthony-et-anouchka-sen-fichaient-ces-personnalites-evincees","status":"publish","type":"post","link":"https:\/\/www.europesays.com\/fr\/126172\/","title":{"rendered":"Obs\u00e8ques d\u2019Alain Delon : \u00ab\u00a0Anthony et Anouchka s\u2019en fichaient\u00a0\u00bb, ces personnalit\u00e9s \u00e9vinc\u00e9es"},"content":{"rendered":"<p>On le pensait entour\u00e9 jusqu\u2019au bout. Figure mythique du cin\u00e9ma<br \/>\nfran\u00e7ais, <a href=\"https:\/\/www.closermag.fr\/people\/heritage-dalain-delon-le-vrai-montant-du-partage-entre-anouchka-anthony-et-alain-fabien-devoile-3547689\" rel=\"nofollow noopener\" target=\"_blank\"><br \/>\nAlain Delon<\/a> s\u2019est \u00e9teint le 18 ao\u00fbt 2024 \u00e0 l\u2019\u00e2ge de 88 ans,<br \/>\nlaissant derri\u00e8re lui une l\u00e9gende\u2026 et une famille divis\u00e9e. Le 24<br \/>\nao\u00fbt, <strong>une c\u00e9r\u00e9monie discr\u00e8te s\u2019est tenue dans sa propri\u00e9t\u00e9<br \/>\nde Douchy<\/strong>, \u00e0 l\u2019abri des regards. Mais derri\u00e8re cette<br \/>\napparente s\u00e9r\u00e9nit\u00e9, des tensions profondes couvaient, a r\u00e9v\u00e9l\u00e9<br \/>\n<strong>Voici<\/strong>.<\/p>\n<p>\u00c0 premi\u00e8re vue, l\u2019hommage semblait sobre et respectueux, avec<br \/>\nune cinquantaine de personnes tri\u00e9es sur le volet. Une c\u00e9r\u00e9monie<br \/>\nfid\u00e8le \u00e0 l\u2019image de l\u2019acteur : pudique, presque farouche.<br \/>\n<strong>Pourtant, \u00e0 mesure que les langues se d\u00e9lient, une autre<br \/>\nr\u00e9alit\u00e9 commence \u00e0 se d\u00e9voiler<\/strong>. Et certains proches,<br \/>\nlaiss\u00e9s de c\u00f4t\u00e9, commencent \u00e0 faire entendre leur voix.<\/p>\n<p>Des absents qui d\u00e9rangent<\/p>\n<p>C\u2019est dans le livre Les derniers jours du samoura\u00ef,<br \/>\npubli\u00e9 le 22 mai 2025 par les journalistes Laurence Pieau et<br \/>\nFran\u00e7ois Vignolle, que les premi\u00e8res r\u00e9v\u00e9lations tombent.<br \/>\n<strong>On y d\u00e9couvre que des personnalit\u00e9s tr\u00e8s proches de<br \/>\nl\u2019acteur n\u2019ont pas \u00e9t\u00e9 convi\u00e9es \u00e0 lui faire leurs adieux<\/strong>.<br \/>\nAnne Parillaud, qui fut sa compagne, aurait tent\u00e9 \u00e0 plusieurs<br \/>\nreprises de contacter les enfants Delon. En vain. \u00ab\u00a0Anthony ne<br \/>\nlui aurait m\u00eame pas r\u00e9pondu\u00a0\u00bb, affirment les auteurs du<br \/>\nlivre.<\/p>\n<p>Autre \u00e9vinc\u00e9 de marque : <a href=\"https:\/\/www.closermag.fr\/people\/jen-ai-parle-avec-elle-marc-olivier-fogiel-se-confie-comme-jamais-sur-sa-petite-fille-et-son-ainee-3546591\" rel=\"nofollow noopener\" target=\"_blank\"><br \/>\nMarc-Olivier Fogiel<\/a>. Proche d\u2019Alain Delon, son nom aurait<br \/>\npourtant \u00e9t\u00e9 propos\u00e9 par Alain-Fabien, le benjamin de la famille.<br \/>\nMais Anthony et Anouchka auraient simplement ignor\u00e9 la suggestion.<br \/>\nUne attitude que beaucoup peinent \u00e0 comprendre, tant l\u2019animateur<br \/>\nfaisait partie de l&rsquo;entourage de l\u2019acteur. \u00ab\u00a0<strong>Ils s\u2019en<br \/>\nfichaient\u00a0\u00bb<\/strong>, lit-on noir sur blanc dans l\u2019ouvrage.<\/p>\n<p>Hiromi Rollin, l\u2019ombre d\u2019un adieu<br \/>\nmanqu\u00e9<\/p>\n<p>Mais celle dont l\u2019absence a le plus marqu\u00e9 reste <a href=\"https:\/\/www.closermag.fr\/people\/alain-delon-hiromi-rollin-sa-derniere-compagne-alain-fabien-met-un-point-final-au-debat-3546981\" rel=\"nofollow noopener\" target=\"_blank\"><br \/>\nHiromi Rollin<\/a>. Longtemps pr\u00e9sent\u00e9e comme la \u00ab\u00a0dame de compagnie\u00a0\u00bb<br \/>\nd\u2019Alain Delon, <strong>elle fut pourtant sa compagne pendant<br \/>\ndix-sept ans<\/strong>. Dans un entretien accord\u00e9 \u00e0 \u00c9lise Lucet,<br \/>\nelle avait confi\u00e9 son chagrin : \u00ab\u00a0Depuis que j\u2019ai \u00e9t\u00e9 \u00e9vinc\u00e9e,<br \/>\nje me suis accroch\u00e9e \u00e0 l\u2019espoir de le retrouver un jour. <strong>Il<br \/>\nn\u2019est plus l\u00e0 et je n\u2019ai pas pu lui dire au revoir<\/strong>\u00ab\u00a0.<br \/>\nUne phrase d\u00e9chirante, qui prend aujourd\u2019hui une r\u00e9sonance toute<br \/>\nparticuli\u00e8re.<\/p>\n<p>Dans une interview \u00e0 <strong>Paris Match<\/strong>,<br \/>\nAlain-Fabien Delon a finalement mis les choses au clair :<br \/>\n\u00ab\u00a0C\u2019\u00e9tait la compagne de mon p\u00e8re. Point.\u00a0\u00bb Une<br \/>\nreconnaissance tardive, mais lourde de sens. Car derri\u00e8re<br \/>\nl\u2019\u00e9viction, c\u2019est toute la complexit\u00e9 des relations familiales qui<br \/>\nse dessine. \u00ab\u00a0<strong>La laisser ou l\u2019expulser, c\u2019\u00e9tait<br \/>\npr\u00e9judiciable dans tous les cas<\/strong>\u00ab\u00a0, a-t-il par ailleurs<br \/>\najout\u00e9.<\/p>\n","protected":false},"excerpt":{"rendered":"On le pensait entour\u00e9 jusqu\u2019au bout. Figure mythique du cin\u00e9ma fran\u00e7ais, Alain Delon s\u2019est \u00e9teint le 18 ao\u00fbt&hellip;\n","protected":false},"author":2,"featured_media":126173,"comment_status":"","ping_status":"","sticky":false,"template":"","format":"standard","meta":{"footnotes":""},"categories":[8],"tags":[5960,548,58,59,1011,27],"class_list":{"0":"post-126172","1":"post","2":"type-post","3":"status-publish","4":"format-standard","5":"has-post-thumbnail","7":"category-divertissement","8":"tag-alain-delon","9":"tag-article-simple","10":"tag-divertissement","11":"tag-entertainment","12":"tag-fr","13":"tag-france"},"share_on_mastodon":{"url":"https:\/\/pubeurope.com\/@fr\/114566694512703003","error":""},"_links":{"self":[{"href":"https:\/\/www.europesays.com\/fr\/wp-json\/wp\/v2\/posts\/126172","targetHints":{"allow":["GET"]}}],"collection":[{"href":"https:\/\/www.europesays.com\/fr\/wp-json\/wp\/v2\/posts"}],"about":[{"href":"https:\/\/www.europesays.com\/fr\/wp-json\/wp\/v2\/types\/post"}],"author":[{"embeddable":true,"href":"https:\/\/www.europesays.com\/fr\/wp-json\/wp\/v2\/users\/2"}],"replies":[{"embeddable":true,"href":"https:\/\/www.europesays.com\/fr\/wp-json\/wp\/v2\/comments?post=126172"}],"version-history":[{"count":0,"href":"https:\/\/www.europesays.com\/fr\/wp-json\/wp\/v2\/posts\/126172\/revisions"}],"wp:featuredmedia":[{"embeddable":true,"href":"https:\/\/www.europesays.com\/fr\/wp-json\/wp\/v2\/media\/126173"}],"wp:attachment":[{"href":"https:\/\/www.europesays.com\/fr\/wp-json\/wp\/v2\/media?parent=126172"}],"wp:term":[{"taxonomy":"category","embeddable":true,"href":"https:\/\/www.europesays.com\/fr\/wp-json\/wp\/v2\/categories?post=126172"},{"taxonomy":"post_tag","embeddable":true,"href":"https:\/\/www.europesays.com\/fr\/wp-json\/wp\/v2\/tags?post=126172"}],"curies":[{"name":"wp","href":"https:\/\/api.w.org\/{rel}","templated":true}]}}