{"id":126178,"date":"2025-05-25T04:58:08","date_gmt":"2025-05-25T04:58:08","guid":{"rendered":"https:\/\/www.europesays.com\/fr\/126178\/"},"modified":"2025-05-25T04:58:08","modified_gmt":"2025-05-25T04:58:08","slug":"laccident-dun-bus-transportant-des-etudiants-fait-au-moins-10-morts","status":"publish","type":"post","link":"https:\/\/www.europesays.com\/fr\/126178\/","title":{"rendered":"L\u2019accident d\u2019un bus transportant des \u00e9tudiants fait au moins 10 morts"},"content":{"rendered":"<p>La <a href=\"https:\/\/www.20minutes.fr\/monde\/colombie\/\" target=\"_blank\" class=\"color-ultramarine c-link\" rel=\"noopener\">Colombie<\/a> est endeuill\u00e9e par un terrible <a href=\"https:\/\/www.20minutes.fr\/dossier\/accident_de_la_route\" target=\"_blank\" class=\"color-ultramarine c-link\" rel=\"noopener\">accident de la route<\/a>. Un bus qui transportait une vingtaine d\u2019\u00e9tudiants en sortie acad\u00e9mique a percut\u00e9 la barri\u00e8re d\u2019un pont samedi dans l\u2019ouest du pays, faisant au moins dix morts, a indiqu\u00e9 leur universit\u00e9.<\/p>\n<p>L\u2019accident s\u2019est produit au niveau du pont H\u00e9lico\u00efdal dans la r\u00e9gion de Quindio, a expliqu\u00e9 le commandant de police Luis Fernando Atuesta, ajoutant que 26 passagers se trouvaient \u00e0 bord.<\/p>\n<p>Le chauffeur \u00ab\u00a0a perdu le contr\u00f4le\u00a0\u00bb du bus<\/p>\n<p>Selon les premiers \u00e9l\u00e9ments d\u2019enqu\u00eate, le chauffeur \u00ab\u00a0a perdu le contr\u00f4le\u00a0\u00bb du v\u00e9hicule, qui a percut\u00e9 la barri\u00e8re du pont. \u00ab\u00a0Plusieurs passagers ont \u00e9t\u00e9 \u00e9ject\u00e9s et sont tomb\u00e9s dans le gouffre\u00a0\u00bb, a pr\u00e9cis\u00e9 le responsable.<\/p>\n<\/p>\n<p>\u00ab\u00a0Nous informons de la perte douloureuse de plusieurs de nos camarades, \u00e9tudiants, professeurs et personnels administratifs [\u2026] l\u2019\u00e9tablissement d\u00e9cr\u00e8te un deuil\u00a0\u00bb de deux jours, a d\u00e9clar\u00e9 l\u2019universit\u00e9 Humboldt, situ\u00e9e \u00e0 Armenia (ouest), publiant sur les r\u00e9seaux sociaux les visages des dix morts. Le bus transportait \u00ab\u00a022 \u00e9tudiants, deux enseignants et un fonctionnaire en charge de la communication\u00a0\u00bb, a d\u00e9taill\u00e9 dans une vid\u00e9o le directeur de l\u2019universit\u00e9, Diego Fernando Jaramillo Lopez. Ils \u00e9taient en sortie pour des travaux pratiques, d\u2019apr\u00e8s la police.<\/p>\n<p><a href=\"https:\/\/www.20minutes.fr\/monde\/colombie\/\" target=\"_blank\" class=\"c-link c-btn c-btn--primary\" rel=\"noopener\">Nos articles sur la Colombie<\/a><\/p>\n<p>Les accidents de la route sont fr\u00e9quents en Colombie. Le pays latino-am\u00e9ricain a d\u00e9plor\u00e9 en moyenne 22 d\u00e9c\u00e8s par jour sur ses routes en\u00a02024.<\/p>\n","protected":false},"excerpt":{"rendered":"La Colombie est endeuill\u00e9e par un terrible accident de la route. Un bus qui transportait une vingtaine d\u2019\u00e9tudiants&hellip;\n","protected":false},"author":2,"featured_media":126179,"comment_status":"","ping_status":"","sticky":false,"template":"","format":"standard","meta":{"footnotes":""},"categories":[5],"tags":[4376,47,11,9395,118,1011,27,14,74,12,133,28],"class_list":{"0":"post-126178","1":"post","2":"type-post","3":"status-publish","4":"format-standard","5":"has-post-thumbnail","7":"category-international","8":"tag-accident-de-la-route","9":"tag-actualite","10":"tag-actualites","11":"tag-colombie","12":"tag-faits-divers","13":"tag-fr","14":"tag-france","15":"tag-international","16":"tag-monde","17":"tag-news","18":"tag-video","19":"tag-world"},"share_on_mastodon":{"url":"https:\/\/pubeurope.com\/@fr\/114566706200301711","error":""},"_links":{"self":[{"href":"https:\/\/www.europesays.com\/fr\/wp-json\/wp\/v2\/posts\/126178","targetHints":{"allow":["GET"]}}],"collection":[{"href":"https:\/\/www.europesays.com\/fr\/wp-json\/wp\/v2\/posts"}],"about":[{"href":"https:\/\/www.europesays.com\/fr\/wp-json\/wp\/v2\/types\/post"}],"author":[{"embeddable":true,"href":"https:\/\/www.europesays.com\/fr\/wp-json\/wp\/v2\/users\/2"}],"replies":[{"embeddable":true,"href":"https:\/\/www.europesays.com\/fr\/wp-json\/wp\/v2\/comments?post=126178"}],"version-history":[{"count":0,"href":"https:\/\/www.europesays.com\/fr\/wp-json\/wp\/v2\/posts\/126178\/revisions"}],"wp:featuredmedia":[{"embeddable":true,"href":"https:\/\/www.europesays.com\/fr\/wp-json\/wp\/v2\/media\/126179"}],"wp:attachment":[{"href":"https:\/\/www.europesays.com\/fr\/wp-json\/wp\/v2\/media?parent=126178"}],"wp:term":[{"taxonomy":"category","embeddable":true,"href":"https:\/\/www.europesays.com\/fr\/wp-json\/wp\/v2\/categories?post=126178"},{"taxonomy":"post_tag","embeddable":true,"href":"https:\/\/www.europesays.com\/fr\/wp-json\/wp\/v2\/tags?post=126178"}],"curies":[{"name":"wp","href":"https:\/\/api.w.org\/{rel}","templated":true}]}}