{"id":126182,"date":"2025-05-25T05:00:08","date_gmt":"2025-05-25T05:00:08","guid":{"rendered":"https:\/\/www.europesays.com\/fr\/126182\/"},"modified":"2025-05-25T05:00:08","modified_gmt":"2025-05-25T05:00:08","slug":"trois-responsables-arretes-apres-un-echec-militaire-sous-les-yeux-de-kim-jong-un","status":"publish","type":"post","link":"https:\/\/www.europesays.com\/fr\/126182\/","title":{"rendered":"Trois responsables arr\u00eat\u00e9s apr\u00e8s un \u00e9chec militaire sous les yeux de Kim Jong-un"},"content":{"rendered":"<p>A la suite d\u2019un accident sur un destroyer cette semaine, les repr\u00e9sailles ont commenc\u00e9 en <a href=\"https:\/\/www.20minutes.fr\/monde\/coree_du_nord\/\" target=\"_blank\" class=\"color-ultramarine c-link\" rel=\"noopener\">Cor\u00e9e du Nord<\/a>. Trois responsables du chantier de ce nouveau navire de guerre ont \u00e9t\u00e9 arr\u00eat\u00e9s, a rapport\u00e9 ce dimanche l\u2019agence officielle KCNA.<\/p>\n<p>Pyongyang avait fait \u00e9tat d\u2019un \u00ab\u00a0grave accident\u00a0\u00bb lors de la c\u00e9r\u00e9monie de lancement du nouveau destroyer, lors de laquelle une partie du fond du navire avait \u00e9t\u00e9 broy\u00e9e. Le dirigeant du pays <a href=\"https:\/\/www.20minutes.fr\/monde\/kim_jong_un\/\" target=\"_blank\" class=\"color-ultramarine c-link\" rel=\"noopener\">Kim Jong-un<\/a>, qui assistait au lancement, avait d\u00e9nonc\u00e9 un \u00ab\u00a0acte criminel\u00a0\u00bb.<\/p>\n<p>Le navire serait toujours inclin\u00e9 dans l\u2019eau<\/p>\n<p>Les personnes d\u00e9tenues sont l\u2019ing\u00e9nieur en chef du chantier naval de Chongjin, le chef de l\u2019atelier de construction et un directeur administratif, tenus pour \u00ab\u00a0responsables de l\u2019incident\u00a0\u00bb, selon KCNA.<\/p>\n<\/p>\n<p>Selon les services de renseignement des Etats-Unis et de Cor\u00e9e du Sud, la \u00ab\u00a0tentative de lancement lat\u00e9ral\u00a0\u00bb du navire par la Cor\u00e9e du Nord a \u00e9chou\u00e9, et le navire est actuellement inclin\u00e9 dans l\u2019eau, a indiqu\u00e9 l\u2019arm\u00e9e sud-cor\u00e9enne. La Cor\u00e9e du Nord a entam\u00e9 une enqu\u00eate approfondie sur cet accident, avait indiqu\u00e9 KCNA vendredi.<\/p>\n","protected":false},"excerpt":{"rendered":"A la suite d\u2019un accident sur un destroyer cette semaine, les repr\u00e9sailles ont commenc\u00e9 en Cor\u00e9e du Nord.&hellip;\n","protected":false},"author":2,"featured_media":126183,"comment_status":"","ping_status":"","sticky":false,"template":"","format":"standard","meta":{"footnotes":""},"categories":[2],"tags":[47,11,1813,5160,13987,5640,73,1011,27,15404,74,12,133],"class_list":{"0":"post-126182","1":"post","2":"type-post","3":"status-publish","4":"format-standard","5":"has-post-thumbnail","7":"category-actualites","8":"tag-actualite","9":"tag-actualites","10":"tag-armee","11":"tag-bateau","12":"tag-coree-du-nord","13":"tag-coree-du-sud","14":"tag-etats-unis","15":"tag-fr","16":"tag-france","17":"tag-kim-jong-un","18":"tag-monde","19":"tag-news","20":"tag-video"},"share_on_mastodon":{"url":"https:\/\/pubeurope.com\/@fr\/114566714131310904","error":""},"_links":{"self":[{"href":"https:\/\/www.europesays.com\/fr\/wp-json\/wp\/v2\/posts\/126182","targetHints":{"allow":["GET"]}}],"collection":[{"href":"https:\/\/www.europesays.com\/fr\/wp-json\/wp\/v2\/posts"}],"about":[{"href":"https:\/\/www.europesays.com\/fr\/wp-json\/wp\/v2\/types\/post"}],"author":[{"embeddable":true,"href":"https:\/\/www.europesays.com\/fr\/wp-json\/wp\/v2\/users\/2"}],"replies":[{"embeddable":true,"href":"https:\/\/www.europesays.com\/fr\/wp-json\/wp\/v2\/comments?post=126182"}],"version-history":[{"count":0,"href":"https:\/\/www.europesays.com\/fr\/wp-json\/wp\/v2\/posts\/126182\/revisions"}],"wp:featuredmedia":[{"embeddable":true,"href":"https:\/\/www.europesays.com\/fr\/wp-json\/wp\/v2\/media\/126183"}],"wp:attachment":[{"href":"https:\/\/www.europesays.com\/fr\/wp-json\/wp\/v2\/media?parent=126182"}],"wp:term":[{"taxonomy":"category","embeddable":true,"href":"https:\/\/www.europesays.com\/fr\/wp-json\/wp\/v2\/categories?post=126182"},{"taxonomy":"post_tag","embeddable":true,"href":"https:\/\/www.europesays.com\/fr\/wp-json\/wp\/v2\/tags?post=126182"}],"curies":[{"name":"wp","href":"https:\/\/api.w.org\/{rel}","templated":true}]}}