{"id":126205,"date":"2025-05-25T05:17:08","date_gmt":"2025-05-25T05:17:08","guid":{"rendered":"https:\/\/www.europesays.com\/fr\/126205\/"},"modified":"2025-05-25T05:17:08","modified_gmt":"2025-05-25T05:17:08","slug":"la-mairie-de-strasbourg-contrainte-de-revoir-en-urgence-lamenagement-de-la-rue-melanie","status":"publish","type":"post","link":"https:\/\/www.europesays.com\/fr\/126205\/","title":{"rendered":"la mairie de Strasbourg contrainte de revoir en urgence l&rsquo;am\u00e9nagement de la rue M\u00e9lanie"},"content":{"rendered":"<p>            Par<br \/>\n        <strong><br \/>\n            <a href=\"https:\/\/actu.fr\/auteur\/ivan-capecchi\" title=\"Consulter tous les articles de Ivan CAPECCHI\" rel=\"nofollow noopener\" target=\"_blank\">Ivan CAPECCHI<\/a><br \/>\n        <\/strong><\/p>\n<p>        Publi\u00e9 le<\/p>\n<p>            25 mai 2025 \u00e0 7h02        <\/p>\n<p>Ce vendredi, la Ville de Strasbourg annonce dans un communiqu\u00e9 qu\u2019elle va revoir <a href=\"https:\/\/actu.fr\/grand-est\/strasbourg_67482\/video-a-strasbourg-l-amenagement-de-cette-rue-ulcere-les-habitants-comment-voulez-vous-que-ca-marche_62590150.html\" rel=\"nofollow noopener\" target=\"_blank\">l\u2019am\u00e9nagement de la rue M\u00e9lanie<\/a>, dans le <a href=\"https:\/\/actu.fr\/grand-est\/strasbourg_67482\/strasbourg-c-est-quoi-ces-mini-maisons-installees-dans-le-quartier-de-la-robertsau_62511855.html\" rel=\"nofollow noopener\" target=\"_blank\">quartier de la Robertsau<\/a>, apr\u00e8s plusieurs semaines de <strong>vives critiques et de lourds embouteillages<\/strong>.<\/p>\n<p class=\" wall-content\">Pr\u00e9vue du 10 au 27 juin, cette nouvelle phase de <a href=\"https:\/\/actu.fr\/tag\/travaux\" rel=\"nofollow noopener\" target=\"_blank\">travaux<\/a> vise \u00e0 <strong>r\u00e9tablir un double sens routier<\/strong> et \u00e0 <strong>fluidifier l\u2019acc\u00e8s au parc de Pourtal\u00e8s<\/strong>.<\/p>\n<p>Col\u00e8re des automobilistes et des riverains<\/p>\n<p class=\" wall-content\">Mise en service r\u00e9cemment, la <strong>piste cyclable \u00e0 double sens<\/strong> \u2014 dernier maillon de <strong>l\u2019EuroV\u00e9lo 5<\/strong> \u2014 a <strong>suscit\u00e9 la col\u00e8re des automobilistes et des riverains<\/strong>, confront\u00e9s \u00e0 une <strong>circulation altern\u00e9e mal adapt\u00e9e en p\u00e9riode de forte affluence<\/strong>.<\/p>\n<p class=\" wall-content\">Malgr\u00e9 une concertation locale, la mairie reconna\u00eet aujourd\u2019hui que l\u2019am\u00e9nagement ne permet pas un usage satisfaisant pour tous les modes de transport.<\/p>\n<p>Vid\u00e9os : en ce moment sur ActuLa maire de Strasbourg reconna\u00eet un probl\u00e8me de s\u00e9curit\u00e9<\/p>\n<p class=\" wall-content\">\u00ab\u00a0Cet am\u00e9nagement a \u00e9t\u00e9 largement concert\u00e9. Nous avons sans doute voulu \u00e0 tort contenter tous les besoins des diff\u00e9rents usagers de cette rue, qu\u2019ils soient riverains ou passants, motoris\u00e9s ou cyclistes\u2026 Une option qui s\u2019av\u00e8re difficilement tenable\u00a0\u00bb, d\u00e9clare Marc Hoffsess, \u00e9lu r\u00e9f\u00e9rent du quartier Robertsau-Wacken.<\/p>\n<p class=\" wall-content\">De son c\u00f4t\u00e9, la maire <a href=\"https:\/\/actu.fr\/tag\/jeanne-barseghian\" rel=\"nofollow noopener\" target=\"_blank\">Jeanne Barseghian<\/a> reconna\u00eet un <strong>probl\u00e8me de s\u00e9curit\u00e9<\/strong>.<\/p>\n<p>L\u2019opposition d\u00e9nonce un \u00ab\u00a0fiasco\u00a0\u00bb<\/p>\n<p class=\" wall-content\">Par la voix de <a href=\"https:\/\/actu.fr\/grand-est\/strasbourg_67482\/municipales-2026-pierre-jakubowicz-pose-les-bases-d-un-programme-d-alternance-pour-strasbourg_61882468.html\" rel=\"nofollow noopener\" target=\"_blank\">Pierre Jakubowicz<\/a>, l\u2019opposition d\u00e9nonce un \u00ab <strong>fiasco<\/strong> \u00bb, pointant un <strong>\u00ab aveu d\u2019\u00e9chec \u00bb et des alertes ignor\u00e9es d\u00e8s 2021<\/strong>.<\/p>\n<p class=\" wall-content\">\u00ab Ce projet a caus\u00e9 des <strong>bouchons<\/strong>, des <strong>tensions<\/strong> et <strong>pr\u00e8s d\u2019un million d\u2019euros de d\u00e9penses<\/strong> \u00bb, d\u00e9plore un \u00e9lu, qui critique une \u00ab<strong> conception ubuesque de l\u2019\u00e9cologie<\/strong> \u00bb.<\/p>\n<p class=\" wall-content\">Suivez toute l\u2019actualit\u00e9 de vos villes et m\u00e9dias favoris en vous inscrivant \u00e0 <a href=\"https:\/\/moncompte.actu.fr\" title=\"D\u00e9couvez Mon Actu\" rel=\"nofollow noopener\" data-trk=\"{&quot;cta&quot;:{&quot;action&quot;:&quot;https:\\\/\\\/moncompte.actu.fr&quot;,&quot;category&quot;:&quot;mon compte&quot;,&quot;from&quot;:&quot;article footer&quot;,&quot;name&quot;:&quot;Mon actu&quot;,&quot;type&quot;:&quot;cta&quot;}}\" target=\"_blank\">Mon Actu<\/a>.<\/p>\n","protected":false},"excerpt":{"rendered":"Par Ivan CAPECCHI Publi\u00e9 le 25 mai 2025 \u00e0 7h02 Ce vendredi, la Ville de Strasbourg annonce dans&hellip;\n","protected":false},"author":2,"featured_media":99224,"comment_status":"","ping_status":"","sticky":false,"template":"","format":"standard","meta":{"footnotes":""},"categories":[2820],"tags":[1111,11,1777,674,1011,27,775,12,25,104,640,2086,208],"class_list":{"0":"post-126205","1":"post","2":"type-post","3":"status-publish","4":"format-standard","5":"has-post-thumbnail","7":"category-strasbourg","8":"tag-actu","9":"tag-actualites","10":"tag-eu","11":"tag-europe","12":"tag-fr","13":"tag-france","14":"tag-grand-est","15":"tag-news","16":"tag-republique-francaise","17":"tag-societe","18":"tag-strasbourg","19":"tag-travaux","20":"tag-velo"},"share_on_mastodon":{"url":"https:\/\/pubeurope.com\/@fr\/114566781099471196","error":""},"_links":{"self":[{"href":"https:\/\/www.europesays.com\/fr\/wp-json\/wp\/v2\/posts\/126205","targetHints":{"allow":["GET"]}}],"collection":[{"href":"https:\/\/www.europesays.com\/fr\/wp-json\/wp\/v2\/posts"}],"about":[{"href":"https:\/\/www.europesays.com\/fr\/wp-json\/wp\/v2\/types\/post"}],"author":[{"embeddable":true,"href":"https:\/\/www.europesays.com\/fr\/wp-json\/wp\/v2\/users\/2"}],"replies":[{"embeddable":true,"href":"https:\/\/www.europesays.com\/fr\/wp-json\/wp\/v2\/comments?post=126205"}],"version-history":[{"count":0,"href":"https:\/\/www.europesays.com\/fr\/wp-json\/wp\/v2\/posts\/126205\/revisions"}],"wp:featuredmedia":[{"embeddable":true,"href":"https:\/\/www.europesays.com\/fr\/wp-json\/wp\/v2\/media\/99224"}],"wp:attachment":[{"href":"https:\/\/www.europesays.com\/fr\/wp-json\/wp\/v2\/media?parent=126205"}],"wp:term":[{"taxonomy":"category","embeddable":true,"href":"https:\/\/www.europesays.com\/fr\/wp-json\/wp\/v2\/categories?post=126205"},{"taxonomy":"post_tag","embeddable":true,"href":"https:\/\/www.europesays.com\/fr\/wp-json\/wp\/v2\/tags?post=126205"}],"curies":[{"name":"wp","href":"https:\/\/api.w.org\/{rel}","templated":true}]}}