{"id":126208,"date":"2025-05-25T05:19:08","date_gmt":"2025-05-25T05:19:08","guid":{"rendered":"https:\/\/www.europesays.com\/fr\/126208\/"},"modified":"2025-05-25T05:19:08","modified_gmt":"2025-05-25T05:19:08","slug":"nice-le-centre-des-congres-du-port-restera-jusquen-2030-voici-son-utilite","status":"publish","type":"post","link":"https:\/\/www.europesays.com\/fr\/126208\/","title":{"rendered":"Nice. Le Centre des congr\u00e8s du port restera jusqu\u2019en 2030 : voici son utilit\u00e9"},"content":{"rendered":"<p>            Par<br \/>\n        <strong><br \/>\n            <a href=\"https:\/\/actu.fr\/auteur\/ugo-maillard\" title=\"Consulter tous les articles de Ugo Maillard\" rel=\"nofollow noopener\" target=\"_blank\">Ugo Maillard<\/a><br \/>\n        <\/strong><\/p>\n<p>        Publi\u00e9 le<\/p>\n<p>            25 mai 2025 \u00e0 7h12        <\/p>\n<p>D\u2019un parking, ils en ont fait un immense centre. Mais que deviendra le <strong>centre des congr\u00e8s OceaNice<\/strong> apr\u00e8s la <a href=\"https:\/\/actu.fr\/dossier\/sommet-des-oceans-a-nice-tout-ce-qu-il-faut-savoir-sur-la-conference-de-l-onu_62542007.html\" rel=\"nofollow noopener\" target=\"_blank\">Conf\u00e9rence des Nations Unies sur l\u2019Oc\u00e9an<\/a> (UNOC-3) le 13\u00a0juin 2025\u2009?<\/p>\n<p>    <a href=\"https:\/\/www.google.com\/maps\/embed?pb=!1m18!1m12!1m3!1d2884.818202201029!2d7.28068641147548!3d43.69354277097973!2m3!1f0!2f0!3f0!3m2!1i1024!2i768!4f13.1!3m3!1m2!1s0x12cddb0034e8a261%3A0x7e57e81c9a62f571!2sPalais%20des%20congr%C3%A8s%20Nic%C3%A9a!5e0!3m2!1sfr!2sfr!4v1748000783231!5m2!1sfr!2sfr\" title=\"Ouvrie le lien\" rel=\"nofollow noopener\" target=\"_blank\">Cliquez ici pour visualiser le contenu<\/a><\/p>\n<p class=\" wall-content\">Christian Estrosi, maire de <a href=\"https:\/\/actu.fr\/nice\/\" rel=\"nofollow noopener\" target=\"_blank\">Nice<\/a> et pr\u00e9sident de la M\u00e9tropole Nice C\u00f4te d\u2019Azur, a annonc\u00e9 le 15\u00a0mai dernier avoir obtenu l\u2019accord du Parlement pour que l\u2019installation soit utilis\u00e9e lors des Jeux olympiques et paralympiques d\u2019hiver, en 2030.<\/p>\n<p class=\" wall-content\">Le Centre des congr\u00e8s du port pourra \u00eatre<strong> utilis\u00e9 jusqu\u2019en 2030<\/strong>. Le conseil des ministres a ent\u00e9rin\u00e9 ce matin une prolongation de 3\u00a0ans de son utilisation dans le cadre du projet de loi olympique 2030.<\/p>\n<p>Des \u00e9v\u00e8nements en pagaille pr\u00e9vus<\/p>\n<p class=\" wall-content\">Selon les dires de Christian Estrosi, OceaNice \u00ab\u2009s\u2019impose comme un lieu polyvalent au service de tous\u2009: congr\u00e8s, conf\u00e9rences, conventions, s\u00e9minaires, spectacles, concerts\u2009\u00bb.<\/p>\n<p>Vid\u00e9os : en ce moment sur Actu<\/p>\n<p class=\" wall-content\">La mairie indique que pr\u00e8s de <strong>70 \u00e9v\u00e9nements<\/strong> y sont d\u00e9j\u00e0 programm\u00e9s \u00e0 partir de septembre.<\/p>\n<p class=\" wall-content\">Pour ce qui est de son utilit\u00e9 lors des Jeux olympiques et paralympiques, le site devrait \u00eatre le <strong>centre des m\u00e9dias.<\/strong> \u00ab\u2009C\u2019est une reconnaissance nationale pour Nice et une formidable vitrine pour notre territoire. La salle Nicea et l\u2019ensemble du site participeront pleinement \u00e0 l\u2019animation, au rayonnement et \u00e0 l\u2019attractivit\u00e9 \u00e9conomique de la M\u00e9tropole\u2009\u00bb, se r\u00e9jouit Christian Estrosi.<\/p>\n<p class=\" wall-content\"><strong>Avec Florine Amenta<\/strong><\/p>\n<p class=\" wall-content\">Suivez toute l\u2019actualit\u00e9 de vos villes et m\u00e9dias favoris en vous inscrivant \u00e0 <a href=\"https:\/\/moncompte.actu.fr\" title=\"D\u00e9couvez Mon Actu\" rel=\"nofollow noopener\" data-trk=\"{&quot;cta&quot;:{&quot;action&quot;:&quot;https:\\\/\\\/moncompte.actu.fr&quot;,&quot;category&quot;:&quot;mon compte&quot;,&quot;from&quot;:&quot;article footer&quot;,&quot;name&quot;:&quot;Mon actu&quot;,&quot;type&quot;:&quot;cta&quot;}}\" target=\"_blank\">Mon Actu<\/a>.<\/p>\n<ul class=\"ac-article-tag wall-content\">\n<li><a href=\"https:\/\/actu.fr\/tag\/christian-estrosi\" data-trk=\"{&quot;cta&quot;:{&quot;action&quot;:&quot;Christian Estrosi&quot;,&quot;category&quot;:&quot;tag&quot;,&quot;from&quot;:&quot;article footer&quot;,&quot;name&quot;:&quot;Christian Estrosi&quot;,&quot;type&quot;:&quot;cta&quot;}}\" rel=\"nofollow noopener\" target=\"_blank\">#Christian Estrosi<\/a><\/li>\n<li><a href=\"https:\/\/actu.fr\/tag\/nice-cote-dazur\" data-trk=\"{&quot;cta&quot;:{&quot;action&quot;:&quot;Nice C\\u00f4te d&#039;Azur&quot;,&quot;category&quot;:&quot;tag&quot;,&quot;from&quot;:&quot;article footer&quot;,&quot;name&quot;:&quot;Nice C\\u00f4te d&#039;Azur&quot;,&quot;type&quot;:&quot;cta&quot;}}\" rel=\"nofollow noopener\" target=\"_blank\">#Nice C\u00f4te d&rsquo;Azur<\/a><\/li>\n<\/ul>\n","protected":false},"excerpt":{"rendered":"Par Ugo Maillard Publi\u00e9 le 25 mai 2025 \u00e0 7h12 D\u2019un parking, ils en ont fait un immense&hellip;\n","protected":false},"author":2,"featured_media":126209,"comment_status":"","ping_status":"","sticky":false,"template":"","format":"standard","meta":{"footnotes":""},"categories":[2819],"tags":[1111,11,2397,1777,674,1011,27,12,2401,2897,882,25,104],"class_list":{"0":"post-126208","1":"post","2":"type-post","3":"status-publish","4":"format-standard","5":"has-post-thumbnail","7":"category-nice","8":"tag-actu","9":"tag-actualites","10":"tag-christian-estrosi","11":"tag-eu","12":"tag-europe","13":"tag-fr","14":"tag-france","15":"tag-news","16":"tag-nice","17":"tag-nice-cote-dazur","18":"tag-provence-alpes-cote-dazur","19":"tag-republique-francaise","20":"tag-societe"},"share_on_mastodon":{"url":"https:\/\/pubeurope.com\/@fr\/114566788913921363","error":""},"_links":{"self":[{"href":"https:\/\/www.europesays.com\/fr\/wp-json\/wp\/v2\/posts\/126208","targetHints":{"allow":["GET"]}}],"collection":[{"href":"https:\/\/www.europesays.com\/fr\/wp-json\/wp\/v2\/posts"}],"about":[{"href":"https:\/\/www.europesays.com\/fr\/wp-json\/wp\/v2\/types\/post"}],"author":[{"embeddable":true,"href":"https:\/\/www.europesays.com\/fr\/wp-json\/wp\/v2\/users\/2"}],"replies":[{"embeddable":true,"href":"https:\/\/www.europesays.com\/fr\/wp-json\/wp\/v2\/comments?post=126208"}],"version-history":[{"count":0,"href":"https:\/\/www.europesays.com\/fr\/wp-json\/wp\/v2\/posts\/126208\/revisions"}],"wp:featuredmedia":[{"embeddable":true,"href":"https:\/\/www.europesays.com\/fr\/wp-json\/wp\/v2\/media\/126209"}],"wp:attachment":[{"href":"https:\/\/www.europesays.com\/fr\/wp-json\/wp\/v2\/media?parent=126208"}],"wp:term":[{"taxonomy":"category","embeddable":true,"href":"https:\/\/www.europesays.com\/fr\/wp-json\/wp\/v2\/categories?post=126208"},{"taxonomy":"post_tag","embeddable":true,"href":"https:\/\/www.europesays.com\/fr\/wp-json\/wp\/v2\/tags?post=126208"}],"curies":[{"name":"wp","href":"https:\/\/api.w.org\/{rel}","templated":true}]}}