{"id":12621,"date":"2025-04-09T12:34:09","date_gmt":"2025-04-09T12:34:09","guid":{"rendered":"https:\/\/www.europesays.com\/fr\/12621\/"},"modified":"2025-04-09T12:34:09","modified_gmt":"2025-04-09T12:34:09","slug":"lindustrie-de-la-defense-britannique-demande-un-pacte-de-securite-rapide-avec-bruxelles-pour-avoir-acces-aux-fonds-de-lue","status":"publish","type":"post","link":"https:\/\/www.europesays.com\/fr\/12621\/","title":{"rendered":"L&rsquo;industrie de la d\u00e9fense britannique demande un pacte de s\u00e9curit\u00e9 rapide avec Bruxelles pour avoir acc\u00e8s aux fonds de l&rsquo;UE"},"content":{"rendered":"<p><img decoding=\"async\" class=\"c-ad__placeholder__logo\" src=\"https:\/\/www.europesays.com\/fr\/wp-content\/uploads\/2025\/03\/logo-euronews-grey-6-180x22.svg.svg+xml\" width=\"180\" height=\"22\" alt=\"\" loading=\"lazy\"\/>PUBLICIT\u00c9<\/p>\n<p>L&rsquo;industrie de la d\u00e9fense britannique exhorte l&rsquo;UE et le Royaume-Uni \u00e0 conclure un pacte de s\u00e9curit\u00e9 d\u00e8s le mois prochain et \u00e0 ne pas le conditionner \u00e0 une r\u00e9initialisation plus large, afin de pouvoir acc\u00e9der \u00e0 un nouvel instrument europ\u00e9en de 150 milliards d&rsquo;euros pour augmenter les d\u00e9penses de d\u00e9fense.<\/p>\n<p>Dans une lettre adress\u00e9e au Premier ministre britannique <strong>Keir Starmer<\/strong>, \u00e0 la pr\u00e9sidente de la Commission europ\u00e9enne <strong>Ursula von der Leyen<\/strong> et au chef du Conseil europ\u00e9en Ant\u00f3nio Costa, les dirigeants des principales associations a\u00e9rospatiales, industrielles et technologiques du Royaume-Uni affirment qu&rsquo;un pacte de s\u00e9curit\u00e9 \u00ab\u00a0doit \u00eatre un r\u00e9sultat central du prochain sommet UE-Royaume-Uni\u00a0\u00bb qui se tiendra \u00e0 Londres le 19 mai.<\/p>\n<p><img decoding=\"async\" src=\"https:\/\/www.europesays.com\/fr\/wp-content\/uploads\/2025\/03\/icon-cross-10x10-grey-6.svg.svg+xml\" width=\"10\" height=\"10\" alt=\"Close advertising\" fetchpriority=\"high\" loading=\"lazy\"\/><\/p>\n<p>\u00ab\u00a0Un tel accord permettrait de construire une base industrielle et technologique europ\u00e9enne solide, de favoriser un \u00e9cosyst\u00e8me de d\u00e9fense europ\u00e9en pragmatique et inclusif, et de permettre la participation active de l&rsquo;industrie britannique aux initiatives de d\u00e9fense men\u00e9es par l&rsquo;UE.\u00a0\u00bb<\/p>\n<p>\u00ab\u00a0Ce serait une \u00e9tape cruciale vers le renforcement de la s\u00e9curit\u00e9 collective de l&rsquo;Europe, de la r\u00e9silience industrielle et de la comp\u00e9titivit\u00e9 mondiale \u00ab\u00a0, ont \u00e9galement \u00e9crit ADS, une association commerciale de l&rsquo;a\u00e9rospatiale et de la d\u00e9fense, les chambres de commerce britanniques et TechUK, dans la lettre vue par Euronews.<\/p>\n<p>Keir Starmer, qui est arriv\u00e9 au pouvoir l&rsquo;\u00e9t\u00e9 dernier, a fait pression pour un pacte de s\u00e9curit\u00e9 et de d\u00e9fense qui, selon lui, devrait se concentrer sur la recherche et le d\u00e9veloppement, la mobilit\u00e9 militaire \u00e0 travers l&rsquo;Europe, une plus grande coop\u00e9ration sur les missions et les op\u00e9rations, et la collaboration industrielle.<\/p>\n<p>Depuis lors, la Commission a pr\u00e9sent\u00e9 un plan \u00ab\u00a0<a href=\"https:\/\/fr.euronews.com\/my-europe\/2025\/03\/21\/rome-et-madrid-mecontents-bruxelles-rebaptise-le-plan-rearm-europe\" rel=\"nofollow noopener\" target=\"_blank\"><strong>Pr\u00e9paration 2030<\/strong><\/a>\u00a0\u00bb visant \u00e0 accro\u00eetre les d\u00e9penses de d\u00e9fense et les achats communs dans l&rsquo;UE <strong>\u00e0 hauteur de 800 milliards d&rsquo;euros<\/strong> au cours des quatre prochaines ann\u00e9es, dont quelque 150 milliards d&rsquo;euros, qui seront lev\u00e9s sur le march\u00e9 par la Commission et distribu\u00e9s sous forme de pr\u00eats, d\u00e9pendent de ce que l&rsquo;on appelle la \u00ab\u00a0<strong>pr\u00e9f\u00e9rence europ\u00e9enne<a href=\"https:\/\/www.euronews.com\/my-europe\/2025\/02\/13\/european-preference-for-defence-is-imperative-industry-says-calling-for-eu-not-to-cave-to-\" rel=\"nofollow noopener\" target=\"_blank\">\u00ab\u00a0<\/a><\/strong>.<\/p>\n<p>Cela signifie que les fournisseurs des pays non membres de l&rsquo;UE qui ne font pas partie du march\u00e9 unique ou qui ont d\u00e9j\u00e0 conclu un pacte de s\u00e9curit\u00e9 avec l&rsquo;Union ne pourront b\u00e9n\u00e9ficier de l&rsquo;aide que si leur contribution ne d\u00e9passe pas un peu plus d&rsquo;un tiers du produit de d\u00e9fense achet\u00e9.<\/p>\n<p>C&rsquo;est le cas des fabricants britanniques et turcs, tandis que les fabricants norv\u00e9giens et islandais peuvent d\u00e9j\u00e0 participer pleinement.<\/p>\n<p>La conclusion d&rsquo;un <strong>pacte de s\u00e9curit\u00e9<\/strong><strong>requiert l&rsquo;approbation unanime des 27 \u00c9tats membres<\/strong>, mais certains pays, comme la France, ont d\u00e9j\u00e0 fait savoir qu&rsquo;ils souhaitaient que tout partenariat de ce type soit inclus dans une r\u00e9initialisation plus large des relations, semblant revenir au mantra du Brexit selon lequel \u00ab\u00a0rien n&rsquo;est convenu tant que tout n&rsquo;est pas convenu\u00a0\u00bb.<\/p>\n<p>Parmi les domaines sur lesquels Bruxelles et Londres doivent encore finaliser les discussions figurent la p\u00eache, les droits des citoyens, la mobilit\u00e9 des jeunes et les r\u00e8gles phytosanitaires. Les r\u00e8gles actuelles en mati\u00e8re de p\u00eache expireront en juin 2026.<\/p>\n<p>Peter Bell, vice-pr\u00e9sident de la Chambre de commerce britannique de l&rsquo;UE, a d\u00e9clar\u00e9 dans un communiqu\u00e9 accompagnant la lettre que \u00ab\u00a0compte tenu du contexte s\u00e9curitaire en Europe, il est essentiel que le Royaume-Uni et l&rsquo;UE parviennent de toute urgence \u00e0 un accord sur la d\u00e9fense et la s\u00e9curit\u00e9 comportant de solides dimensions industrielles lors du prochain sommet\u00a0\u00bb.<\/p>\n<p>\u00ab\u00a0Les n\u00e9gociations ne peuvent pas \u00eatre prolong\u00e9es par des marchandages sur des questions moins critiques\u00a0\u00bb, a-t-il ajout\u00e9.<\/p>\n<p>Kevin Craven, de l&rsquo;ADS, a quant \u00e0 lui d\u00e9clar\u00e9 que \u00ab\u00a0plus ce processus sera long, moins nous serons en mesure de r\u00e9pondre aux menaces \u00e9mergentes en mati\u00e8re de s\u00e9curit\u00e9 &#8211; bien que nous ayons la capacit\u00e9, la volont\u00e9 politique et le devoir moral de le faire\u00a0\u00bb.<\/p>\n<p>Contact\u00e9 par Euronews, <strong>le Cabinet Office britannique<\/strong> a d\u00e9clar\u00e9 que le sommet du mois prochain \u00ab\u00a0couvrira une s\u00e9rie de questions entre le Royaume-Uni et l&rsquo;UE, alors que nous cherchons \u00e0 favoriser une relation stable, positive et tourn\u00e9e vers l&rsquo;avenir\u00a0\u00bb.<\/p>\n<p>\u00ab\u00a0Le Royaume-Uni a \u00e9t\u00e9 un leader dans le renforcement de la d\u00e9fense et de la s\u00e9curit\u00e9 du continent, et nous sommes pr\u00eats \u00e0 n\u00e9gocier un accord de partenariat de s\u00e9curit\u00e9 et de d\u00e9fense avec l&rsquo;UE\u00a0\u00bb, ajoute le communiqu\u00e9. <\/p>\n<p><img decoding=\"async\" class=\"c-ad__placeholder__logo\" src=\"https:\/\/www.europesays.com\/fr\/wp-content\/uploads\/2025\/03\/logo-euronews-grey-6-180x22.svg.svg+xml\" width=\"180\" height=\"22\" alt=\"\" loading=\"lazy\"\/>PUBLICIT\u00c9<\/p>\n<p>La Commission europ\u00e9enne n&rsquo;avait pas r\u00e9pondu \u00e0 une demande de commentaire au moment de la publication.<\/p>\n<p>Selon le <strong>Financial Times<\/strong>, la Grande-Bretagne a d\u00e9j\u00e0 pr\u00e9sent\u00e9 la semaine derni\u00e8re des plans visant \u00e0 cr\u00e9er un fonds de r\u00e9armement supranational avec les \u00c9tats membres de l&rsquo;UE, qui impliquerait des emprunts sur les march\u00e9s de capitaux et centraliserait les achats de d\u00e9fense afin de r\u00e9duire les co\u00fbts.<\/p>\n<p>La Pologne, quant \u00e0 elle, a pr\u00e9sent\u00e9 une proposition similaire aux ministres des finances de l&rsquo;UE, qui en discuteront lors d&rsquo;une r\u00e9union pr\u00e9vue dans le courant de la semaine. Son \u00ab\u00a0<strong>m\u00e9canisme europ\u00e9en de d\u00e9fense<\/strong>\u00a0\u00bb (EDM) pour les pr\u00eats li\u00e9s \u00e0 la d\u00e9fense permettrait \u00e0 des pays non membres de l&rsquo;UE, tels que le Royaume-Uni, la Norv\u00e8ge ou la Suisse, d&rsquo;y participer.<\/p>\n","protected":false},"excerpt":{"rendered":"PUBLICIT\u00c9 L&rsquo;industrie de la d\u00e9fense britannique exhorte l&rsquo;UE et le Royaume-Uni \u00e0 conclure un pacte de s\u00e9curit\u00e9 d\u00e8s&hellip;\n","protected":false},"author":2,"featured_media":12622,"comment_status":"","ping_status":"","sticky":false,"template":"","format":"standard","meta":{"footnotes":""},"categories":[1586],"tags":[11,554,1777,674,1779,1011,27,12,25,473,1778,364],"class_list":{"0":"post-12621","1":"post","2":"type-post","3":"status-publish","4":"format-standard","5":"has-post-thumbnail","7":"category-europe","8":"tag-actualites","9":"tag-defense","10":"tag-eu","11":"tag-europe","12":"tag-european-union","13":"tag-fr","14":"tag-france","15":"tag-news","16":"tag-republique-francaise","17":"tag-royaume-uni","18":"tag-ue","19":"tag-union-europeenne"},"share_on_mastodon":{"url":"https:\/\/pubeurope.com\/@fr\/114308032997440856","error":""},"_links":{"self":[{"href":"https:\/\/www.europesays.com\/fr\/wp-json\/wp\/v2\/posts\/12621","targetHints":{"allow":["GET"]}}],"collection":[{"href":"https:\/\/www.europesays.com\/fr\/wp-json\/wp\/v2\/posts"}],"about":[{"href":"https:\/\/www.europesays.com\/fr\/wp-json\/wp\/v2\/types\/post"}],"author":[{"embeddable":true,"href":"https:\/\/www.europesays.com\/fr\/wp-json\/wp\/v2\/users\/2"}],"replies":[{"embeddable":true,"href":"https:\/\/www.europesays.com\/fr\/wp-json\/wp\/v2\/comments?post=12621"}],"version-history":[{"count":0,"href":"https:\/\/www.europesays.com\/fr\/wp-json\/wp\/v2\/posts\/12621\/revisions"}],"wp:featuredmedia":[{"embeddable":true,"href":"https:\/\/www.europesays.com\/fr\/wp-json\/wp\/v2\/media\/12622"}],"wp:attachment":[{"href":"https:\/\/www.europesays.com\/fr\/wp-json\/wp\/v2\/media?parent=12621"}],"wp:term":[{"taxonomy":"category","embeddable":true,"href":"https:\/\/www.europesays.com\/fr\/wp-json\/wp\/v2\/categories?post=12621"},{"taxonomy":"post_tag","embeddable":true,"href":"https:\/\/www.europesays.com\/fr\/wp-json\/wp\/v2\/tags?post=12621"}],"curies":[{"name":"wp","href":"https:\/\/api.w.org\/{rel}","templated":true}]}}