{"id":126219,"date":"2025-05-25T05:27:12","date_gmt":"2025-05-25T05:27:12","guid":{"rendered":"https:\/\/www.europesays.com\/fr\/126219\/"},"modified":"2025-05-25T05:27:12","modified_gmt":"2025-05-25T05:27:12","slug":"nuit-des-arts-2025-3-jours-de-fete-et-50-coups-de-coeur-en-images","status":"publish","type":"post","link":"https:\/\/www.europesays.com\/fr\/126219\/","title":{"rendered":"Nuit des Arts 2025 : 3 jours de f\u00eate et 50 coups de c\u0153ur en images"},"content":{"rendered":"<p class=\"introduction\">Du 16 au 18 mai 2025, la ville de Roubaix s\u2019est m\u00e9tamorphos\u00e9e en une vaste galerie \u00e0 ciel ouvert pour la 28e \u00e9dition de la Nuit des Arts. L\u2019\u00e9v\u00e9nement, devenu un rendez-vous incontournable des amateurs d\u2019art et des curieux de la m\u00e9tropole lilloise, a rassembl\u00e9 plus de 250 artistes dans 40 lieux de la ville, offrant une diversit\u00e9 de cr\u00e9ations rares et une effervescence culturelle unique.<\/p>\n<p data-start=\"1072\" data-end=\"1488\">Des mus\u00e9es aux galeries, en passant par des commerces, restaurants ou ateliers, <strong data-start=\"1152\" data-end=\"1191\">Roubaix a vibr\u00e9 pendant trois jours<\/strong> au rythme de l\u2019art sous toutes ses formes : peinture, gravure, street art, sculpture, photographie, s\u00e9rigraphie\u2026 Le samedi soir, temps fort de la manifestation, les lieux \u00e9taient ouverts <strong data-start=\"1379\" data-end=\"1407\">gratuitement jusqu\u2019\u00e0 23h<\/strong>, dans une ambiance festive, conviviale et r\u00e9solument tourn\u00e9e vers la d\u00e9couverte.<\/p>\n<p data-start=\"1490\" data-end=\"1987\">Parmi les moments forts de ce week-end, <strong data-start=\"1530\" data-end=\"1574\">la parade chor\u00e9graphi\u00e9e du samedi 17 mai<\/strong> a marqu\u00e9 les esprits. Port\u00e9e par le <strong data-start=\"1611\" data-end=\"1629\">Ballet du Nord<\/strong>, <strong data-start=\"1631\" data-end=\"1654\">le collectif OTONOM<\/strong> et <strong data-start=\"1658\" data-end=\"1673\">Plateau 112<\/strong>, cette performance immersive a reli\u00e9 <strong data-start=\"1711\" data-end=\"1734\">le mus\u00e9e La Piscine<\/strong> au <strong data-start=\"1738\" data-end=\"1757\">Foyer du projet<\/strong>, futur c\u0153ur du <strong data-start=\"1773\" data-end=\"1793\">Quartier Cr\u00e9atif<\/strong>. Sur un chemin ponctu\u00e9 de moquettes graff\u00e9es \u2013 clin d\u2019\u0153il artistique aux pav\u00e9s de Paris-Roubaix \u2013 danseurs et spectateurs ont fusionn\u00e9 dans une c\u00e9l\u00e9bration vivante et collective de la cr\u00e9ation.<\/p>\n<p data-start=\"1989\" data-end=\"2303\">\ud83d\udcf8 <strong data-start=\"1992\" data-end=\"2119\">Nous vous proposons de revivre les plus beaux instants de cette \u00e9dition avec un album photo regroupant nos 43 coups de c\u0153ur<\/strong>. Instants suspendus, performances surprenantes, regards complices et d\u00e9tails d\u2019\u0153uvres : <strong data-start=\"2208\" data-end=\"2258\">autant de souvenirs capt\u00e9s au fil des parcours<\/strong> de cette Nuit des Arts pas comme les autres.<\/p>\n<p data-start=\"2381\" data-end=\"2444\">Cr\u00e9dits photos : Ana\u00efs Gadeau \u2013 service communication, ville de Roubaix<\/p>\n<p>La Nuit des Arts : une vitrine pour les talents et la ville<\/p>\n<p data-start=\"2446\" data-end=\"2787\">Depuis sa cr\u00e9ation en 2010, la Nuit des Arts incarne la volont\u00e9 de rendre l\u2019art accessible \u00e0 tous, en s\u2019invitant dans des lieux parfois inattendus. Elle refl\u00e8te aussi <strong data-start=\"2613\" data-end=\"2653\">la dynamique artistique roubaisienne<\/strong>, port\u00e9e par une multitude d\u2019acteurs culturels locaux, qui contribuent \u00e0 faire de la ville un v\u00e9ritable <strong data-start=\"2757\" data-end=\"2786\">laboratoire de cr\u00e9ativit\u00e9<\/strong>.<\/p>\n<p data-start=\"2789\" data-end=\"3027\">Et cette \u00e9dition 2025 prend une saveur particuli\u00e8re : elle marque symboliquement <strong data-start=\"2870\" data-end=\"2906\">le lancement du Quartier Cr\u00e9atif<\/strong>, futur p\u00f4le d\u00e9di\u00e9 \u00e0 l\u2019innovation artistique, \u00e0 la crois\u00e9e des arts visuels, de la danse, du num\u00e9rique et de l\u2019urbanisme.<\/p>\n<p data-start=\"3029\" data-end=\"3198\">\u00c0 travers cette programmation riche et engag\u00e9e, Roubaix affirme encore une fois son r\u00f4le de <strong data-start=\"3121\" data-end=\"3171\">capitale culturelle populaire et participative<\/strong>. Vivement la 29e \u00e9dition !<\/p>\n<p>Le programme complet de la Nuit des Arts\u00a0:<\/p>\n","protected":false},"excerpt":{"rendered":"Du 16 au 18 mai 2025, la ville de Roubaix s\u2019est m\u00e9tamorphos\u00e9e en une vaste galerie \u00e0 ciel&hellip;\n","protected":false},"author":2,"featured_media":126220,"comment_status":"","ping_status":"","sticky":false,"template":"","format":"standard","meta":{"footnotes":""},"categories":[2815],"tags":[1111,11,251,1777,674,1011,27,811,1307,12,24972,21592,25],"class_list":{"0":"post-126219","1":"post","2":"type-post","3":"status-publish","4":"format-standard","5":"has-post-thumbnail","7":"category-lille","8":"tag-actu","9":"tag-actualites","10":"tag-culture","11":"tag-eu","12":"tag-europe","13":"tag-fr","14":"tag-france","15":"tag-hauts-de-france","16":"tag-lille","17":"tag-news","18":"tag-nuit-des-arts","19":"tag-quartier-creatif","20":"tag-republique-francaise"},"share_on_mastodon":{"url":"https:\/\/pubeurope.com\/@fr\/114566820395538650","error":""},"_links":{"self":[{"href":"https:\/\/www.europesays.com\/fr\/wp-json\/wp\/v2\/posts\/126219","targetHints":{"allow":["GET"]}}],"collection":[{"href":"https:\/\/www.europesays.com\/fr\/wp-json\/wp\/v2\/posts"}],"about":[{"href":"https:\/\/www.europesays.com\/fr\/wp-json\/wp\/v2\/types\/post"}],"author":[{"embeddable":true,"href":"https:\/\/www.europesays.com\/fr\/wp-json\/wp\/v2\/users\/2"}],"replies":[{"embeddable":true,"href":"https:\/\/www.europesays.com\/fr\/wp-json\/wp\/v2\/comments?post=126219"}],"version-history":[{"count":0,"href":"https:\/\/www.europesays.com\/fr\/wp-json\/wp\/v2\/posts\/126219\/revisions"}],"wp:featuredmedia":[{"embeddable":true,"href":"https:\/\/www.europesays.com\/fr\/wp-json\/wp\/v2\/media\/126220"}],"wp:attachment":[{"href":"https:\/\/www.europesays.com\/fr\/wp-json\/wp\/v2\/media?parent=126219"}],"wp:term":[{"taxonomy":"category","embeddable":true,"href":"https:\/\/www.europesays.com\/fr\/wp-json\/wp\/v2\/categories?post=126219"},{"taxonomy":"post_tag","embeddable":true,"href":"https:\/\/www.europesays.com\/fr\/wp-json\/wp\/v2\/tags?post=126219"}],"curies":[{"name":"wp","href":"https:\/\/api.w.org\/{rel}","templated":true}]}}