{"id":126223,"date":"2025-05-25T05:29:09","date_gmt":"2025-05-25T05:29:09","guid":{"rendered":"https:\/\/www.europesays.com\/fr\/126223\/"},"modified":"2025-05-25T05:29:09","modified_gmt":"2025-05-25T05:29:09","slug":"a-marseille-une-halte-garderie-itinerante-pour-soulager-les-familles-dans-les-quartiers-prioritaires","status":"publish","type":"post","link":"https:\/\/www.europesays.com\/fr\/126223\/","title":{"rendered":"\u00c0 Marseille, une halte-garderie itin\u00e9rante pour soulager les familles dans les quartiers prioritaires"},"content":{"rendered":"<p>Faire ses courses sans les cris et les pleurs de sa fille, Karima ne pensait jamais pouvoir y arriver. Mais depuis janvier, la Marseillaise de 32\u00a0ans d\u00e9pose sa petite tous les mardis, mercredis et vendredis matins \u00e0 la cr\u00e8che mobile. \u00ab\u00a0\u00c7a me soulage, j\u2019en profite pour faire des papiers, aller au supermarch\u00e9 ou \u00e0 des rendez-vous m\u00e9dicaux\u00a0\u00bb, raconte cette habitante de la <a href=\"https:\/\/www.laprovence.com\/article\/region\/26558016290612\/avant-cetait-le-paradis-ici-le-cauchemar-des-habitants-de-la-cite-consolat-a-marseille\" target=\"_blank\" rel=\"noopener\">cit\u00e9 Consolat<\/a> (15e).<\/p>\n<p>Lanc\u00e9e en septembre, la cr\u00e8che mobile, totalement gratuite, est install\u00e9e dans un camion bleu. Mise en place par la Ville, elle accueille jusqu\u2019\u00e0 10 enfants par jour \u00e2g\u00e9s de douze mois \u00e0 quatre ans du lundi au vendredi dans neuf <a href=\"https:\/\/www.laprovence.com\/article\/region\/1392368552023315\/des-aygalades-a-la-castellane-dans-les-quartiers-prioritaires-a-marseille-plus-d1-habitant-sur-2-est-pauvre\" target=\"_blank\" rel=\"noopener\">quartiers prioritaires<\/a>\u00a0: Sainte-Marguerite (9e), la Capelette (10e), Saint-Just, les Olives (13e), la Busserine, le Merlan (14e), la Cabucelle, Saint-Antoine, Saint-Louis (15e).<\/p>\n<p>Tous les mardis matin, c\u2019est le m\u00eame rituel pour Nassima. \u00ab\u00a0Je d\u00e9pose mon fils et je vais \u00e0 l\u2019\u00e9tage suivre un cours de danse\u00a0\u00bb, raconte-t-elle en suivant le petit du regard. Chaque point d\u2019arr\u00eat de la cr\u00e8che mobile se trouve en face d\u2019un centre social, d\u2019une \u00e9cole ou encore d\u2019un local am\u00e9nag\u00e9 sp\u00e9cialement pour les enfants.<\/p>\n","protected":false},"excerpt":{"rendered":"Faire ses courses sans les cris et les pleurs de sa fille, Karima ne pensait jamais pouvoir y&hellip;\n","protected":false},"author":2,"featured_media":126224,"comment_status":"","ping_status":"","sticky":false,"template":"","format":"standard","meta":{"footnotes":""},"categories":[2814],"tags":[17,1111,11,1777,674,1011,27,24973,24974,151,884,12,471,882,25,104,24975,96],"class_list":{"0":"post-126223","1":"post","2":"type-post","3":"status-publish","4":"format-standard","5":"has-post-thumbnail","7":"category-marseille","8":"tag-17","9":"tag-actu","10":"tag-actualites","11":"tag-eu","12":"tag-europe","13":"tag-fr","14":"tag-france","15":"tag-halte-garderie","16":"tag-itinerante","17":"tag-les","18":"tag-marseille","19":"tag-news","20":"tag-pour","21":"tag-provence-alpes-cote-dazur","22":"tag-republique-francaise","23":"tag-societe","24":"tag-soulager","25":"tag-une"},"share_on_mastodon":{"url":"https:\/\/pubeurope.com\/@fr\/114566828154712859","error":""},"_links":{"self":[{"href":"https:\/\/www.europesays.com\/fr\/wp-json\/wp\/v2\/posts\/126223","targetHints":{"allow":["GET"]}}],"collection":[{"href":"https:\/\/www.europesays.com\/fr\/wp-json\/wp\/v2\/posts"}],"about":[{"href":"https:\/\/www.europesays.com\/fr\/wp-json\/wp\/v2\/types\/post"}],"author":[{"embeddable":true,"href":"https:\/\/www.europesays.com\/fr\/wp-json\/wp\/v2\/users\/2"}],"replies":[{"embeddable":true,"href":"https:\/\/www.europesays.com\/fr\/wp-json\/wp\/v2\/comments?post=126223"}],"version-history":[{"count":0,"href":"https:\/\/www.europesays.com\/fr\/wp-json\/wp\/v2\/posts\/126223\/revisions"}],"wp:featuredmedia":[{"embeddable":true,"href":"https:\/\/www.europesays.com\/fr\/wp-json\/wp\/v2\/media\/126224"}],"wp:attachment":[{"href":"https:\/\/www.europesays.com\/fr\/wp-json\/wp\/v2\/media?parent=126223"}],"wp:term":[{"taxonomy":"category","embeddable":true,"href":"https:\/\/www.europesays.com\/fr\/wp-json\/wp\/v2\/categories?post=126223"},{"taxonomy":"post_tag","embeddable":true,"href":"https:\/\/www.europesays.com\/fr\/wp-json\/wp\/v2\/tags?post=126223"}],"curies":[{"name":"wp","href":"https:\/\/api.w.org\/{rel}","templated":true}]}}