{"id":126227,"date":"2025-05-25T05:31:08","date_gmt":"2025-05-25T05:31:08","guid":{"rendered":"https:\/\/www.europesays.com\/fr\/126227\/"},"modified":"2025-05-25T05:31:08","modified_gmt":"2025-05-25T05:31:08","slug":"la-sortie-very-bad-trip-des-amis-finit-mal","status":"publish","type":"post","link":"https:\/\/www.europesays.com\/fr\/126227\/","title":{"rendered":"la sortie \u00ab\u00a0Very Bad Trip\u00a0\u00bb des amis finit mal"},"content":{"rendered":"<p>            Par<br \/>\n        <strong><br \/>\n            <a href=\"https:\/\/actu.fr\/auteur\/redaction-lyon\" title=\"Consulter tous les articles de R\u00e9daction Lyon\" rel=\"nofollow noopener\" target=\"_blank\">R\u00e9daction Lyon<\/a><br \/>\n        <\/strong><\/p>\n<p>        Publi\u00e9 le<\/p>\n<p>            25 mai 2025 \u00e0 7h06        <\/p>\n<p>Le tribunal correctionnel de <a href=\"https:\/\/actu.fr\/auvergne-rhone-alpes\/lyon_69123\" rel=\"nofollow noopener\" target=\"_blank\">Lyon<\/a> a condamn\u00e9 ce lundi 12 mai 2025 <strong>un des six Albanais qui avaient laiss\u00e9 pour mort un motard<\/strong> de 21 ans \u00e0\u00a0Saint-Fons (Rh\u00f4ne)\u00a0apr\u00e8s l\u2019avoir percut\u00e9 \u00e0 plus de 180 km\/h sur l\u2019autoroute au volant d\u2019une <strong>Porsche Panamera<\/strong>.<\/p>\n<p>\u00ab\u00a0Aller faire un tour en voiture\u00a0\u00bb<\/p>\n<p class=\" wall-content\">Le 23 mars 2024, vers 4h du matin, les six Albanais s\u2019\u00e9taient retrouv\u00e9s pour \u00ab\u00a0aller faire un tour en voiture\u00a0\u00bb : Marjan X. avait pris le volant de cette voiture de sport qu\u2019il venait d\u2019acheter alors qu\u2019il n\u2019avait pas le permis de conduire\u2026<\/p>\n<p class=\" wall-content\">Avec Juxhina X., Emanuela X., Sanije X., Samanta X. et Emiljano X., \u00e2g\u00e9s de 23 \u00e0 28 ans, ils avaient pris la route \u00ab\u00a0sans savoir o\u00f9 aller\u00a0\u00bb.<\/p>\n<p class=\" wall-content\">Lanc\u00e9s \u00e0 \u00ab\u00a0vive allure\u00a0\u00bb, ils s\u2019\u00e9taient retrouv\u00e9s sur l\u2019A7 et, \u00e0 hauteur de Saint-Fons, avaient donc percut\u00e9 Liam X., le jeune motard.<\/p>\n<p>    <a href=\"https:\/\/www.google.com\/maps\/embed?pb=!1m18!1m12!1m3!1d128473.94398252774!2d4.8906395744319715!3d45.7000477400516!2m3!1f0!2f0!3f0!3m2!1i1024!2i768!4f13.1!3m3!1m2!1s0x47f4e9db3aaba4ad%3A0x408ab2ae4bb1d30!2s69190%20Saint-Fons!5e1!3m2!1sfr!2sfr!4v1747840811876!5m2!1sfr!2sfr\" title=\"Ouvrie le lien\" rel=\"nofollow noopener\" target=\"_blank\">Cliquez ici pour visualiser le contenu<\/a><\/p>\n<p>Le motard dans le coma plusieurs jours, le chauffard en fuite<\/p>\n<p class=\" wall-content\">Plusieurs voitures s\u2019\u00e9taient arr\u00eat\u00e9es \u00e0 la hauteur de la victime, en \u00e9tat d\u2019urgence absolue.\u00a0La Porsche Panamera, elle, avait \u00e9t\u00e9 retrouv\u00e9e \u00ab\u00a0300 m\u00e8tres plus loin\u00a0\u00bb avec personne \u00e0 bord. Les airbags \u00e9taient toutefois \u00ab\u00a0d\u00e9clench\u00e9s\u00a0\u00bb, le pare-brise \u00ab\u00a0d\u00e9fonc\u00e9\u00a0\u00bb et des \u00ab\u00a0impacts\u00a0\u00bb se trouvaient sur \u00ab\u00a0l\u2019aile avant droite\u00a0\u00bb a-t-il \u00e9t\u00e9 rappel\u00e9 lors de l\u2019audience publique.<\/p>\n<p class=\" wall-content\">\u00c9vacu\u00e9e par les pompiers, Liam X. avait \u00e9t\u00e9 plac\u00e9 dans le coma pendant plusieurs jours, et n\u2019\u00e9tait sorti du centre de r\u00e9\u00e9ducation que quelques mois plus tard : il s\u2019\u00e9tait vu prescrire 120 jours d\u2019interruption totale de travail (ITT). Ce n\u2019est que quelques jours apr\u00e8s l\u2019accident qu\u2019Emanuela X. avait \u00e9t\u00e9 identifi\u00e9e par les forces de l\u2019ordre : la jeune femme avait pass\u00e9 un appel aux secours quelques minutes apr\u00e8s le drame pour les avertir d\u2019un \u00ab\u00a0accident sans victime\u00a0\u00bb.<\/p>\n<p>Le conducteur en fuite en Albanie<\/p>\n<p class=\" wall-content\">Elle avait ensuite livr\u00e9 le nom de ses amis, qui avaient tous reconnu les faits. Ils \u00e9taient donc jug\u00e9s ce lundi 12 mai 2025 par le tribunal correctionnel de Lyon pour \u00ab\u00a0non-assistance \u00e0 personne en danger\u00a0\u00bb. Marjan X., le conducteur qui avait \u00e9t\u00e9 interpell\u00e9 apr\u00e8s avoir pris la fuite en Albanie, \u00e9tait \u00e9galement poursuivi pour \u00ab\u00a0blessures involontaires\u00a0\u00bb.<\/p>\n<p class=\" wall-content\">Les experts avaient, en effet, conclu que l\u2019accident avait \u00e9t\u00e9 caus\u00e9 par la \u00ab\u00a0vitesse\u00a0\u00bb excessive de la Porsche Panamera, qui roulait \u00e0 plus de 180 km\/h sur une portion \u00ab\u00a0limit\u00e9e \u00e0 70 km\/h\u00a0\u00bb.<\/p>\n<p class=\" wall-content\">La \u00ab\u00a0conduite dangereuse\u00a0\u00bb de Marjan XXX avait \u00e9galement \u00e9t\u00e9 mise en cause : l\u2019exploitation des images de vid\u00e9osurveillance avait r\u00e9v\u00e9l\u00e9 qu\u2019il avait percut\u00e9 un premier v\u00e9hicule avant de faucher Liam X.<\/p>\n<p class=\" wall-content\">Malgr\u00e9 tout, Marjan X. assure ne pas avoir vu une \u00ab\u00a0personne\u00a0\u00bb sur la moto \u2013 tout en reconnaissant avoir vu \u00ab\u00a0que c\u2019\u00e9tait une moto\u00a0\u00bb.<\/p>\n<p class=\" wall-content\">\u00ab\u00a0Mais une moto, \u00e7a ne se conduit pas tout seul\u00a0\u00bb, lui avait object\u00e9 le pr\u00e9sident du tribunal correctionnel de Lyon.<\/p>\n<p>Le chauffard d\u00e9j\u00e0 condamn\u00e9 pour sa conduite dangereuse<\/p>\n<p class=\" wall-content\">Le pr\u00e9venu avait par ailleurs d\u00e9j\u00e0 \u00e9t\u00e9 condamn\u00e9 \u00e0 quatre reprises, notamment pour plusieurs \u00ab\u00a0d\u00e9lits routiers\u00a0\u00bb, a fait observer le magistrat. Le bracelet \u00e9lectronique qui lui avait \u00e9t\u00e9 pos\u00e9 suite \u00e0 une condamnation pour trafic de stup\u00e9fiants lui avait par ailleurs \u00e9t\u00e9 retir\u00e9 \u00ab\u00a0vingt jours\u00a0\u00bb avant l\u2019accident.<\/p>\n<p class=\" wall-content\">Les autres passagers, eux non plus, n\u2019avaient pas \u00ab\u00a0vu l\u2019accident\u00a0\u00bb : Emiljano X. a \u00ab\u00a0senti un gros choc\u00a0\u00bb, rien de plus.<\/p>\n<p class=\" wall-content\">Samanta X., qui assure avoir la \u00ab\u00a0phobie de la vitesse\u00a0\u00bb, avait \u00ab\u00a0ferm\u00e9 les yeux\u00a0\u00bb tout le long de la route. Lors de l\u2019impact, elle pensait \u00ab\u00a0avoir percut\u00e9 une barri\u00e8re\u00a0\u00bb, tout comme son amie Juxhina X.<\/p>\n<p class=\" wall-content\">Seule Emanuela X. avait \u00e9voqu\u00e9 la possibilit\u00e9 d\u2019avoir renvers\u00e9 un motard, mais \u00ab\u00a0personne ne l\u2019avait crue\u00a0\u00bb, avait-elle assur\u00e9 lors de l\u2019instruction. Elle n\u2019\u00e9tait pas pr\u00e9sente \u00e0 l\u2019audience pour d\u00e9fendre sa version des faits.<\/p>\n<p>Six ans de prison pour le chauffard<\/p>\n<p class=\" wall-content\">Les pr\u00e9venus avaient par ailleurs bien tent\u00e9 de \u00ab\u00a0revenir sur les lieux de l\u2019accident\u00a0\u00bb apr\u00e8s l\u2019impact. Mais \u00ab\u00a0en pleine nuit, il fait noir, il y a de la circulation et ils sont en \u00e9tat de choc\u00a0\u00bb, avait plaid\u00e9 l\u2019avocat de Marjan X.<\/p>\n<p class=\" wall-content\">\u00ab\u00a0Remonter 500 m\u00e8tres d\u2019autoroute sur la bande d\u2019arr\u00eat d\u2019urgence\u00a0\u00bb aurait donc \u00e9t\u00e9, selon lui, trop dangereux puisque \u00ab\u00a0le temps de survie d\u2019un pi\u00e9ton sur une autoroute est de 1 \u00e0 3 minutes\u00a0\u00bb. Les pr\u00e9venus n\u2019avaient donc pas \u00ab\u00a0d\u2019autre solution que d\u2019appeler les secours, et \u00e7a a \u00e9t\u00e9 fait\u00a0\u00bb, a-t-il soulign\u00e9.<\/p>\n<p>Des pr\u00e9venus rest\u00e9s \u00ab\u00a0passifs\u00a0\u00bb lors de l\u2019accident grave<\/p>\n<p class=\" wall-content\">\u00ab\u00a0En termes de responsabilit\u00e9 morale, le dossier est \u00e9vident\u00a0\u00bb, avait-il ajout\u00e9. Mais \u00ab\u00a0en termes de responsabilit\u00e9 juridique, il y a des subtilit\u00e9s\u00a0\u00bb, a r\u00e9sum\u00e9 l\u2019avocat d\u2019Emanuela X. Tous les avocats de la d\u00e9fense avaient donc plaid\u00e9 la relaxe des six pr\u00e9venus sur ce point de \u00ab\u00a0non-assistance \u00e0 personne en danger\u00a0\u00bb.<\/p>\n<p class=\" wall-content\">Mais \u00ab\u00a0ils sont rest\u00e9s passifs face \u00e0 une situation de p\u00e9ril imminent\u00a0\u00bb, avait object\u00e9 la procureure de la R\u00e9publique. Un \u00ab\u00a0ami\u00a0\u00bb \u00e9tait venu les r\u00e9cup\u00e9rer sur les lieux de l\u2019accident et ils avaient ensuite repris la route, toujours \u00e0 six dans le v\u00e9hicule, a-t-elle rappel\u00e9.<\/p>\n<p class=\" wall-content\">\u00ab\u00a0Le conducteur encourt quatorze ans de prison, les passagers cinq\u00a0\u00bb, a-t-elle \u00e9galement rappel\u00e9.<\/p>\n<p class=\" wall-content\">\u00c0 la barre, visiblement \u00e9mus, tous avaient pr\u00e9sent\u00e9 leurs \u00ab\u00a0excuses\u00a0\u00bb \u00e0 la victime et \u00e0 sa m\u00e8re, \u00e9galement pr\u00e9sente \u00e0 l\u2019audience, pour cet accident \u00ab\u00a0involontaire\u00a0\u00bb qui \u00ab\u00a0ne devait pas arriver\u00a0\u00bb. Tous avaient\u00a0pris la fuite en raison de la \u00ab\u00a0peur\u00a0\u00bb et de \u00ab\u00a0l\u2019effet de groupe\u00a0\u00bb, ont-ils expliqu\u00e9.<\/p>\n<p>\u00ab\u00a0Plus aucun souvenir de l\u2019accident\u00a0\u00bb<\/p>\n<p class=\" wall-content\">Liam X., lui, assure n\u2019avoir \u00ab\u00a0plus aucun souvenir de l\u2019accident\u00a0\u00bb. Mais la vie de ce jeune p\u00e2tissier a bascul\u00e9 ce jour-l\u00e0 : il avait \u00e9t\u00e9 embauch\u00e9 chez Amaury Guichon, c\u00e9l\u00e8bre p\u00e2tissier-chocolatier aux \u00c9tats-Unis.<\/p>\n<p class=\" wall-content\">Ce \u00ab\u00a0dramatique accident\u00a0\u00bb a mis un terme \u00e0 ses r\u00eaves : sa vision \u00ab\u00a0\u00e0 droite\u00a0\u00bb est r\u00e9duite, il conserve des \u00ab\u00a0plaques\u00a0\u00bb dans les cervicales et se d\u00e9place aujourd\u2019hui encore avec des b\u00e9quilles. Se tenir debout lui est d\u2019ailleurs particuli\u00e8rement p\u00e9nible, ce qui l\u2019emp\u00eache de continuer \u00e0 travailler et ce qui \u00ab\u00a0l\u2019isole socialement\u00a0\u00bb.<\/p>\n<p>Relax\u00e9s pour \u00ab\u00a0non-assistance \u00e0 personne en danger\u00a0\u00bb<\/p>\n<p class=\" wall-content\">Le tribunal correctionnel de Lyon a finalement relax\u00e9 tous les pr\u00e9venus du chef de \u00ab\u00a0non-assistance \u00e0 personne en danger\u00a0\u00bb.<\/p>\n<p class=\" wall-content\">Mais <strong>Marjan X. a, malgr\u00e9 tout, \u00e9t\u00e9 condamn\u00e9 pour \u00ab\u00a0blessures involontaires aggrav\u00e9es\u00a0\u00bb \u00e0 six ans d\u2019emprisonnement assortis d\u2019un maintien en d\u00e9tention<\/strong>.<\/p>\n<p class=\" wall-content\">\u00c0 sa sortie de prison, il aura \u00e9galement l\u2019interdiction de conduire tout v\u00e9hicule terrestre \u00e0 moteur pendant deux ans. Contrairement \u00e0 ce qu\u2019avait requis la procureure de la R\u00e9publique, Marjan X. n\u2019a cependant pas \u00e9t\u00e9 d\u00e9finitivement interdit du territoire fran\u00e7ais.<\/p>\n<p class=\" wall-content\">\u00ab\u00a0Sa famille est victime d\u2019une vendetta en Albanie\u00a0\u00bb, avait rappel\u00e9 son avocat \u00e0 ce sujet.<\/p>\n<p class=\" wall-content\"><strong>MJ (PressPepper)<\/strong><\/p>\n<p class=\" wall-content\">Suivez toute l\u2019actualit\u00e9 de vos villes et m\u00e9dias favoris en vous inscrivant \u00e0 <a href=\"https:\/\/moncompte.actu.fr\" title=\"D\u00e9couvez Mon Actu\" rel=\"nofollow noopener\" data-trk=\"{&quot;cta&quot;:{&quot;action&quot;:&quot;https:\\\/\\\/moncompte.actu.fr&quot;,&quot;category&quot;:&quot;mon compte&quot;,&quot;from&quot;:&quot;article footer&quot;,&quot;name&quot;:&quot;Mon actu&quot;,&quot;type&quot;:&quot;cta&quot;}}\" target=\"_blank\">Mon Actu<\/a>.<\/p>\n","protected":false},"excerpt":{"rendered":"Par R\u00e9daction Lyon Publi\u00e9 le 25 mai 2025 \u00e0 7h06 Le tribunal correctionnel de Lyon a condamn\u00e9 ce&hellip;\n","protected":false},"author":2,"featured_media":126228,"comment_status":"","ping_status":"","sticky":false,"template":"","format":"standard","meta":{"footnotes":""},"categories":[1889],"tags":[119,1111,11,2430,1777,674,1011,27,303,2428,12,25,104],"class_list":{"0":"post-126227","1":"post","2":"type-post","3":"status-publish","4":"format-standard","5":"has-post-thumbnail","7":"category-lyon","8":"tag-accident","9":"tag-actu","10":"tag-actualites","11":"tag-auvergne-rhone-alpes","12":"tag-eu","13":"tag-europe","14":"tag-fr","15":"tag-france","16":"tag-justice","17":"tag-lyon","18":"tag-news","19":"tag-republique-francaise","20":"tag-societe"},"share_on_mastodon":{"url":"https:\/\/pubeurope.com\/@fr\/114566835969062485","error":""},"_links":{"self":[{"href":"https:\/\/www.europesays.com\/fr\/wp-json\/wp\/v2\/posts\/126227","targetHints":{"allow":["GET"]}}],"collection":[{"href":"https:\/\/www.europesays.com\/fr\/wp-json\/wp\/v2\/posts"}],"about":[{"href":"https:\/\/www.europesays.com\/fr\/wp-json\/wp\/v2\/types\/post"}],"author":[{"embeddable":true,"href":"https:\/\/www.europesays.com\/fr\/wp-json\/wp\/v2\/users\/2"}],"replies":[{"embeddable":true,"href":"https:\/\/www.europesays.com\/fr\/wp-json\/wp\/v2\/comments?post=126227"}],"version-history":[{"count":0,"href":"https:\/\/www.europesays.com\/fr\/wp-json\/wp\/v2\/posts\/126227\/revisions"}],"wp:featuredmedia":[{"embeddable":true,"href":"https:\/\/www.europesays.com\/fr\/wp-json\/wp\/v2\/media\/126228"}],"wp:attachment":[{"href":"https:\/\/www.europesays.com\/fr\/wp-json\/wp\/v2\/media?parent=126227"}],"wp:term":[{"taxonomy":"category","embeddable":true,"href":"https:\/\/www.europesays.com\/fr\/wp-json\/wp\/v2\/categories?post=126227"},{"taxonomy":"post_tag","embeddable":true,"href":"https:\/\/www.europesays.com\/fr\/wp-json\/wp\/v2\/tags?post=126227"}],"curies":[{"name":"wp","href":"https:\/\/api.w.org\/{rel}","templated":true}]}}