{"id":126235,"date":"2025-05-25T05:36:13","date_gmt":"2025-05-25T05:36:13","guid":{"rendered":"https:\/\/www.europesays.com\/fr\/126235\/"},"modified":"2025-05-25T05:36:13","modified_gmt":"2025-05-25T05:36:13","slug":"a-paris-nicolas-mayer-rossignol-et-les-anti-faure-se-preparent-a-la-victoire-lors-du-congres-du-ps","status":"publish","type":"post","link":"https:\/\/www.europesays.com\/fr\/126235\/","title":{"rendered":"A Paris, Nicolas Mayer Rossignol et les anti-Faure se pr\u00e9parent \u00e0 la victoire lors du Congr\u00e8s du PS"},"content":{"rendered":"<p class=\"latino-300b text-grey-800\">\n<p>  Par\u00a0<br \/>\n<a href=\"https:\/\/www.nouvelobs.com\/journalistes\/224\/richard-godin.html\" class=\"text-decoration-none link--box d-inline\" rel=\"nofollow noopener\" target=\"_blank\">Richard Godin<\/a>                <\/p>\n<p class=\"latino-300r text-grey-600\">\n      Publi\u00e9 le<\/p>\n<p>    24 mai 2025 \u00e0 22h30, mis \u00e0 jour le<\/p>\n<p>      24 mai 2025 \u00e0 22h36\n  <\/p>\n<p>      <img fetchpriority=\"high\" decoding=\"async\" class=\"mx-auto\" src=\"data:image\/svg+xml,%3Csvg%20xmlns%3D%27http%3A%2F%2Fwww.w3.org%2F2000%2Fsvg%27%20fill%3D%22%23e4e4e4%22%20viewBox%3D%270%200%20510%20340%27%20width%3D%22510%22%20height%3D%22340%22%3E%3Cpath%20d%3D%27M0%200h510v340H0z%27%2F%3E%3C%2Fsvg%3E\"  loading=\"eager\" width=\"510\" height=\"340\" data-oncrawl-image-size=\"510x340\" alt=\"Le maire de Rouen Nicolas Mayer Rossignol (\u00e0 droite, au micro) entour\u00e9 de sa \u00ab\u00a0dream team\u00a0\u00bb, lors d\u2019un meeting \u00e0 Paris, le 24\u00a0mai 2025.\"\/>      <\/p>\n<p class=\"latino-100m text-grey-600\">\n            Le maire de Rouen Nicolas Mayer Rossignol (\u00e0 droite, au micro) entour\u00e9 de sa \u00ab\u00a0dream team\u00a0\u00bb, lors d\u2019un meeting \u00e0 Paris, le 24\u00a0mai 2025.\u00a0\u00ab\u00a0CHANGER POUR GAGNER\u00a0\u00bb        <\/p>\n<p>    Lire\u00a0plus\u00a0tard  <\/p>\n<p><a aria-label=\"Nous suivre sur Google News\" href=\"https:\/\/news.google.com\/publications\/CAAqBwgKMJe4nQkw3dFs?hl=fr&amp;gl=FR&amp;ceid=FR%3Afr\" target=\"_blank\" data-piano=\"Page_Article,Sous_date_publi,Nous_suivre_sur_google_news,1er_clic,action\" class=\"btn btn--small btn--secondary\" rel=\"nofollow noopener\"><\/p>\n<p>      Google Actualit\u00e9s<br \/>\n  <\/a><\/p>\n<p>  Partager<\/p>\n<p>        Facebook<\/p>\n<p>        Bluesky<\/p>\n<p>        E-mail<\/p>\n<p>        Copier le lien<\/p>\n<p>      Envoyer<\/p>\n<p>    Offrir\u00a0cet\u00a0article<\/p>\n<p>S\u2019abonner permet d\u2019offrir les articles \u00e0 vos proches. Et pas que\u00a0: vous pouvez les consulter et les commenter.<\/p>\n<p>    Temps de lecture\u00a0:\u00a04\u00a0min.<\/p>\n<p class=\"badge badge--content-premium latino-100b\">Abonn\u00e9<\/p>\n<p class=\"article__description latino-600m mb-8 mb-lg-30 \" data-oncrawl-chapo-length=\"272\">\n  \t  Reportage\u00a0<br \/>\n    R\u00e9unis lors d\u2019un meeting dans la capitale, les soutiens du maire de Rouen, candidat pour devenir Premier secr\u00e9taire du Parti socialiste, ont d\u00e9fendu la n\u00e9cessit\u00e9 d\u2019un travail programmatique de clart\u00e9 et d\u2019ouverture pour \u00e0 nouveau \u00eatre \u00ab\u00a0respect\u00e9\u00a0\u00bb et \u00ab\u00a0gagner\u00a0\u00bb.<\/p>\n<p class=\"node__paragraphe antonia-750r text-grey-800 pb-24 pb-md-30\">\n\u00ab\u00a0Mais qu\u2019est-ce que vous faites l\u00e0 alors que tout va bien\u00a0?\u00a0\u00bb Dans le 20\u1d49 arrondissement de Paris, ce samedi 24\u00a0mai, Philippe Brun fait rire les tr\u00e8s nombreux militants socialistes venus au meeting du texte d\u2019orientation \u00ab\u00a0Changer pour gagner\u00a0\u00bb (TO C). Le <a href=\"https:\/\/www.nouvelobs.com\/politique\/20240622.OBS90080\/philippe-brun-le-rempart-socialiste-face-a-la-vague-rn-dans-l-eure.html\" rel=\"nofollow noopener\" target=\"_blank\">d\u00e9put\u00e9 de l\u2019Eure<\/a> \u00e9voque alors le nombre de militants qui n\u2019a \u00e9t\u00e9 jamais aussi bas depuis 1945 (39\u00a0815), les finances en berne, les nombreuses communes sans candidat pour 2026\u00a0ou encore \u00ab\u00a0un Premier secr\u00e9taire test\u00e9 \u00e0 4\u00a0% pour 2027\u00a0\u00bb. Face \u00e0 ce constat d\u2019\u00e9chec, <a href=\"https:\/\/www.nouvelobs.com\/politique\/20250426.OBS103247\/faure-mayer-rossignol-et-vallaud-trois-hommes-pour-un-fauteuil-de-premier-secretaire-du-ps.html\" rel=\"nofollow noopener\" target=\"_blank\">le congr\u00e8s de Nancy \u00e0 venir<\/a> (13\u00a0au 15\u00a0juin) n\u2019est rien de moins que \u00ab\u00a0le plus important du XIX\u1d49 si\u00e8cle\u00a0\u00bb, assure ce membre de la \u00ab\u00a0dream team\u00a0\u00bb r\u00e9unis autour de <a href=\"https:\/\/www.nouvelobs.com\/politique\/20250304.OBS101014\/nicolas-mayer-rossignol-officialise-sa-candidature-a-la-tete-du-ps-je-ne-veux-pas-d-un-pugilat.html\" rel=\"nofollow noopener\" target=\"_blank\">Nicolas Mayer Rossignol<\/a>, qui ambitionne de diriger le Parti socialiste (PS).<\/p>\n<p class=\"node__paragraphe antonia-750r text-grey-800 pb-8\">\nEn\u00a02023, lors du congr\u00e8s de Marseille, ce dernier avait \u00e9chou\u00e9 dans la douleur \u00e0 ravir le poste \u00e0 Olivier Faure. Deux ans plus tard, pour faire tomber le d\u00e9put\u00e9 de Seine-et-Marne, candidat \u00e0 sa succession, le maire de Rouen s\u2019est attel\u00e9 \u00e0 former <a href=\"https:\/\/www.nouvelobs.com\/politique\/20250411.OBS102613\/congres-du-ps-trois-courants-opposes-a-olivier-faure-annoncent-leur-fusion.html\" rel=\"nofollow noopener\" target=\"_blank\">un \u00ab\u00a0rassemblement in\u00e9dit\u00a0\u00bb<\/a> en s\u2019unissant avec la liste de la maire de Vaulx-en-Velin, H\u00e9l\u00e8ne Geoffroy, et celle des d\u00e9put\u00e9s Philippe Brun et J\u00e9r\u00f4me Guedj &#8211; anciens soutiens du Premier secr\u00e9taire sortant\u2026<\/p>\n<p class=\"latino-100m text-blue-400\">Article r\u00e9serv\u00e9 aux abonn\u00e9s.<\/p>\n<p>          Se connecter<\/p>\n<p class=\"text-center antonia-1850c\" style=\"margin-bottom:4px;\">Envie de lire la suite ?<\/p>\n<p class=\"text-center antonia-800c pb-15\">Tous nos articles en int\u00e9gralit\u00e9 d\u00e8s\u00a01\u20ac<\/p>\n<p>        S&rsquo;abonner<\/p>\n<p class=\"text-grey-700 or\">ou<\/p>\n<p>            <img width=\"164\" height=\"20\" src=\"data:image\/svg+xml,%3Csvg%20xmlns%3D%27http%3A%2F%2Fwww.w3.org%2F2000%2Fsvg%27%20fill%3D%22%23e4e4e4%22%20viewBox%3D%270%200%20282%2054%27%20width%3D%22282%22%20height%3D%2254%22%3E%3Cpath%20d%3D%27M0%200h282v54H0z%27%2F%3E%3C%2Fsvg%3E\"  class=\"js-swg-placeholder\" alt=\"Subscribe with Google\" loading=\"lazy\" decoding=\"async\"\/><\/p>\n<p>          D\u00e9couvrir toutes nos offres<\/p>\n","protected":false},"excerpt":{"rendered":"Par\u00a0 Richard Godin Publi\u00e9 le 24 mai 2025 \u00e0 22h30, mis \u00e0 jour le 24 mai 2025 \u00e0&hellip;\n","protected":false},"author":2,"featured_media":126236,"comment_status":"","ping_status":"","sticky":false,"template":"","format":"standard","meta":{"footnotes":""},"categories":[1888],"tags":[17,1111,1928,11,1927,12690,1777,674,13700,1011,27,22247,12,1926,3957,626,1925,3541,316,15651,25,24980],"class_list":{"0":"post-126235","1":"post","2":"type-post","3":"status-publish","4":"format-standard","5":"has-post-thumbnail","7":"category-paris","8":"tag-17","9":"tag-actu","10":"tag-actu-paris","11":"tag-actualites","12":"tag-actualites-paris","13":"tag-anti","14":"tag-eu","15":"tag-europe","16":"tag-faure","17":"tag-fr","18":"tag-france","19":"tag-mayer","20":"tag-news","21":"tag-news-paris","22":"tag-nicolas","23":"tag-paris","24":"tag-paris-news","25":"tag-parti-socialiste","26":"tag-politique","27":"tag-preparent","28":"tag-republique-francaise","29":"tag-rossignol"},"share_on_mastodon":{"url":"https:\/\/pubeurope.com\/@fr\/114566855669205311","error":""},"_links":{"self":[{"href":"https:\/\/www.europesays.com\/fr\/wp-json\/wp\/v2\/posts\/126235","targetHints":{"allow":["GET"]}}],"collection":[{"href":"https:\/\/www.europesays.com\/fr\/wp-json\/wp\/v2\/posts"}],"about":[{"href":"https:\/\/www.europesays.com\/fr\/wp-json\/wp\/v2\/types\/post"}],"author":[{"embeddable":true,"href":"https:\/\/www.europesays.com\/fr\/wp-json\/wp\/v2\/users\/2"}],"replies":[{"embeddable":true,"href":"https:\/\/www.europesays.com\/fr\/wp-json\/wp\/v2\/comments?post=126235"}],"version-history":[{"count":0,"href":"https:\/\/www.europesays.com\/fr\/wp-json\/wp\/v2\/posts\/126235\/revisions"}],"wp:featuredmedia":[{"embeddable":true,"href":"https:\/\/www.europesays.com\/fr\/wp-json\/wp\/v2\/media\/126236"}],"wp:attachment":[{"href":"https:\/\/www.europesays.com\/fr\/wp-json\/wp\/v2\/media?parent=126235"}],"wp:term":[{"taxonomy":"category","embeddable":true,"href":"https:\/\/www.europesays.com\/fr\/wp-json\/wp\/v2\/categories?post=126235"},{"taxonomy":"post_tag","embeddable":true,"href":"https:\/\/www.europesays.com\/fr\/wp-json\/wp\/v2\/tags?post=126235"}],"curies":[{"name":"wp","href":"https:\/\/api.w.org\/{rel}","templated":true}]}}