{"id":126239,"date":"2025-05-25T05:38:08","date_gmt":"2025-05-25T05:38:08","guid":{"rendered":"https:\/\/www.europesays.com\/fr\/126239\/"},"modified":"2025-05-25T05:38:08","modified_gmt":"2025-05-25T05:38:08","slug":"apres-jim-morrison-ce-musicien-celebre-avait-lui-aussi-perdu-sa-tete","status":"publish","type":"post","link":"https:\/\/www.europesays.com\/fr\/126239\/","title":{"rendered":"apr\u00e8s Jim Morrison, ce musicien c\u00e9l\u00e8bre avait lui aussi perdu sa t\u00eate"},"content":{"rendered":"<p>            Par<br \/>\n        <strong><br \/>\n            <a href=\"https:\/\/actu.fr\/auteur\/antoine-blanchet\" title=\"Consulter tous les articles de Antoine Blanchet\" target=\"_blank\" rel=\"noopener\">Antoine Blanchet<\/a><br \/>\n        <\/strong><\/p>\n<p>        Publi\u00e9 le<\/p>\n<p>            25 mai 2025 \u00e0 7h26        <\/p>\n<p>Au <a href=\"https:\/\/actu.fr\/ile-de-france\/paris_75056\/cimetiere-du-pere-lachaise-a-paris-pourquoi-y-a-t-il-des-pommes-de-terre-sur-cette-tombe_51523595.html\" target=\"_blank\" rel=\"noopener\">P\u00e8re Lachaise<\/a> comme ailleurs, les morts ont parfois du mal \u00e0 trouver le repos. Au sein du plus grand cimeti\u00e8re de <a href=\"https:\/\/actu.fr\/paris\/\" target=\"_blank\" rel=\"noopener\">Paris<\/a>, il arrive que les d\u00e9funts c\u00e9l\u00e8bres<strong> se fassent d\u00e9pouiller de leurs ornements fun\u00e9raires<\/strong> par quelques pillards de passage. Samedi 17 mai 2025, l\u2019un de ces vols macabres a fait les gros titres. Le buste de <strong>Jim Morrison<\/strong>, c\u00e9l\u00e8bre chanteur du groupe des Doors, <a href=\"https:\/\/actu.fr\/ile-de-france\/paris_75056\/paris-vole-en-1988-au-cimetiere-du-pere-lachaise-le-buste-de-la-tombe-de-jim-morrison-a-ete-retrouve_62655927.html\" target=\"_blank\" rel=\"noopener\">a \u00e9t\u00e9 retrouv\u00e9 lors d\u2019une op\u00e9ration de police<\/a>. Le bronze avait \u00e9t\u00e9 d\u00e9rob\u00e9 en 1988.<\/p>\n<p>Une s\u00e9rie de vols en 2006<\/p>\n<p class=\" wall-content\">Si sa tombe est l\u2019une des plus visit\u00e9es du P\u00e8re-Lachaise, la rockstar n\u2019est pas la seule \u00e0 avoir \u00e9t\u00e9 victime de ce larcin d\u2019outre-tombe. Un autre grand musicien a aussi perdu la t\u00eate pendant plusieurs ann\u00e9es. Il s\u2019agit de<strong> Georges-Bizet<\/strong>. Le compositeur, n\u00e9 en 1838 et mort en 1875, est c\u00e9l\u00e8bre pour son op\u00e9ra Carmen et ses airs incontournables (Le Tor\u00e9ador, L\u2019amour est enfant de Boh\u00e8me..).\u00a0<\/p>\n<p class=\" wall-content\">En d\u00e9cembre 2006, une s\u00e9rie de vols frappe le P\u00e8re Lachaise. Six bustes en bronze sont d\u00e9rob\u00e9s \u00e0 plusieurs endroits du cimeti\u00e8re. Reposant dans la 68e division, Georges Bizet fait partie des victimes. Le bronze, situ\u00e9 au sommet de la s\u00e9pulture, a \u00e9t\u00e9 con\u00e7u par le sculpteur Paul Dubois. Apr\u00e8s ce larcin, une plainte est d\u00e9pos\u00e9e.\u00a0<\/p>\n<p>Un long retour au tombeau<\/p>\n<p class=\" wall-content\">Contrairement \u00e0 Jim Morrison, o\u00f9 son buste va dispara\u00eetre plus de 40 ans, Georges Bizet a plus de chance. Un an apr\u00e8s les faits, plusieurs personnes ont \u00e9t\u00e9 interpell\u00e9es. L\u2019\u0153uvre fun\u00e9raire est retrouv\u00e9e. Cependant, il faudra attendre un long moment avant que la conservation du mus\u00e9e replace le buste sur la tombe. Aujourd\u2019hui, le visage de Bizet contemple de nouveau les promeneurs.\u00a0<\/p>\n<p class=\" wall-content\">Les vols dans le cimeti\u00e8re du P\u00e8re Lachaise. Le lieu, \u00e9tendu, est difficile \u00e0 surveiller, et des \u0153uvres attirent certains regards avides. En 2009, c\u2019est litt\u00e9ralement une sculpture enti\u00e8re qui a \u00e9t\u00e9 d\u00e9rob\u00e9e. Celle en bronze du c\u00e9l\u00e8bre <strong>danseur Serge Peretti<\/strong>. Depuis, c\u2019est une nouvelle statue qui orne sa tombe.\u00a0<\/p>\n<p class=\" wall-content\">Suivez toute l\u2019actualit\u00e9 de vos villes et m\u00e9dias favoris en vous inscrivant \u00e0 <a href=\"https:\/\/moncompte.actu.fr\" title=\"D\u00e9couvez Mon Actu\" rel=\"nofollow noopener\" data-trk=\"{&quot;cta&quot;:{&quot;action&quot;:&quot;https:\\\/\\\/moncompte.actu.fr&quot;,&quot;category&quot;:&quot;mon compte&quot;,&quot;from&quot;:&quot;article footer&quot;,&quot;name&quot;:&quot;Mon actu&quot;,&quot;type&quot;:&quot;cta&quot;}}\" target=\"_blank\">Mon Actu<\/a>.<\/p>\n<ul class=\"ac-article-tag wall-content\">\n<li><a href=\"https:\/\/actu.fr\/tag\/cimetiere-du-pere-lachaise\" data-trk=\"{&quot;cta&quot;:{&quot;action&quot;:&quot;Cimeti\\u00e8re du P\\u00e8re-Lachaise&quot;,&quot;category&quot;:&quot;tag&quot;,&quot;from&quot;:&quot;article footer&quot;,&quot;name&quot;:&quot;Cimeti\\u00e8re du P\\u00e8re-Lachaise&quot;,&quot;type&quot;:&quot;cta&quot;}}\" target=\"_blank\" rel=\"noopener\">#Cimeti\u00e8re du P\u00e8re-Lachaise<\/a><\/li>\n<\/ul>\n","protected":false},"excerpt":{"rendered":"Par Antoine Blanchet Publi\u00e9 le 25 mai 2025 \u00e0 7h26 Au P\u00e8re Lachaise comme ailleurs, les morts ont&hellip;\n","protected":false},"author":2,"featured_media":126240,"comment_status":"","ping_status":"","sticky":false,"template":"","format":"standard","meta":{"footnotes":""},"categories":[1888],"tags":[11,14944,1777,674,118,1011,27,12,626,25],"class_list":{"0":"post-126239","1":"post","2":"type-post","3":"status-publish","4":"format-standard","5":"has-post-thumbnail","7":"category-paris","8":"tag-actualites","9":"tag-cimetiere-du-pere-lachaise","10":"tag-eu","11":"tag-europe","12":"tag-faits-divers","13":"tag-fr","14":"tag-france","15":"tag-news","16":"tag-paris","17":"tag-republique-francaise"},"share_on_mastodon":{"url":"https:\/\/pubeurope.com\/@fr\/114566863678334387","error":""},"_links":{"self":[{"href":"https:\/\/www.europesays.com\/fr\/wp-json\/wp\/v2\/posts\/126239","targetHints":{"allow":["GET"]}}],"collection":[{"href":"https:\/\/www.europesays.com\/fr\/wp-json\/wp\/v2\/posts"}],"about":[{"href":"https:\/\/www.europesays.com\/fr\/wp-json\/wp\/v2\/types\/post"}],"author":[{"embeddable":true,"href":"https:\/\/www.europesays.com\/fr\/wp-json\/wp\/v2\/users\/2"}],"replies":[{"embeddable":true,"href":"https:\/\/www.europesays.com\/fr\/wp-json\/wp\/v2\/comments?post=126239"}],"version-history":[{"count":0,"href":"https:\/\/www.europesays.com\/fr\/wp-json\/wp\/v2\/posts\/126239\/revisions"}],"wp:featuredmedia":[{"embeddable":true,"href":"https:\/\/www.europesays.com\/fr\/wp-json\/wp\/v2\/media\/126240"}],"wp:attachment":[{"href":"https:\/\/www.europesays.com\/fr\/wp-json\/wp\/v2\/media?parent=126239"}],"wp:term":[{"taxonomy":"category","embeddable":true,"href":"https:\/\/www.europesays.com\/fr\/wp-json\/wp\/v2\/categories?post=126239"},{"taxonomy":"post_tag","embeddable":true,"href":"https:\/\/www.europesays.com\/fr\/wp-json\/wp\/v2\/tags?post=126239"}],"curies":[{"name":"wp","href":"https:\/\/api.w.org\/{rel}","templated":true}]}}