{"id":126247,"date":"2025-05-25T05:42:08","date_gmt":"2025-05-25T05:42:08","guid":{"rendered":"https:\/\/www.europesays.com\/fr\/126247\/"},"modified":"2025-05-25T05:42:08","modified_gmt":"2025-05-25T05:42:08","slug":"les-peluches-virales-labubu-retirees-des-rayons-au-royaume-uni-deception-pour-les-fans","status":"publish","type":"post","link":"https:\/\/www.europesays.com\/fr\/126247\/","title":{"rendered":"Les peluches virales Labubu retir\u00e9es des rayons au Royaume-Uni, d\u00e9ception pour les fans"},"content":{"rendered":"<p>Une sorte de m\u00e9lange entre un humain, un monstre et un lapin, le tout aux couleurs flashs : la recette parfaite pour faire le \u00ab\u00a0buzz\u00a0\u00bb. Ces peluches, nomm\u00e9es Labubu sont devenues en quelques semaines un accessoire de mode viral, port\u00e9es par des stars comme <a href=\"https:\/\/www.laprovence.com\/article\/france-monde\/2330901553941315\/les-reines-de-la-pop-dominent-les-nominations-aux-mtv-europe-music-awards-2024\" target=\"_blank\" rel=\"noopener\">Lisa <\/a>des Black Pink, <a href=\"https:\/\/www.laprovence.com\/article\/societe\/1322202664477715\/rihanna-et-a-ap-rocky-revelent-quils-attendent-un-troisieme-enfant-a-loccasion-du-met-gala\" target=\"_blank\" rel=\"noopener\">Rihanna<\/a> ou <a href=\"https:\/\/www.laprovence.com\/article\/culture-loisirs\/18983551411712\/dua-lipa-en-concert-a-nimes-les-12-et-13-juin-2024-cap-sur-loptimisme-radical-de-la-pop\" target=\"_blank\" rel=\"noopener\">Dua Lipa<\/a>.\u00a0\u00a0<\/p>\n<p>Mais, d\u00e9ception et frustration pour les fans britanniques : les ventes de ces petites peluches ont \u00e9t\u00e9 suspendues dans les boutiques qui les commercialisent au Royaume-Uni, en raison des attroupements qu&rsquo;elles provoquent.<\/p>\n<p>La viralit\u00e9 de Labubu ne s&rsquo;est pas limit\u00e9e aux\u00a0c\u00e9l\u00e9brit\u00e9s. Sur TikTok, les vid\u00e9os \u00ab\u00a0d&rsquo;unboxing\u00a0\u00bb (le fait de d\u00e9baller des affaires tout en se filmant, ndlr) d&rsquo;anonymes ouvrant leur bo\u00eete surprise contenant un Labubu font des centaines, voire des milliers de vues. Sur Tik Tok, plus d&rsquo;un million de vid\u00e9os ont \u00e9t\u00e9 diffus\u00e9es sur le sujet.<\/p>\n<p>Ces figurines, que certains qualifient d&rsquo;effrayantes, viennent tout droit de l&rsquo;imagination d&rsquo;un illustrateur hongkongais, Kasing Lung, cr\u00e9ateur de la s\u00e9rie \u00ab\u00a0The Monsters\u00a0\u00bb. Leur prix, une trentaine d&rsquo;euros, peut d\u00e9passer les 100 euros pour certains mod\u00e8les sur le site de <a href=\"https:\/\/www.laprovence.com\/article\/france-monde\/6340504\/en-chine-les-boites-mystere-sarrachent-a-prix-dor.html\" target=\"_blank\" rel=\"noopener\">la marque chinoise Pop Mart<\/a> qui les commercialise.\u00a0<\/p>\n<p>L&rsquo;engouement est tel que Pop Mart a annonc\u00e9 sa d\u00e9cision de les retirer de ses boutiques au Royaume-Uni, en raison des longues files d&rsquo;attente se formant devant les magasins, qui posent des probl\u00e8mes \u00ab\u00a0de s\u00e9curit\u00e9\u00a0\u00bb.\u00a0Les ventes en ligne sont en revanche maintenues.<\/p>\n<p>Des heures pour obtenir les derni\u00e8res peluches Labubu<\/p>\n<p>Les figurines ont \u00ab\u00a0de nombreux fans partout dans le monde, or dans certains pays, elles ne sont pas en vente\u00a0\u00bb, a expliqu\u00e9 \u00e0 l&rsquo;AFP une employ\u00e9e du magasin Pop Mart \u00e0 <a href=\"https:\/\/www.laprovence.com\/article\/actualites\/1538822968653716\/a-londres-une-peinture-anti-pipi-pour-empecher-les-hommes-duriner-dans-la-rue\" target=\"_blank\" rel=\"noopener\">Soho, dans le centre de Londres<\/a>, Engie, qui n&rsquo;a pas donn\u00e9 son nom de famille. De nombreuses personnes venaient dans la capitale britannique avec l&rsquo;espoir de d\u00e9crocher ce s\u00e9same.\u00a0<\/p>\n<p>Des clients \u00e9taient pr\u00eats \u00e0 faire la queue pendant des heures, mais parfois, arrivaient face \u00e0 des rayons d\u00e9j\u00e0 vides. Engie raconte la \u00ab\u00a0d\u00e9ception\u00a0\u00bb des clients et d&rsquo;autres qui se sont montr\u00e9s \u00ab\u00a0mena\u00e7ants\u00a0\u00bb, verbalement et physiquement.<\/p>\n<p>Pour faire face \u00e0 l&rsquo;afflux de clients, le magasin avait mis en place un syst\u00e8me de tickets avec des num\u00e9ros permettant d&rsquo;acc\u00e9der \u00e0 la boutique. \u00ab\u00a0Mais certains ont essay\u00e9 de les acheter pour doubler les autres\u00a0\u00bb, d\u00e9taille Engie. \u00ab\u00a0C&rsquo;est pourquoi il a fallu mettre les ventes en pause\u00a0\u00bb.\u00a0\u00a0<\/p>\n<p>Sur les r\u00e9seaux sociaux, les adeptes de Labubu ont exprim\u00e9 leur contrari\u00e9t\u00e9.\u00a0Une utilisatrice raconte n&rsquo;avoir pas pu finaliser sa commande \u00e0 la suite d&rsquo;un bug informatique. Son message est assorti d&rsquo;un smiley qui pleure \u00e0 chaudes larmes.\u00a0Un autre internaute demande \u00e0 la marque \u00ab\u00a0d&rsquo;organiser un tirage au sort\u00a0\u00bb afin d&rsquo;avoir une chance de mettre la main sur une peluche.<\/p>\n<p>De son c\u00f4t\u00e9, Pop Mart a indiqu\u00e9 vendredi sur Instagram \u00ab\u00a0travailler \u00e0 une nouvelle approche (&#8230;) qui permettra \u00e0 tout le monde d&rsquo;avoir de fa\u00e7on plus \u00e9quitable la chance\u00a0\u00bb d&rsquo;acheter ces poup\u00e9es.<\/p>\n","protected":false},"excerpt":{"rendered":"Une sorte de m\u00e9lange entre un humain, un monstre et un lapin, le tout aux couleurs flashs :&hellip;\n","protected":false},"author":2,"featured_media":126248,"comment_status":"","ping_status":"","sticky":false,"template":"","format":"standard","meta":{"footnotes":""},"categories":[1588],"tags":[17,11,154,1777,674,24983,151,12,24981,11562,24984,473,1853,104,1851,1850,1852,24982],"class_list":{"0":"post-126247","1":"post","2":"type-post","3":"status-publish","4":"format-standard","5":"has-post-thumbnail","7":"category-royaume-uni","8":"tag-17","9":"tag-actualites","10":"tag-des","11":"tag-eu","12":"tag-europe","13":"tag-labubu","14":"tag-les","15":"tag-news","16":"tag-peluches","17":"tag-rayons","18":"tag-retirees","19":"tag-royaume-uni","20":"tag-royaume-uni-de-grande-bretagne-et-dirlande-du-nord","21":"tag-societe","22":"tag-uk","23":"tag-united-kingdom","24":"tag-united-kingdom-of-great-britain-and-northern-ireland","25":"tag-virales"},"share_on_mastodon":{"url":"https:\/\/pubeurope.com\/@fr\/114566879301195100","error":""},"_links":{"self":[{"href":"https:\/\/www.europesays.com\/fr\/wp-json\/wp\/v2\/posts\/126247","targetHints":{"allow":["GET"]}}],"collection":[{"href":"https:\/\/www.europesays.com\/fr\/wp-json\/wp\/v2\/posts"}],"about":[{"href":"https:\/\/www.europesays.com\/fr\/wp-json\/wp\/v2\/types\/post"}],"author":[{"embeddable":true,"href":"https:\/\/www.europesays.com\/fr\/wp-json\/wp\/v2\/users\/2"}],"replies":[{"embeddable":true,"href":"https:\/\/www.europesays.com\/fr\/wp-json\/wp\/v2\/comments?post=126247"}],"version-history":[{"count":0,"href":"https:\/\/www.europesays.com\/fr\/wp-json\/wp\/v2\/posts\/126247\/revisions"}],"wp:featuredmedia":[{"embeddable":true,"href":"https:\/\/www.europesays.com\/fr\/wp-json\/wp\/v2\/media\/126248"}],"wp:attachment":[{"href":"https:\/\/www.europesays.com\/fr\/wp-json\/wp\/v2\/media?parent=126247"}],"wp:term":[{"taxonomy":"category","embeddable":true,"href":"https:\/\/www.europesays.com\/fr\/wp-json\/wp\/v2\/categories?post=126247"},{"taxonomy":"post_tag","embeddable":true,"href":"https:\/\/www.europesays.com\/fr\/wp-json\/wp\/v2\/tags?post=126247"}],"curies":[{"name":"wp","href":"https:\/\/api.w.org\/{rel}","templated":true}]}}