{"id":126252,"date":"2025-05-25T05:45:09","date_gmt":"2025-05-25T05:45:09","guid":{"rendered":"https:\/\/www.europesays.com\/fr\/126252\/"},"modified":"2025-05-25T05:45:09","modified_gmt":"2025-05-25T05:45:09","slug":"booking-com-en-guerre-contre-lunion-europeenne","status":"publish","type":"post","link":"https:\/\/www.europesays.com\/fr\/126252\/","title":{"rendered":"Booking.com en guerre contre l&rsquo;Union europ\u00e9enne"},"content":{"rendered":"<p>La sanction de 50\u202f% de <a href=\"https:\/\/www.latribune.fr\/economie\/international\/l-europe-sous-pression-trump-menace-de-droits-de-douane-a-50-au-1er-juin-1025715.html\" target=\"_blank\" rel=\"noopener\">droits de douane<\/a> inflig\u00e9s \u00e0 l&rsquo;Union europ\u00e9enne, annonc\u00e9e le 23\u202fmai par Donald Trump, repose en partie pour le pr\u00e9sident des \u00c9tats-Unis sur \u00ab\u202fles poursuites injustifi\u00e9es et injustes contre des entreprises am\u00e9ricaines\u202f\u00bb. Une opinion partag\u00e9e plus ou moins discr\u00e8tement par de nombreux patrons am\u00e9ricains, aux prises avec les r\u00e9glementations en vigueur de ce c\u00f4t\u00e9-ci de l&rsquo;Atlantique.<\/p>\n<p>Parmi les plus remont\u00e9s figure sans conteste Glenn Fogel, 63 ans. Le PDG de <a href=\"https:\/\/www.latribune.fr\/entreprises-finance\/services\/tourisme-loisirs\/l-espagne-inflige-une-amende-record-a-booking-com-pour-abus-de-position-dominante-1003394.html\" target=\"_blank\" rel=\"noopener\">Booking Holdings<\/a>, propri\u00e9taire du g\u00e9ant mondial Booking.com, sa filiale install\u00e9e \u00e0 Amsterdam qui r\u00e9alise plus de 80\u202f% du chiffre d&rsquo;affaires du groupe, proteste publiquement depuis plusieurs ann\u00e9es contre diverses dispositions prises par les Vingt-Sept.<\/p>\n","protected":false},"excerpt":{"rendered":"La sanction de 50\u202f% de droits de douane inflig\u00e9s \u00e0 l&rsquo;Union europ\u00e9enne, annonc\u00e9e le 23\u202fmai par Donald Trump,&hellip;\n","protected":false},"author":2,"featured_media":126253,"comment_status":"","ping_status":"","sticky":false,"template":"","format":"standard","meta":{"footnotes":""},"categories":[1586],"tags":[17,11,24985,1444,1777,674,1779,4538,1011,27,1146,4537,3102,12,25,602,1778,364],"class_list":{"0":"post-126252","1":"post","2":"type-post","3":"status-publish","4":"format-standard","5":"has-post-thumbnail","7":"category-europe","8":"tag-17","9":"tag-actualites","10":"tag-booking-com","11":"tag-contre","12":"tag-eu","13":"tag-europe","14":"tag-european-union","15":"tag-europeenne","16":"tag-fr","17":"tag-france","18":"tag-guerre","19":"tag-lunion","20":"tag-la-tribune-dimanche","21":"tag-news","22":"tag-republique-francaise","23":"tag-tourisme","24":"tag-ue","25":"tag-union-europeenne"},"share_on_mastodon":{"url":"https:\/\/pubeurope.com\/@fr\/114566890972803980","error":""},"_links":{"self":[{"href":"https:\/\/www.europesays.com\/fr\/wp-json\/wp\/v2\/posts\/126252","targetHints":{"allow":["GET"]}}],"collection":[{"href":"https:\/\/www.europesays.com\/fr\/wp-json\/wp\/v2\/posts"}],"about":[{"href":"https:\/\/www.europesays.com\/fr\/wp-json\/wp\/v2\/types\/post"}],"author":[{"embeddable":true,"href":"https:\/\/www.europesays.com\/fr\/wp-json\/wp\/v2\/users\/2"}],"replies":[{"embeddable":true,"href":"https:\/\/www.europesays.com\/fr\/wp-json\/wp\/v2\/comments?post=126252"}],"version-history":[{"count":0,"href":"https:\/\/www.europesays.com\/fr\/wp-json\/wp\/v2\/posts\/126252\/revisions"}],"wp:featuredmedia":[{"embeddable":true,"href":"https:\/\/www.europesays.com\/fr\/wp-json\/wp\/v2\/media\/126253"}],"wp:attachment":[{"href":"https:\/\/www.europesays.com\/fr\/wp-json\/wp\/v2\/media?parent=126252"}],"wp:term":[{"taxonomy":"category","embeddable":true,"href":"https:\/\/www.europesays.com\/fr\/wp-json\/wp\/v2\/categories?post=126252"},{"taxonomy":"post_tag","embeddable":true,"href":"https:\/\/www.europesays.com\/fr\/wp-json\/wp\/v2\/tags?post=126252"}],"curies":[{"name":"wp","href":"https:\/\/api.w.org\/{rel}","templated":true}]}}