{"id":126254,"date":"2025-05-25T05:46:09","date_gmt":"2025-05-25T05:46:09","guid":{"rendered":"https:\/\/www.europesays.com\/fr\/126254\/"},"modified":"2025-05-25T05:46:09","modified_gmt":"2025-05-25T05:46:09","slug":"la-charniere-le-brun-arata-en-patronne-raisuqe-honore-les-cancres-auvergnats-les-tops-flops","status":"publish","type":"post","link":"https:\/\/www.europesays.com\/fr\/126254\/","title":{"rendered":"la charni\u00e8re Le Brun-Arata en patronne, Raisuqe honor\u00e9, les cancres auvergnats&#8230; Les tops\/flops"},"content":{"rendered":"<p>\u00c0 l\u2019issue de la victoire du Castres Olympique samedi soir, lors de la 23e journ\u00e9e du Top 14, face \u00e0 l\u2019ASM (34-29), d\u00e9couvrez ce qui a plu&#8230; et d\u00e9plu \u00e0 la r\u00e9daction du Figaro.<\/p>\n<p class=\"fig-paragraph\"><strong>TOPS\u00a0<\/strong><\/p>\n<p>La charni\u00e8re Louis Le Brun-Santiago Arata en patronne<\/p>\n<p class=\"fig-paragraph\">Guid\u00e9 par deux chefs d\u2019orchestre de cette qualit\u00e9, le CO n\u2019a pas grand-chose \u00e0 craindre. Toujours parfait au pied (onze points) et auteur du deuxi\u00e8me essai de son \u00e9quipe (24e), Louis Le Brun confirme, une nouvelle fois, son changement de dimension cette saison. L\u2019ouvreur castrais s\u2019est \u00e9galement montr\u00e9 incisif en r\u00e9ussissant huit plaquages sur dix tent\u00e9s. Un autre\u00a0<a href=\"http:\/\/www.lefigaro.fr\/sports\/rugby\/top-14\/top-14-en-hommage-a-raisuqe-le-co-domine-l-asm-et-prend-une-grosse-option-pour-le-top-6-20250524\" data-fig-type=\"NewsFlash\" data-gtm-custom-categorie=\"navigation\" data-gtm-custom-action=\"crossclick\" data-gtm-custom-label=\"Contextuel\" data-gtm-event=\"customEventSPE\" data-fig-domain=\"LEFIGARO\" target=\"_blank\" rel=\"noopener\">grand match<\/a>\u00a0\u00e0 sa collection.<\/p>\n<p class=\"fig-paragraph\">De son c\u00f4t\u00e9, son comp\u00e8re uruguayen a \u00e9t\u00e9 intenable. Avec ses quasiment 50 m\u00e8tres parcourus ballon en main, le demi de m\u00eal\u00e9e tarnais a eu son mot \u00e0 dire sur quasiment chacune des offensives de son \u00e9quipe. Au d\u00e9marrage ou \u00e0 la finition des actions, l\u2019Olympien s\u2019est montr\u00e9 extr\u00eamement disponible, \u00e9clipsant son homologue clermontois.<\/p>\n<p class=\"fig-body-link\">\n            \u00c0 lire aussi<br \/>\n        <a class=\"fig-body-link__link\" href=\"http:\/\/www.lefigaro.fr\/sports\/rugby\/top-14\/top-14-en-hommage-a-raisuqe-le-co-domine-l-asm-et-prend-une-grosse-option-pour-le-top-6-20250524\" data-fig-type=\"NewsFlash\" rel=\"nofollow noopener\" data-gtm-custom-categorie=\"navigation\" data-gtm-custom-action=\"crossclick\" data-gtm-custom-label=\"Contextuel\" data-gtm-event=\"customEventSPE\" data-fig-domain=\"LEFIGARO\" target=\"_blank\">Top 14\u00a0: en hommage \u00e0 Raisuqe, le CO domine l\u2019ASM et se rapproche des phases finales<br \/>\n    <\/a>\n<\/p>\n<p>Vilimoni Botitu f\u00e9roce<\/p>\n<p class=\"fig-paragraph\">Une fois lanc\u00e9, le trois-quarts centre du CO se mue en v\u00e9ritable boulet de canon. 50 m\u00e8tres aval\u00e9s avec le ballon, cinq d\u00e9fenseurs battus, deux franchissements, deux plaquages rat\u00e9s sur onze tent\u00e9s&#8230; Le Fidjien a tout fait. Une machine de guerre.<\/p>\n<p>Alexandre Fischer par deux fois<\/p>\n<p class=\"fig-paragraph\">Une des marques de satisfaction c\u00f4t\u00e9 auvergnat. Le troisi\u00e8me ligne a sign\u00e9 un beau doubl\u00e9 dans cette rencontre (12e, 45e), en se montrant percutant sur les ailes et puissant lors des ballons port\u00e9s. Le Clermontois cumule \u00e9galement \u00e0 son compte trois d\u00e9fenseurs battus.<\/p>\n<p>Josaia Raisuqe honor\u00e9<\/p>\n<p class=\"fig-paragraph\">Le Castres Olympique a fait le travail sur et en dehors du terrain. Pour leur retour dans leur antre de Pierre-Fabre, les Tarnais se devaient de rendre hommage \u00e0 leur ancien centre,\u00a0<a href=\"http:\/\/www.lefigaro.fr\/sports\/rugby\/top-14\/rugby-deces-de-raisuqe-ses-parents-ont-ete-tres-touches-par-l-hommage-rendu-a-leur-fils-20250519\" data-fig-type=\"NewsFlash\" data-gtm-custom-categorie=\"navigation\" data-gtm-custom-action=\"crossclick\" data-gtm-custom-label=\"Contextuel\" data-gtm-event=\"customEventSPE\" data-fig-domain=\"LEFIGARO\" target=\"_blank\" rel=\"noopener\">d\u00e9c\u00e9d\u00e9 il y a quinze jours d\u2019un accident de voiture<\/a>. C\u2019est chose faite, et de belle mani\u00e8re. Le CO et son public ont livr\u00e9 un\u00a0<a href=\"http:\/\/www.lefigaro.fr\/sports\/rugby\/top-14\/top-14-en-video-le-vibrant-hommage-a-josaia-raisuqe-lors-de-la-reception-de-l-asm-20250524\" data-fig-type=\"NewsFlash\" data-gtm-custom-categorie=\"navigation\" data-gtm-custom-action=\"crossclick\" data-gtm-custom-label=\"Contextuel\" data-gtm-event=\"customEventSPE\" data-fig-domain=\"LEFIGARO\" target=\"_blank\" rel=\"noopener\">vibrant hommage<\/a>\u00a0au Fidjien avant, et apr\u00e8s le match, \u00e0 chaque fois, sous une pluie d\u2019applaudissements.<\/p>\n<p class=\"fig-body-link\">\n            \u00c0 lire aussi<br \/>\n        <a class=\"fig-body-link__link\" href=\"http:\/\/www.lefigaro.fr\/sports\/rugby\/top-14\/top-14-en-video-le-vibrant-hommage-a-josaia-raisuqe-lors-de-la-reception-de-l-asm-20250524\" data-fig-type=\"NewsFlash\" data-gtm-custom-categorie=\"navigation\" data-gtm-custom-action=\"crossclick\" data-gtm-custom-label=\"Contextuel\" data-gtm-event=\"customEventSPE\" data-fig-domain=\"LEFIGARO\" target=\"_blank\" rel=\"noopener\">Top 14\u00a0: en vid\u00e9o, le vibrant hommage \u00e0 Josaia Raisuqe lors de Castres-Clermont<br \/>\n    <\/a>\n<\/p>\n<p class=\"fig-paragraph\"><strong>FLOPS\u00a0<\/strong><\/p>\n<p>Les cancres auvergnats<\/p>\n<p class=\"fig-paragraph\">On prend les m\u00eames&#8230; et on recommence. Samedi soir, les Jaunards ont, une \u00e9ni\u00e8me fois, expos\u00e9 l\u2019ensemble de leurs lacunes et de leurs faiblesses, qui auront pollu\u00e9 l\u2019ensemble de leur saison. Une nouvelle fois beaucoup trop indisciplin\u00e9s et \u00e0 r\u00e9action, les hommes de\u00a0<a href=\"http:\/\/www.lefigaro.fr\/sports\/rugby\/top-14\/top-14-urios-et-les-supporters-clermontois-la-reponse-pas-rechauffee-du-figaro-20250328\" data-fig-type=\"NewsFlash\" data-gtm-custom-categorie=\"navigation\" data-gtm-custom-action=\"crossclick\" data-gtm-custom-label=\"Contextuel\" data-gtm-event=\"customEventSPE\" data-fig-domain=\"LEFIGARO\" target=\"_blank\" rel=\"noopener\">Christophe Urios<\/a>\u00a0ont conc\u00e9d\u00e9 dix p\u00e9nalit\u00e9s dans cette partie. Des sanctions \u00e0 r\u00e9p\u00e9tition, chaperonn\u00e9es par un festival de fautes de main et de maladresses, qui plus est dans les zones de marque. Ces maux, que les Auvergnats n\u2019ont jamais r\u00e9ussi \u00e0 gommer lors de cet exercice 2024-25, auront certainement raison de la place de l\u2019ASM en phases finales. De v\u00e9ritables cancres dans ce domaine.<\/p>\n<p class=\"fig-body-link\">\n            \u00c0 lire aussi<br \/>\n        <a class=\"fig-body-link__link\" href=\"http:\/\/www.lefigaro.fr\/sports\/rugby\/top-14\/top-14-urios-et-les-supporters-clermontois-la-reponse-pas-rechauffee-du-figaro-20250328\" data-fig-type=\"NewsFlash\" data-gtm-custom-categorie=\"navigation\" data-gtm-custom-action=\"crossclick\" data-gtm-custom-label=\"Contextuel\" data-gtm-event=\"customEventSPE\" data-fig-domain=\"LEFIGARO\" target=\"_blank\" rel=\"noopener\">Top 14\u00a0: Urios et les supporters clermontois, la r\u00e9ponse pas \u00abr\u00e9chauff\u00e9e\u00bb du Figaro<br \/>\n    <\/a>\n<\/p>\n<p>Le CO a laiss\u00e9 filer le bonus<\/p>\n<p class=\"fig-paragraph\">Alors que les joueurs de Xavier Sadourny avaient la rencontre parfaitement en main avec 19 points d\u2019avance, les Tarnais se sont paradoxalement liqu\u00e9fi\u00e9s au fur et \u00e0 mesure des minutes du second acte, pour voir les Clermontois revenir \u00e0 seulement cinq points, \u00e0 quelques instants de la sir\u00e8ne. R\u00e9sultat, le CO laisse \u00e9chapper un point de bonus offensif qui pourrait avoir son importance au moment du d\u00e9compte final.<\/p>\n","protected":false},"excerpt":{"rendered":"\u00c0 l\u2019issue de la victoire du Castres Olympique samedi soir, lors de la 23e journ\u00e9e du Top 14,&hellip;\n","protected":false},"author":2,"featured_media":126255,"comment_status":"","ping_status":"","sticky":false,"template":"","format":"standard","meta":{"footnotes":""},"categories":[2],"tags":[11,10980,525,7336,4590,1981,2313,814,1011,27,955,12,4589,2311,25,1980,479,2259,478,2310,2312],"class_list":{"0":"post-126254","1":"post","2":"type-post","3":"status-publish","4":"format-standard","5":"has-post-thumbnail","7":"category-actualites","8":"tag-actualites","9":"tag-asm-clermont-auvergne","10":"tag-calendrier","11":"tag-castres-olympique","12":"tag-championnat-france","13":"tag-classement","14":"tag-clermont","15":"tag-direct","16":"tag-fr","17":"tag-france","18":"tag-match","19":"tag-news","20":"tag-phase-finale","21":"tag-racing","22":"tag-republique-francaise","23":"tag-resultats","24":"tag-rugby","25":"tag-score","26":"tag-top-14","27":"tag-toulon","28":"tag-toulouse"},"share_on_mastodon":{"url":"https:\/\/pubeurope.com\/@fr\/114566895026365711","error":""},"_links":{"self":[{"href":"https:\/\/www.europesays.com\/fr\/wp-json\/wp\/v2\/posts\/126254","targetHints":{"allow":["GET"]}}],"collection":[{"href":"https:\/\/www.europesays.com\/fr\/wp-json\/wp\/v2\/posts"}],"about":[{"href":"https:\/\/www.europesays.com\/fr\/wp-json\/wp\/v2\/types\/post"}],"author":[{"embeddable":true,"href":"https:\/\/www.europesays.com\/fr\/wp-json\/wp\/v2\/users\/2"}],"replies":[{"embeddable":true,"href":"https:\/\/www.europesays.com\/fr\/wp-json\/wp\/v2\/comments?post=126254"}],"version-history":[{"count":0,"href":"https:\/\/www.europesays.com\/fr\/wp-json\/wp\/v2\/posts\/126254\/revisions"}],"wp:featuredmedia":[{"embeddable":true,"href":"https:\/\/www.europesays.com\/fr\/wp-json\/wp\/v2\/media\/126255"}],"wp:attachment":[{"href":"https:\/\/www.europesays.com\/fr\/wp-json\/wp\/v2\/media?parent=126254"}],"wp:term":[{"taxonomy":"category","embeddable":true,"href":"https:\/\/www.europesays.com\/fr\/wp-json\/wp\/v2\/categories?post=126254"},{"taxonomy":"post_tag","embeddable":true,"href":"https:\/\/www.europesays.com\/fr\/wp-json\/wp\/v2\/tags?post=126254"}],"curies":[{"name":"wp","href":"https:\/\/api.w.org\/{rel}","templated":true}]}}