{"id":126264,"date":"2025-05-25T05:52:08","date_gmt":"2025-05-25T05:52:08","guid":{"rendered":"https:\/\/www.europesays.com\/fr\/126264\/"},"modified":"2025-05-25T05:52:08","modified_gmt":"2025-05-25T05:52:08","slug":"hommage-a-nadal-mpetshi-perricard-sabalenka-et-paolini-en-lice-le-programme-du-dimanche-25-mai","status":"publish","type":"post","link":"https:\/\/www.europesays.com\/fr\/126264\/","title":{"rendered":"Hommage \u00e0 Nadal, Mpetshi Perricard, Sabalenka et Paolini en lice\u2026 Le programme du dimanche 25 mai"},"content":{"rendered":"<p><strong>Tennis &#8211; D\u00e9couvrez le programme de ce dimanche 25\u00a0mai, premier jour de ce Roland-Garros 2025, avec l\u2019entr\u00e9e en lice d\u2019Aryna Sabalenka, Ben Shelton, Giovanni Mpetshi\u00a0Perricard et plein d\u2019autres<\/strong><\/p>\n<p>C\u2019est parti pour quinze jours de tennis \u00e0 <a href=\"https:\/\/www.20minutes.fr\/sport\/tennis\/roland-garros\/4155256-20250524-atp-250-geneve-djokovic-refait-cerise-avant-roland-garros-remporte-100e-tournoi-carriere?at_medium=RSS%20feed&amp;at_campaign=ynews&amp;utm_source=yahoo&amp;utm_medium=rss&amp;utm_campaign=news_feed&amp;utm_content=in_article_link\" rel=\"nofollow noopener\" target=\"_blank\" data-ylk=\"slk:Roland-Garros;elm:context_link;itc:0;sec:content-canvas\" class=\"link \">Roland-Garros<\/a>. Ce dimanche 25\u00a0mai marque l\u2019ouverture de la quinzaine du deuxi\u00e8me tournoi du Grand Chelem de la saison. <a href=\"https:\/\/www.20minutes.fr\/sport\/tennis\/4152736-20250510-wta-1000-rome-serie-noire-continue-iga-swiatek-toujours-titre-2025?at_medium=RSS%20feed&amp;at_campaign=ynews&amp;utm_source=yahoo&amp;utm_medium=rss&amp;utm_campaign=news_feed&amp;utm_content=in_article_link\" rel=\"nofollow noopener\" target=\"_blank\" data-ylk=\"slk:Qui viendra succ\u00e9der \u00e0 Iga Swiatek;elm:context_link;itc:0;sec:content-canvas\" class=\"link \">Qui viendra succ\u00e9der \u00e0 Iga Swiatek<\/a> et Carlos Alcaraz\u00a0?<\/p>\n<p>L\u2019affiche du jour<\/p>\n<p>Un premier tour de tournoi du Grand Chelem, c\u2019est rarement l\u2019occasion de voir une affiche entre deux gros joueurs, m\u00eame si l\u2019affrontement entre Ben Shelton et Lorenzo Sonego, en night session, peut valoir le coup d\u2019\u0153il. Mais, non, ce dimanche, tous les yeux seront braqu\u00e9s sur <a href=\"https:\/\/www.20minutes.fr\/sport\/rafael_nadal\/?at_medium=RSS%20feed&amp;at_campaign=ynews&amp;utm_source=yahoo&amp;utm_medium=rss&amp;utm_campaign=news_feed&amp;utm_content=in_article_link\" rel=\"nofollow noopener\" target=\"_blank\" data-ylk=\"slk:Rafael Nadal;elm:context_link;itc:0;sec:content-canvas\" class=\"link \">Rafael Nadal<\/a>. Le roi de la porte d\u2019Auteuil revient \u00e0 Paris, quelques mois apr\u00e8s avoir port\u00e9 la flamme olympique, pour un hommage bien m\u00e9rit\u00e9 sur le court Philippe-Chatrier. Cela se fera \u00e0 la fin du troisi\u00e8me match de la journ\u00e9e, et nul doute que les spectateurs auront plus h\u00e2te de voir celui qui a remport\u00e9 14 fois Roland-Garros plut\u00f4t que Lorenzo Musetti et Yannick Hanfmann.<\/p>\n<p>Les favoris du jour<\/p>\n<p>Avec Wimbledon, c\u2019est le tournoi du Grand Chelem qui lui manque. Aryna Sabalenka n\u2019a jamais r\u00e9ussi \u00e0 faire mieux qu\u2019une demi-finale \u00e0 Roland-Garros. Mais la Bi\u00e9lorusse esp\u00e8re que cette \u00e9dition 2025 sera la bonne pour elle. Elle commencera d\u00e8s 12 heures, ce dimanche, face \u00e0 la Russe Kamilla Rakhimova sur le Central. La finaliste surprise de l\u2019\u00e9dition 2024 Jasmine Paolini sera aussi pr\u00e9sente ce dimanche, avec un premier tour abordable face \u00e0 la Chinoise Yue Yuan. Chez les hommes, la colonie am\u00e9ricaine d\u00e9barque en force ce 25\u00a0mai, avec Ben Shelton, Frances Tiafoe, Tommy Paul, Brandon N(&#8230;)<\/p>\n<p><a href=\"https:\/\/www.20minutes.fr\/sport\/tennis\/roland-garros\/4155264-20250524-roland-garros-hommage-nadal-mpetshi-perricard-sabalenka-paolini-lice-programme-dimanche-25-mai?at_medium=RSS%20feed&amp;at_campaign=ynews&amp;utm_source=yahoo&amp;utm_medium=rss&amp;utm_campaign=news_feed&amp;utm_content=read_more_link&quot;\" rel=\"nofollow noopener\" target=\"_blank\" data-ylk=\"slk:Lire la suite sur 20minutes;elm:context_link;itc:0;sec:content-canvas\" class=\"link \">Lire la suite sur 20minutes<\/a><\/p>\n<p>\u00c0 lire aussi :<br \/><a href=\"https:\/\/www.20minutes.fr\/sport\/tennis\/roland-garros\/4155256-20250524-atp-250-geneve-djokovic-refait-cerise-avant-roland-garros-remporte-100e-tournoi-carriere?at_medium=RSS%20feed&amp;at_campaign=ynews&amp;utm_source=yahoo&amp;utm_medium=rss&amp;utm_campaign=news_feed&amp;utm_content=related_content_link\" rel=\"nofollow noopener\" target=\"_blank\" data-ylk=\"slk:ATP 250 de Gen\u00e8ve\u00a0: Djokovic se refait la cerise avant Roland-Garros et remporte son 100e tournoi en carri\u00e8re;elm:context_link;itc:0;sec:content-canvas\" class=\"link \">ATP 250 de Gen\u00e8ve\u00a0: Djokovic se refait la cerise avant Roland-Garros et remporte son 100e tournoi en carri\u00e8re<\/a><br \/><a href=\"https:\/\/www.20minutes.fr\/sport\/tennis\/roland-garros\/4154689-20250522-roland-garros-2025-vrai-tournoi-comment-qualifications-devenues-summum-cool?at_medium=RSS%20feed&amp;at_campaign=ynews&amp;utm_source=yahoo&amp;utm_medium=rss&amp;utm_campaign=news_feed&amp;utm_content=related_content_link\" rel=\"nofollow noopener\" target=\"_blank\" data-ylk=\"slk:Roland-Garros 2025\u00a0: \u00ab\u00a0C\u2019est le vrai tournoi\u00a0\u00bb\u2026 Comment les qualifications sont devenues le summum du cool;elm:context_link;itc:0;sec:content-canvas\" class=\"link \">Roland-Garros 2025\u00a0: \u00ab\u00a0C\u2019est le vrai tournoi\u00a0\u00bb\u2026 Comment les qualifications sont devenues le summum du cool<\/a><\/p>\n","protected":false},"excerpt":{"rendered":"Tennis &#8211; D\u00e9couvrez le programme de ce dimanche 25\u00a0mai, premier jour de ce Roland-Garros 2025, avec l\u2019entr\u00e9e en&hellip;\n","protected":false},"author":2,"featured_media":126265,"comment_status":"","ping_status":"","sticky":false,"template":"","format":"standard","meta":{"footnotes":""},"categories":[1415],"tags":[19856,6664,1011,27,2200,14791,2565,24987,4171,24988,60,1467,24986],"class_list":{"0":"post-126264","1":"post","2":"type-post","3":"status-publish","4":"format-standard","5":"has-post-thumbnail","7":"category-tennis","8":"tag-ben-shelton","9":"tag-dimanche","10":"tag-fr","11":"tag-france","12":"tag-iga-swiatek","13":"tag-lorenzo-sonego","14":"tag-mai","15":"tag-rafael-nadal","16":"tag-roland-garros","17":"tag-sabalenka","18":"tag-sports","19":"tag-tennis","20":"tag-tournoi-du-grand-chelem"},"share_on_mastodon":{"url":"https:\/\/pubeurope.com\/@fr\/114566918487360754","error":""},"_links":{"self":[{"href":"https:\/\/www.europesays.com\/fr\/wp-json\/wp\/v2\/posts\/126264","targetHints":{"allow":["GET"]}}],"collection":[{"href":"https:\/\/www.europesays.com\/fr\/wp-json\/wp\/v2\/posts"}],"about":[{"href":"https:\/\/www.europesays.com\/fr\/wp-json\/wp\/v2\/types\/post"}],"author":[{"embeddable":true,"href":"https:\/\/www.europesays.com\/fr\/wp-json\/wp\/v2\/users\/2"}],"replies":[{"embeddable":true,"href":"https:\/\/www.europesays.com\/fr\/wp-json\/wp\/v2\/comments?post=126264"}],"version-history":[{"count":0,"href":"https:\/\/www.europesays.com\/fr\/wp-json\/wp\/v2\/posts\/126264\/revisions"}],"wp:featuredmedia":[{"embeddable":true,"href":"https:\/\/www.europesays.com\/fr\/wp-json\/wp\/v2\/media\/126265"}],"wp:attachment":[{"href":"https:\/\/www.europesays.com\/fr\/wp-json\/wp\/v2\/media?parent=126264"}],"wp:term":[{"taxonomy":"category","embeddable":true,"href":"https:\/\/www.europesays.com\/fr\/wp-json\/wp\/v2\/categories?post=126264"},{"taxonomy":"post_tag","embeddable":true,"href":"https:\/\/www.europesays.com\/fr\/wp-json\/wp\/v2\/tags?post=126264"}],"curies":[{"name":"wp","href":"https:\/\/api.w.org\/{rel}","templated":true}]}}