{"id":126268,"date":"2025-05-25T05:55:08","date_gmt":"2025-05-25T05:55:08","guid":{"rendered":"https:\/\/www.europesays.com\/fr\/126268\/"},"modified":"2025-05-25T05:55:08","modified_gmt":"2025-05-25T05:55:08","slug":"grand-prix-de-formule-1-de-monaco-a-quelle-heure-et-sur-quelle-chaine-voir-la-course-en-direct","status":"publish","type":"post","link":"https:\/\/www.europesays.com\/fr\/126268\/","title":{"rendered":"Grand Prix\u2122 de Formule 1\u00ae de Monaco : \u00e0 quelle heure et sur quelle cha\u00eene voir la course en direct ?"},"content":{"rendered":"<p class=\"paragraph text_align_left\">Monaco fait partie des circuits les plus embl\u00e9matiques de la saison. Avec son trac\u00e9 en plein c\u0153ur de la ville, ses dix-neuf virages et ses 3 337 m\u00e8tres, la piste mon\u00e9gasque offre de nombreuses difficult\u00e9s qui mettent \u00e0 rude \u00e9preuve les monoplaces et les pilotes. La saison pass\u00e9e, c\u2019est Charles Leclerc qui a remport\u00e9 la course. Ce dimanche, le pilote de la Scuderia Ferrari va tout faire pour renouveler l\u2019op\u00e9ration, aux c\u00f4t\u00e9s de Lewis Hamilton. Pour le moment, les deux co\u00e9quipiers occupent respectivement la cinqui\u00e8me et la sixi\u00e8me position. Au pied du podium, on retrouve George Russell (99 points). Quant au trio de t\u00eate, il est compos\u00e9 d\u2019Oscar Piastri (146 points et quatre victoires), de Lando Norris (133 points et une victoire) et de Max Verstappen (124 points et deux succ\u00e8s). Les Fran\u00e7ais Esteban Ocon, Pierre Gasly et Isack Hadjar se classent neuvi\u00e8me, treizi\u00e8me et quatorzi\u00e8me. Dans ces lignes, <a href=\"https:\/\/bit.ly\/40FHvqp\" target=\"_blank\" rel=\"sponsored nofollow noopener\">on vous dit \u00e0 quelle heure et sur quelle cha\u00eene regarder le Grand Prix\u2122 de Formule 1\u00ae de Monaco, en direct ce dimanche apr\u00e8s-midi.<\/a><\/p>\n<p><b>Grand Prix\u2122 de Formule 1\u00ae de Monaco en direct : sur quelle cha\u00eene regarder la course ?<\/b><\/p>\n<p class=\"paragraph text_align_left\"><b>Le Grand Prix\u2122 de Formule 1\u00ae de Monaco est diffus\u00e9 ce dimanche 25 mai, en direct <\/b><a href=\"https:\/\/bit.ly\/40FHvqp\" target=\"_blank\" rel=\"sponsored nofollow noopener\"><b>sur la cha\u00eene CANAL+<\/b><\/a>. Le d\u00e9part de la course est pr\u00e9vu \u00e0 15 heures, sur le circuit urbain de Monaco. Les commentateurs vous donnent rendez-vous quelques minutes avant le coup d\u2019envoi du Grand Prix\u2122 pour faire le point sur les derni\u00e8res actualit\u00e9s des \u00e9curies, le classement et les enjeux. Ils vous plongent ensuite au c\u0153ur de l\u2019action, d\u00e9cryptent les performances des pilotes, et analysent les temps forts de la course.<\/p>\n<p class=\"paragraph text_align_left\"><b>Suivez ici la Formule 1\u2122 <\/b><a href=\"https:\/\/bit.ly\/40FHvqp\" target=\"_blank\" rel=\"sponsored nofollow noopener\"><b>toute l\u2019ann\u00e9e avec CANAL+<\/b><\/a><\/p>\n","protected":false},"excerpt":{"rendered":"Monaco fait partie des circuits les plus embl\u00e9matiques de la saison. Avec son trac\u00e9 en plein c\u0153ur de&hellip;\n","protected":false},"author":2,"featured_media":126269,"comment_status":"","ping_status":"","sticky":false,"template":"","format":"standard","meta":{"footnotes":""},"categories":[1412],"tags":[1451,1452,1453,1454,1455,1011,27,1982,749,60,6718],"class_list":{"0":"post-126268","1":"post","2":"type-post","3":"status-publish","4":"format-standard","5":"has-post-thumbnail","7":"category-f1","8":"tag-f1","9":"tag-formula-1","10":"tag-formula1","11":"tag-formule-1","12":"tag-formule1","13":"tag-fr","14":"tag-france","15":"tag-grand-prix","16":"tag-guide-shopping","17":"tag-sports","18":"tag-tv-streaming"},"share_on_mastodon":{"url":"https:\/\/pubeurope.com\/@fr\/114566930358403651","error":""},"_links":{"self":[{"href":"https:\/\/www.europesays.com\/fr\/wp-json\/wp\/v2\/posts\/126268","targetHints":{"allow":["GET"]}}],"collection":[{"href":"https:\/\/www.europesays.com\/fr\/wp-json\/wp\/v2\/posts"}],"about":[{"href":"https:\/\/www.europesays.com\/fr\/wp-json\/wp\/v2\/types\/post"}],"author":[{"embeddable":true,"href":"https:\/\/www.europesays.com\/fr\/wp-json\/wp\/v2\/users\/2"}],"replies":[{"embeddable":true,"href":"https:\/\/www.europesays.com\/fr\/wp-json\/wp\/v2\/comments?post=126268"}],"version-history":[{"count":0,"href":"https:\/\/www.europesays.com\/fr\/wp-json\/wp\/v2\/posts\/126268\/revisions"}],"wp:featuredmedia":[{"embeddable":true,"href":"https:\/\/www.europesays.com\/fr\/wp-json\/wp\/v2\/media\/126269"}],"wp:attachment":[{"href":"https:\/\/www.europesays.com\/fr\/wp-json\/wp\/v2\/media?parent=126268"}],"wp:term":[{"taxonomy":"category","embeddable":true,"href":"https:\/\/www.europesays.com\/fr\/wp-json\/wp\/v2\/categories?post=126268"},{"taxonomy":"post_tag","embeddable":true,"href":"https:\/\/www.europesays.com\/fr\/wp-json\/wp\/v2\/tags?post=126268"}],"curies":[{"name":"wp","href":"https:\/\/api.w.org\/{rel}","templated":true}]}}