{"id":126273,"date":"2025-05-25T05:58:09","date_gmt":"2025-05-25T05:58:09","guid":{"rendered":"https:\/\/www.europesays.com\/fr\/126273\/"},"modified":"2025-05-25T05:58:09","modified_gmt":"2025-05-25T05:58:09","slug":"cannes-en-famille-julie-gayet-rayonne-avec-son-fils-ezechiel-sosie-de-son-pere-qui-est-loin-detre-un-inconnu","status":"publish","type":"post","link":"https:\/\/www.europesays.com\/fr\/126273\/","title":{"rendered":"Cannes en famille, Julie Gayet rayonne avec son fils Ez\u00e9chiel, sosie de son p\u00e8re qui est loin d\u2019\u00eatre un inconnu !"},"content":{"rendered":"<p>                    <img loading=\"lazy\" decoding=\"async\" class=\"ad-logo\" src=\"https:\/\/www.europesays.com\/fr\/wp-content\/uploads\/2025\/04\/logo_brand_ads.0d8e500d.png\" alt=\"Purepeople\" width=\"250\" height=\"82\"\/><\/p>\n<p>La suite apr\u00e8s la publicit\u00e9<\/p>\n<p><a href=\"https:\/\/www.purepeople.com\/people\/julie-gayet_p323\" rel=\"nofollow noopener\" target=\"_blank\"><strong>Julie Gayet<\/strong><\/a><strong> n\u2019est pas venue seule au Festival de Cannes 2025<\/strong>. Ce 24 mai, <a href=\"https:\/\/www.purepeople.com\/article\/festival-de-cannes-2025-films-en-competition-presidente-maitre-de-ceremonie-tout-ce-quil-faut-savoir-sur-la-78e-edition_a537102\/1\" rel=\"nofollow noopener\" target=\"_blank\">l\u2019\u00e9v\u00e9nement d\u00e9di\u00e9 au septi\u00e8me art s\u2019est cl\u00f4tur\u00e9<\/a> avec l\u2019annonce par le jury pr\u00e9sid\u00e9 par <a href=\"https:\/\/www.purepeople.com\/people\/juliette-binoche_p218\" rel=\"nofollow noopener\" target=\"_blank\">Juliette Binoche<\/a> du <a href=\"https:\/\/www.purepeople.com\/article\/cest-pourquoi-nous-avons-choisi-pour-la-palme-dor-juliette-binoche-annonce-le-grand-gagnant-tout-le-palmares-complet-du-78e-festival-de-cannes_a538512\/1\" rel=\"nofollow noopener\" target=\"_blank\">palmar\u00e8s r\u00e9compensant les meilleures \u0153uvres et performances<\/a> des films en comp\u00e9tition. Mais le 22 mai dernier, la femme de <a href=\"https:\/\/www.purepeople.com\/people\/francois-hollande_p984\" rel=\"nofollow noopener\" target=\"_blank\">Fran\u00e7ois Hollande<\/a> n\u2019a pas <a href=\"https:\/\/www.purepeople.com\/article\/a-cannes-julie-gayet-est-survoltee-en-rose-tres-flashy-et-sans-francois-hollande-daphne-burki-ose-elle-des-chaussures-tres-speciales_a538067\/1\" rel=\"nofollow noopener\" target=\"_blank\">choisi l\u2019ex pr\u00e9sident pour monter les marches<\/a> avant la projection de La Venue de l\u2019avenir de <a href=\"https:\/\/www.purepeople.com\/people\/cedric-klapisch_p826\" rel=\"nofollow noopener\" target=\"_blank\">C\u00e9dric Klapisch<\/a>.\u00a0<\/p>\n<p>L\u2019actrice et productrice a en effet opt\u00e9 pour<strong> un invit\u00e9 de taille sur le tapis rouge : son fils Ez\u00e9chiel<\/strong>. \u00c2g\u00e9 de 24 ans, il est le fils de son ex-mari, qui n\u2019est pas un inconnu puisqu\u2019il travaille lui aussi dans le milieu du cin\u00e9ma. Le p\u00e8re \u00e9galement de Tadeo, autre fils de Julie Gayet, est <a href=\"https:\/\/www.purepeople.com\/article\/julie-gayet-qui-est-santiago-amigorena-son-ex-mari-et-pere-de-ses-deux-fils_a424985\/1\" rel=\"nofollow noopener\" target=\"_blank\">le r\u00e9alisateur et sc\u00e9nariste argentin Santiago Amigorena<\/a>.\u00a0<\/p>\n<p>Julie Gayet : le p\u00e8re de ses enfants est l&rsquo;ex d&rsquo;une autre actrice<\/p>\n<p>Avant de <a href=\"https:\/\/www.purepeople.com\/article\/quand-jai-rencontre-francois-hollande-julie-gayet-revele-ce-quelle-a-tres-vite-apprecie-chez-lancien-president-de-la-republique_a535255\/1\" rel=\"nofollow noopener\" target=\"_blank\">rencontrer Fran\u00e7ois Hollande<\/a> et de d\u00e9frayer la chronique avec sa liaison avec le pr\u00e9sident de la R\u00e9publique, Julie Gayet avait \u00e9t\u00e9 <strong>mari\u00e9e avec le cin\u00e9aste sud-am\u00e9ricain de 2000 \u00e0 2006<\/strong>. La com\u00e9dienne de 53 ans bient\u00f4t \u00e9tait pr\u00e9sente sur la Croisette aux bras de leur deuxi\u00e8me fils Ez\u00e9chiel, qui <strong>ressemble beaucoup \u00e0 son p\u00e8re<\/strong>.<\/p>\n<p>Lunettes noires, cheveux mi-long d\u00e9coiff\u00e9s, costume noir avec n\u0153ud papillon et chemise blanche pour le jeune homme. Robe noire avec escarpins pour la com\u00e9dienne. Sur les r\u00e9seaux sociaux, elle a comment\u00e9 ce moment de complicit\u00e9 : \u201cAvec mon fils Ezechiel\u2026\u201d, avec deux emojis c\u0153ur.<\/p>\n<p>Santiago Amigorena est un<strong> collaborateur de longue date de C\u00e9dric Klapisch<\/strong>, avec qui il a travaill\u00e9 pour Le P\u00e9ril jeune, Ce qui nous lie, Deux Moi, En corps et m\u00eame La Venue de l\u2019avenir pr\u00e9sent\u00e9 \u00e0 Cannes. Il a de son c\u00f4t\u00e9 r\u00e9alis\u00e9 plusieurs longs m\u00e9trages, comme Quelques jours en septembre (2006), Another Silence (2011) et Les Enfants rouges (2014).\u00a0<\/p>\n<p>\u00c9galement \u00e9crivain, il a sorti en mars 2025 aux \u00e9ditions P. O. L. \u00a0Le festival de Cannes ou le temps perdu. Un livre de circonstance pour cette personnalit\u00e9 du cin\u00e9ma. Apr\u00e8s son mariage avec Julie Gayet, il a \u00e9t\u00e9 <strong>en couple avec Juliette Binoche jusqu\u2019en 2009<\/strong>. Depuis 2015, il est avec la sc\u00e9nariste Marion Quantin et <a href=\"https:\/\/www.purepeople.com\/article\/julie-gayet-son-ex-mari-santiago-amigorena-bientot-de-nouveau-papa_a338339\/1\" rel=\"nofollow noopener\" target=\"_blank\">ils ont eu un enfant ensemble en 2019<\/a>.<\/p>\n","protected":false},"excerpt":{"rendered":"La suite apr\u00e8s la publicit\u00e9 Julie Gayet n\u2019est pas venue seule au Festival de Cannes 2025. Ce 24&hellip;\n","protected":false},"author":2,"featured_media":126274,"comment_status":"","ping_status":"","sticky":false,"template":"","format":"standard","meta":{"footnotes":""},"categories":[1359],"tags":[58,59,1011,27,973],"class_list":{"0":"post-126273","1":"post","2":"type-post","3":"status-publish","4":"format-standard","5":"has-post-thumbnail","7":"category-people","8":"tag-divertissement","9":"tag-entertainment","10":"tag-fr","11":"tag-france","12":"tag-people"},"share_on_mastodon":{"url":"https:\/\/pubeurope.com\/@fr\/114566942095272570","error":""},"_links":{"self":[{"href":"https:\/\/www.europesays.com\/fr\/wp-json\/wp\/v2\/posts\/126273","targetHints":{"allow":["GET"]}}],"collection":[{"href":"https:\/\/www.europesays.com\/fr\/wp-json\/wp\/v2\/posts"}],"about":[{"href":"https:\/\/www.europesays.com\/fr\/wp-json\/wp\/v2\/types\/post"}],"author":[{"embeddable":true,"href":"https:\/\/www.europesays.com\/fr\/wp-json\/wp\/v2\/users\/2"}],"replies":[{"embeddable":true,"href":"https:\/\/www.europesays.com\/fr\/wp-json\/wp\/v2\/comments?post=126273"}],"version-history":[{"count":0,"href":"https:\/\/www.europesays.com\/fr\/wp-json\/wp\/v2\/posts\/126273\/revisions"}],"wp:featuredmedia":[{"embeddable":true,"href":"https:\/\/www.europesays.com\/fr\/wp-json\/wp\/v2\/media\/126274"}],"wp:attachment":[{"href":"https:\/\/www.europesays.com\/fr\/wp-json\/wp\/v2\/media?parent=126273"}],"wp:term":[{"taxonomy":"category","embeddable":true,"href":"https:\/\/www.europesays.com\/fr\/wp-json\/wp\/v2\/categories?post=126273"},{"taxonomy":"post_tag","embeddable":true,"href":"https:\/\/www.europesays.com\/fr\/wp-json\/wp\/v2\/tags?post=126273"}],"curies":[{"name":"wp","href":"https:\/\/api.w.org\/{rel}","templated":true}]}}