{"id":126285,"date":"2025-05-25T06:05:08","date_gmt":"2025-05-25T06:05:08","guid":{"rendered":"https:\/\/www.europesays.com\/fr\/126285\/"},"modified":"2025-05-25T06:05:08","modified_gmt":"2025-05-25T06:05:08","slug":"kyril-louis-dreyfus-fils-de-lancien-proprietaire-de-lom-monte-en-premier-league-avec-sunderland","status":"publish","type":"post","link":"https:\/\/www.europesays.com\/fr\/126285\/","title":{"rendered":"Kyril Louis-Dreyfus, fils de l\u2019ancien propri\u00e9taire de l\u2019OM, monte en Premier League avec Sunderland"},"content":{"rendered":"<p>Du temps o\u00f9 son p\u00e8re \u00e9tait \u00e0 la t\u00eate de l\u2019Olympique de Marseille, les joies sportives n\u2019\u00e9taient pas nombreuses. Du rachat de l\u2019OM en d\u00e9cembre\u00a01996 par Robert Louis-Dreyfus jusqu\u2019\u00e0 la mort de ce dernier le 4\u00a0juillet\u00a02009, il n\u2019y a eu gu\u00e8re d\u2019occasions de f\u00eater des titres. <a href=\"https:\/\/www.laprovence.com\/article\/om\/15050578811562\/1899-lhebdo-le-dossier-ces-autres-matches-europeens-qui-ont-fait-vibrer-marseille\" target=\"_blank\" rel=\"nofollow noopener\">Une seule coupe Intertoto en\u00a02005,<\/a> deux finales de coupe de France perdues (2006, 2007) et deux autres de la coupe UEFA (2009, 2004) auront constitu\u00e9 le maigre palmar\u00e8s du Suisse de son vivant \u00e0 la t\u00eate du club marseillais.<\/p>\n<p>Alors qu\u2019il a repris les Black Cats en troisi\u00e8me division, ces derniers viennent de valider leur mont\u00e9e en Premier League lors de la finale des playoffs de Championship. Les joueurs entra\u00een\u00e9s par le Fran\u00e7ais R\u00e9gis Le Bris ont battu Sheffield United sur le score de 2 \u00e0 1 dans le mythique stade de Wembley (Londres) gr\u00e2ce \u00e0 un but dans le temps additionnel (Watson, 90+\u00a05). De quoi provoquer l\u2019immense joie des supporters de Sunderland qui vont retrouver le gotha du football anglais huit ans apr\u00e8s l\u2019avoir quitt\u00e9 et de nombreuses gal\u00e8res. <a href=\"https:\/\/www.laprovence.com\/actu\/en-direct\/5579059\/om-il-y-a-10-ans-robert-louis-dreyfus-nous-quittait.html\" target=\"_blank\" rel=\"nofollow noopener\">Une immense r\u00e9ussite pour Kyril Louis-Dreyfus qui a d\u00fb avoir \u00e0 coup s\u00fbr une pens\u00e9e pour son p\u00e8re disparu il y a bient\u00f4t 16\u00a0ans.<\/a><\/p>\n","protected":false},"excerpt":{"rendered":"Du temps o\u00f9 son p\u00e8re \u00e9tait \u00e0 la t\u00eate de l\u2019Olympique de Marseille, les joies sportives n\u2019\u00e9taient pas&hellip;\n","protected":false},"author":2,"featured_media":126286,"comment_status":"","ping_status":"","sticky":false,"template":"","format":"standard","meta":{"footnotes":""},"categories":[9],"tags":[17,1742,63,1011,27,24989,4056,24991,24990,149,8297,60],"class_list":{"0":"post-126285","1":"post","2":"type-post","3":"status-publish","4":"format-standard","5":"has-post-thumbnail","7":"category-sports","8":"tag-17","9":"tag-fils","10":"tag-football","11":"tag-fr","12":"tag-france","13":"tag-kyril","14":"tag-lom","15":"tag-lancien","16":"tag-louis-dreyfus","17":"tag-om","18":"tag-proprietaire","19":"tag-sports"},"share_on_mastodon":{"url":"https:\/\/pubeurope.com\/@fr\/114566969759097998","error":""},"_links":{"self":[{"href":"https:\/\/www.europesays.com\/fr\/wp-json\/wp\/v2\/posts\/126285","targetHints":{"allow":["GET"]}}],"collection":[{"href":"https:\/\/www.europesays.com\/fr\/wp-json\/wp\/v2\/posts"}],"about":[{"href":"https:\/\/www.europesays.com\/fr\/wp-json\/wp\/v2\/types\/post"}],"author":[{"embeddable":true,"href":"https:\/\/www.europesays.com\/fr\/wp-json\/wp\/v2\/users\/2"}],"replies":[{"embeddable":true,"href":"https:\/\/www.europesays.com\/fr\/wp-json\/wp\/v2\/comments?post=126285"}],"version-history":[{"count":0,"href":"https:\/\/www.europesays.com\/fr\/wp-json\/wp\/v2\/posts\/126285\/revisions"}],"wp:featuredmedia":[{"embeddable":true,"href":"https:\/\/www.europesays.com\/fr\/wp-json\/wp\/v2\/media\/126286"}],"wp:attachment":[{"href":"https:\/\/www.europesays.com\/fr\/wp-json\/wp\/v2\/media?parent=126285"}],"wp:term":[{"taxonomy":"category","embeddable":true,"href":"https:\/\/www.europesays.com\/fr\/wp-json\/wp\/v2\/categories?post=126285"},{"taxonomy":"post_tag","embeddable":true,"href":"https:\/\/www.europesays.com\/fr\/wp-json\/wp\/v2\/tags?post=126285"}],"curies":[{"name":"wp","href":"https:\/\/api.w.org\/{rel}","templated":true}]}}