{"id":126295,"date":"2025-05-25T06:10:08","date_gmt":"2025-05-25T06:10:08","guid":{"rendered":"https:\/\/www.europesays.com\/fr\/126295\/"},"modified":"2025-05-25T06:10:08","modified_gmt":"2025-05-25T06:10:08","slug":"jean-luc-melenchon-dit-merci-a-raphael-glucksmann-liberation","status":"publish","type":"post","link":"https:\/\/www.europesays.com\/fr\/126295\/","title":{"rendered":"Jean-Luc M\u00e9lenchon dit merci \u00e0 Rapha\u00ebl Glucksmann \u2013 Lib\u00e9ration"},"content":{"rendered":"<p class=\"sc-ksZaOG ehjQrN text-element\">On a d\u00fb passer un bon vendredi soir au si\u00e8ge de La France insoumise lorsque, peu apr\u00e8s 20 heures, s\u2019est affich\u00e9 sur les portables des responsables du parti la notification du Monde avec le titre de <a href=\"https:\/\/www.liberation.fr\/politique\/elections\/presidentielle-2027-raphael-glucksmann-ne-participera-pas-a-une-primaire-de-la-gauche-20250523_X3XDLWI5X5HQHELB4OMEE3KMWQ\/\" target=\"_blank\" rel=\"noreferrer nofollow noopener\" title=\"https:\/\/www.liberation.fr\/politique\/elections\/presidentielle-2027-raphael-glucksmann-ne-participera-pas-a-une-primaire-de-la-gauche-20250523_X3XDLWI5X5HQHELB4OMEE3KMWQ\/\">l\u2019interview de Rapha\u00ebl Glucksmann<\/a> : \u00abJe ne participerai pas \u00e0 une primaire.\u00bb On imagine le sourire de Jean-Luc M\u00e9lenchon en constatant que l\u2019eurod\u00e9put\u00e9 \u00e9tait en train de faire le travail \u00e0 sa place.<\/p>\n<p class=\"sc-ksZaOG ehjQrN text-element\">\u00abNon, je ne participerai pas \u00e0 une primaire\u00bb, tranche ainsi le social-d\u00e9mocrate <a href=\"https:\/\/www.lemonde.fr\/politique\/article\/2025\/05\/23\/raphael-glucksmann-sur-l-election-presidentielle-de-2027-je-ne-participerai-pas-a-une-primaire_6608026_823448.html\" target=\"_blank\" rel=\"noreferrer nofollow noopener\" title=\"https:\/\/www.lemonde.fr\/politique\/article\/2025\/05\/23\/raphael-glucksmann-sur-l-election-presidentielle-de-2027-je-ne-participerai-pas-a-une-primaire_6608026_823448.html\">dans cet entretien<\/a>, trois jours \u00e0 peine apr\u00e8s <a href=\"https:\/\/www.liberation.fr\/politique\/elections\/francois-ruffin-pour-2027-il-nous-faut-une-primaire-et-je-la-remporterai-20250520_CPUNMEP6AJFONKIFVMVGVYRUGU\/\" target=\"&lt;\/p&gt;&lt;\/div&gt;&lt;\/article&gt;&lt;\/div&gt;&lt;div data-fusion-lazy-id=\" f0f8vgvlad832fw=\"\" rel=\"nofollow noopener\"><\/p>\n","protected":false},"excerpt":{"rendered":"On a d\u00fb passer un bon vendredi soir au si\u00e8ge de La France insoumise lorsque, peu apr\u00e8s 20&hellip;\n","protected":false},"author":2,"featured_media":126296,"comment_status":"","ping_status":"","sticky":false,"template":"","format":"standard","meta":{"footnotes":""},"categories":[4],"tags":[11,1011,27,4483,18019,3081,12,15923,25],"class_list":{"0":"post-126295","1":"post","2":"type-post","3":"status-publish","4":"format-standard","5":"has-post-thumbnail","7":"category-france","8":"tag-actualites","9":"tag-fr","10":"tag-france","11":"tag-francois-ruffin","12":"tag-gauche-les-grands-travaux-pour-2027","13":"tag-jean-luc-melenchon","14":"tag-news","15":"tag-raphael-glucksmann","16":"tag-republique-francaise"},"share_on_mastodon":{"url":"https:\/\/pubeurope.com\/@fr\/114566989373518911","error":""},"_links":{"self":[{"href":"https:\/\/www.europesays.com\/fr\/wp-json\/wp\/v2\/posts\/126295","targetHints":{"allow":["GET"]}}],"collection":[{"href":"https:\/\/www.europesays.com\/fr\/wp-json\/wp\/v2\/posts"}],"about":[{"href":"https:\/\/www.europesays.com\/fr\/wp-json\/wp\/v2\/types\/post"}],"author":[{"embeddable":true,"href":"https:\/\/www.europesays.com\/fr\/wp-json\/wp\/v2\/users\/2"}],"replies":[{"embeddable":true,"href":"https:\/\/www.europesays.com\/fr\/wp-json\/wp\/v2\/comments?post=126295"}],"version-history":[{"count":0,"href":"https:\/\/www.europesays.com\/fr\/wp-json\/wp\/v2\/posts\/126295\/revisions"}],"wp:featuredmedia":[{"embeddable":true,"href":"https:\/\/www.europesays.com\/fr\/wp-json\/wp\/v2\/media\/126296"}],"wp:attachment":[{"href":"https:\/\/www.europesays.com\/fr\/wp-json\/wp\/v2\/media?parent=126295"}],"wp:term":[{"taxonomy":"category","embeddable":true,"href":"https:\/\/www.europesays.com\/fr\/wp-json\/wp\/v2\/categories?post=126295"},{"taxonomy":"post_tag","embeddable":true,"href":"https:\/\/www.europesays.com\/fr\/wp-json\/wp\/v2\/tags?post=126295"}],"curies":[{"name":"wp","href":"https:\/\/api.w.org\/{rel}","templated":true}]}}