{"id":126297,"date":"2025-05-25T06:11:10","date_gmt":"2025-05-25T06:11:10","guid":{"rendered":"https:\/\/www.europesays.com\/fr\/126297\/"},"modified":"2025-05-25T06:11:10","modified_gmt":"2025-05-25T06:11:10","slug":"apres-sa-reunion-avec-les-chauffeurs-de-taxi-francois-bayrou-annonce-que-la-convention-sur-le-transport-sanitaire-sera-revue-liberation","status":"publish","type":"post","link":"https:\/\/www.europesays.com\/fr\/126297\/","title":{"rendered":"Apr\u00e8s sa r\u00e9union avec les chauffeurs de taxi, Fran\u00e7ois Bayrou annonce que la convention sur le transport sanitaire sera \u00abrevue\u00bb \u2013 Lib\u00e9ration"},"content":{"rendered":"<p class=\"sc-ksZaOG ehjQrN text-element\">Le Premier ministre Fran\u00e7ois Bayrou a affirm\u00e9 ce samedi 24 mai comprendre l\u2019\u00ab\u00e9motion\u00bb des chauffeurs de taxi, qui ont lanc\u00e9 il y a pr\u00e8s d\u2019une semaine un mouvement de protestation, contre notamment une nouvelle convention r\u00e9gissant la prise en charge du<a href=\"\" target=\"_blank\" rel=\"\" title=\"\"> transport de patients par l\u2019Assurance maladie.<\/a> Dans la soir\u00e9e, il a annonc\u00e9 que ce texte serait revu \u00abd\u00e8s mardi\u00bb, \u00e0 l\u2019issue d\u2019une rencontre au minist\u00e8re des Transports avec leurs repr\u00e9sentants. \u00abNous allons retravailler dans les semaines qui viennent, le d\u00e9tail des d\u00e9cisions, des mesures et orientations qu\u2019il faut prendre\u00bb, a-t-il d\u00e9clar\u00e9 au cours d\u2019un point de presse \u00e0 l\u2019issue de cette r\u00e9union.<\/p>\n<p class=\"sc-ksZaOG ehjQrN text-element\">Lors de l\u2019\u00e9change, le Premier ministre a dit son estime pour les chauffeurs de taxi, \u00abparce qu\u2019ils travaillent et qu\u2019ils prennent des risques en montant une entreprise\u00bb. \u00abJe souhaite que vous puissiez prendre le temps d\u2019expliquer ce que vous ressentez, que l\u2019on puisse voir ensemble s\u2019il y a une issue \u00e0 tout cela. Votre situation m\u2019int\u00e9resse et je souhaite que l\u2019on mette tout sur la table\u00bb, a-t-il ajout\u00e9, selon son entourage.<\/p>\n<p class=\"sc-ksZaOG ehjQrN text-element\">L\u2019intersyndicale des taxis a lanc\u00e9 une<a href=\"https:\/\/www.liberation.fr\/economie\/transports\/taxis-en-colere-450-kilometres-de-bouchons-en-ile-de-france-ce-mercredi-20250521_IJEF6ISUNNAR7JZW3DRWVEJNEQ\/\" target=\"_blank\" rel=\"noopener\" title=\"https:\/\/www.liberation.fr\/economie\/transports\/taxis-en-colere-450-kilometres-de-bouchons-en-ile-de-france-ce-mercredi-20250521_IJEF6ISUNNAR7JZW3DRWVEJNEQ\/\"> mobilisation lundi <\/a>pour protester contre le projet de convention qui pr\u00e9voit une unification des tarifs du<a href=\"https:\/\/www.liberation.fr\/societe\/sante\/le-transport-sanitaire-partage-une-nouvelle-mise-en-danger-du-patient-20240511_JNYETTXHFZCTTIKYN5M4XO5ETA\/\" target=\"_blank\" rel=\"noopener\" title=\"https:\/\/www.liberation.fr\/societe\/sante\/le-transport-sanitaire-partage-une-nouvelle-mise-en-danger-du-patient-20240511_JNYETTXHFZCTTIKYN5M4XO5ETA\/\"> transport sanitaire<\/a>, aujourd\u2019hui h\u00e9t\u00e9rog\u00e8nes selon les d\u00e9partements. Ils d\u00e9noncent aussi la concurrence des plateformes comme Uber et Bolt, et menacent de durcir leur mouvement, avec la mise en place de blocages pr\u00e8s des gares et des a\u00e9roports.<\/p>\n<p class=\"sc-ksZaOG ehjQrN text-element\">Cette tarification qui cause la col\u00e8re de la profession doit entrer en vigueur le 1er octobre. Pour le gouvernement, l\u2018objectif est de contr\u00f4ler la croissance de la d\u00e9pense de transports sanitaires, qui s\u2019est \u00e9lev\u00e9e \u00e0 6,74 milliards d\u2019euros en 2024, dont 3,07 milliards pour les taxis conventionn\u00e9s (+ 45 % depuis 2019). Les taxis seront r\u00e9mun\u00e9r\u00e9s sur la base d\u2019un forfait de prise en charge et d\u2019une tarification kilom\u00e9trique align\u00e9e sur le tarif fix\u00e9 dans chaque d\u00e9partement.<\/p>\n<p class=\"sc-ksZaOG ehjQrN text-element\">Le nouveau syst\u00e8me doit reposer sur une prise en charge de 13 euros par l\u2019Assurance maladie, puis un tarif kilom\u00e9trique. Il est con\u00e7u pour dissuader les retours \u00e0 vide ou les temps d\u2019attente trop longs. Selon Dominique Buisson, le secr\u00e9taire f\u00e9d\u00e9ral de la F\u00e9d\u00e9ration nationale du taxi (FNDT), aujourd\u2019hui environ 85 % des taxis font du transport conventionn\u00e9 de malades, certains pouvant r\u00e9aliser 90 % de leurs revenus par ce moyen, notamment en milieu rural.<\/p>\n<p class=\"sc-ksZaOG ehjQrN text-element\"><b>Mise \u00e0 jour \u00e0 20h40 avec l\u2019annonce de Fran\u00e7ois Bayrou d\u2019un nouveau travail sur la convention<\/b><\/p>\n","protected":false},"excerpt":{"rendered":"Le Premier ministre Fran\u00e7ois Bayrou a affirm\u00e9 ce samedi 24 mai comprendre l\u2019\u00ab\u00e9motion\u00bb des chauffeurs de taxi, qui&hellip;\n","protected":false},"author":2,"featured_media":126298,"comment_status":"","ping_status":"","sticky":false,"template":"","format":"standard","meta":{"footnotes":""},"categories":[2],"tags":[11,732,1011,27,431,12],"class_list":{"0":"post-126297","1":"post","2":"type-post","3":"status-publish","4":"format-standard","5":"has-post-thumbnail","7":"category-actualites","8":"tag-actualites","9":"tag-assurance-maladie","10":"tag-fr","11":"tag-france","12":"tag-francois-bayrou","13":"tag-news"},"share_on_mastodon":{"url":"https:\/\/pubeurope.com\/@fr\/114566993241686346","error":""},"_links":{"self":[{"href":"https:\/\/www.europesays.com\/fr\/wp-json\/wp\/v2\/posts\/126297","targetHints":{"allow":["GET"]}}],"collection":[{"href":"https:\/\/www.europesays.com\/fr\/wp-json\/wp\/v2\/posts"}],"about":[{"href":"https:\/\/www.europesays.com\/fr\/wp-json\/wp\/v2\/types\/post"}],"author":[{"embeddable":true,"href":"https:\/\/www.europesays.com\/fr\/wp-json\/wp\/v2\/users\/2"}],"replies":[{"embeddable":true,"href":"https:\/\/www.europesays.com\/fr\/wp-json\/wp\/v2\/comments?post=126297"}],"version-history":[{"count":0,"href":"https:\/\/www.europesays.com\/fr\/wp-json\/wp\/v2\/posts\/126297\/revisions"}],"wp:featuredmedia":[{"embeddable":true,"href":"https:\/\/www.europesays.com\/fr\/wp-json\/wp\/v2\/media\/126298"}],"wp:attachment":[{"href":"https:\/\/www.europesays.com\/fr\/wp-json\/wp\/v2\/media?parent=126297"}],"wp:term":[{"taxonomy":"category","embeddable":true,"href":"https:\/\/www.europesays.com\/fr\/wp-json\/wp\/v2\/categories?post=126297"},{"taxonomy":"post_tag","embeddable":true,"href":"https:\/\/www.europesays.com\/fr\/wp-json\/wp\/v2\/tags?post=126297"}],"curies":[{"name":"wp","href":"https:\/\/api.w.org\/{rel}","templated":true}]}}