{"id":126299,"date":"2025-05-25T06:12:09","date_gmt":"2025-05-25T06:12:09","guid":{"rendered":"https:\/\/www.europesays.com\/fr\/126299\/"},"modified":"2025-05-25T06:12:09","modified_gmt":"2025-05-25T06:12:09","slug":"feurs-six-mois-apres-son-ouverture-cette-collocation-pour-seniors-fait-le-plein","status":"publish","type":"post","link":"https:\/\/www.europesays.com\/fr\/126299\/","title":{"rendered":"Feurs. Six mois apr\u00e8s son ouverture, cette collocation pour s\u00e9niors fait le plein"},"content":{"rendered":"<p>Andr\u00e9, l\u2019un des r\u00e9sidents de la colocation pour seniors Maison M\u00e9lina, d\u00e9barque en cuisine, tablier autour du cou, pendant que Christine Thevenon, responsable d\u2019exploitation des Maisons M\u00e9lina, est aux fourneaux ce jour-l\u00e0. L\u2019odeur pr\u00e9sente dans l\u2019atmosph\u00e8re annonce le moment du d\u00e9jeuner. Dans la salle principale, ils sont cinq \u00e0 s\u2019\u00eatre install\u00e9s. Les \u00e9changes fusent et les sourires sont au rendez-vous.<\/p>\n<p>L\u2019habitation for\u00e9zienne ouverte depuis novembre 2024<\/p>\n<p>Cette colocation pour seniors est venue d\u2019un constat de Thierry Sabot. Le fondateur des Maisons M\u00e9lina s\u2019est appuy\u00e9 sur son exp\u00e9rience personnelle pour imaginer le projet. \u00ab Ma m\u00e8re vivait seule, et la solitude impactait sa sant\u00e9. Dans ces moments de vie, beaucoup de nos a\u00een\u00e9s ne veulent&#8230;<\/p>\n","protected":false},"excerpt":{"rendered":"Andr\u00e9, l\u2019un des r\u00e9sidents de la colocation pour seniors Maison M\u00e9lina, d\u00e9barque en cuisine, tablier autour du cou,&hellip;\n","protected":false},"author":2,"featured_media":126300,"comment_status":"","ping_status":"","sticky":false,"template":"","format":"standard","meta":{"footnotes":""},"categories":[9653],"tags":[1111,11,2430,4406,33,7359,1777,674,24711,24992,1011,27,12,25,4001],"class_list":{"0":"post-126299","1":"post","2":"type-post","3":"status-publish","4":"format-standard","5":"has-post-thumbnail","7":"category-saint-etienne","8":"tag-actu","9":"tag-actualites","10":"tag-auvergne-rhone-alpes","11":"tag-commerce-et-services","12":"tag-economie","13":"tag-edition-loire-centre","14":"tag-eu","15":"tag-europe","16":"tag-feurs","17":"tag-feurs-ville","18":"tag-fr","19":"tag-france","20":"tag-news","21":"tag-republique-francaise","22":"tag-saint-etienne"},"share_on_mastodon":{"url":"https:\/\/pubeurope.com\/@fr\/114566997196980076","error":""},"_links":{"self":[{"href":"https:\/\/www.europesays.com\/fr\/wp-json\/wp\/v2\/posts\/126299","targetHints":{"allow":["GET"]}}],"collection":[{"href":"https:\/\/www.europesays.com\/fr\/wp-json\/wp\/v2\/posts"}],"about":[{"href":"https:\/\/www.europesays.com\/fr\/wp-json\/wp\/v2\/types\/post"}],"author":[{"embeddable":true,"href":"https:\/\/www.europesays.com\/fr\/wp-json\/wp\/v2\/users\/2"}],"replies":[{"embeddable":true,"href":"https:\/\/www.europesays.com\/fr\/wp-json\/wp\/v2\/comments?post=126299"}],"version-history":[{"count":0,"href":"https:\/\/www.europesays.com\/fr\/wp-json\/wp\/v2\/posts\/126299\/revisions"}],"wp:featuredmedia":[{"embeddable":true,"href":"https:\/\/www.europesays.com\/fr\/wp-json\/wp\/v2\/media\/126300"}],"wp:attachment":[{"href":"https:\/\/www.europesays.com\/fr\/wp-json\/wp\/v2\/media?parent=126299"}],"wp:term":[{"taxonomy":"category","embeddable":true,"href":"https:\/\/www.europesays.com\/fr\/wp-json\/wp\/v2\/categories?post=126299"},{"taxonomy":"post_tag","embeddable":true,"href":"https:\/\/www.europesays.com\/fr\/wp-json\/wp\/v2\/tags?post=126299"}],"curies":[{"name":"wp","href":"https:\/\/api.w.org\/{rel}","templated":true}]}}