{"id":12630,"date":"2025-04-09T12:39:12","date_gmt":"2025-04-09T12:39:12","guid":{"rendered":"https:\/\/www.europesays.com\/fr\/12630\/"},"modified":"2025-04-09T12:39:12","modified_gmt":"2025-04-09T12:39:12","slug":"volleyball-lesperance-championne-de-tunisie-pour-la-25e-fois-mosaique-fm","status":"publish","type":"post","link":"https:\/\/www.europesays.com\/fr\/12630\/","title":{"rendered":"Volleyball: L&#039;Esp\u00e9rance championne de Tunisie pour la 25e fois&#8230; &#8211; Mosaique FM"},"content":{"rendered":"<ol>\n<li><a href=\"https:\/\/news.google.com\/rss\/articles\/CBMirwFBVV95cUxOcmM4TUJ0OFZBQ3NqM08xVnBleVNsbk9RTkUwWm1ra1NFc1lpWExPOVpMRlhLenZxTUMyd3lRYms0bmowc0diM1RwazJvbk8yZnZVV3Z4X1VmejdOcTdWRC1aZDBSQlV6LVBMSC1rSG1GRnByVUZKRVZKWHB5SW1ZWW5DYjQyRlBZYk9lMDdBQ2k4OW82ekJFbHh0S3ctQ0NKWS10OGUzd01aQTFVNXdN?oc=5\" target=\"_blank\" rel=\"nofollow noopener\">Volleyball: L&rsquo;Esp\u00e9rance championne de Tunisie pour la 25e fois&#8230;<\/a>&nbsp;&nbsp;Mosaique FM<\/li>\n<li><a href=\"https:\/\/news.google.com\/rss\/articles\/CBMirAFBVV95cUxQZkF0b3NXam5fbk85MmJRSHlFaTVqcGllanBDOWtIdnZXakwzR0RCVVVxOEg2YlZydUstZGcwdkdYbDdKTW13NVRwTXhha2o5WlAxb1h3ME5zVFp4Y0ZueWZGVGlFUGg3aFNJdV9GX1ZiMDREaWdkdGxDQlo2TzZSdHh6RHVXckhHV01PZHh6RFR0NFlTNW9NYjJyMXZGcG5mYUEwOUNhTUtNU1Az?oc=5\" target=\"_blank\" rel=\"nofollow noopener\">Volley (Nationale A \/ SG et SF) : programme TV des matches de vendredi et samedi<\/a>&nbsp;&nbsp;tunisienumerique.com<\/li>\n<li><a href=\"https:\/\/news.google.com\/rss\/articles\/CBMifEFVX3lxTFA1Vy1Ea1ljdENyUVBKZTBFSWM1Y2xXWU9CeWlXVWJDOTZWaC1aY0JWcjZMRDZoLTFmek5rZFBqZlNwSzVMTUJsaXNvSWFSamNzRUhFY3BQRzRFbkxMMTA5MzN1Z1l6T18wRkUzWC13VEVWaHZoSWJnMVZldk0?oc=5\" target=\"_blank\" rel=\"nofollow noopener\">Volley-Nationale A (6e journ\u00e9e play-off): Le programme<\/a>&nbsp;&nbsp;tap.info.tn<\/li>\n<li><a href=\"https:\/\/news.google.com\/rss\/articles\/CBMixgFBVV95cUxOakR5V2ZGbnhaM0JYV2Y4WGNodTVSdnJ2RjJzQ3lNSm5pU1V5OGNSTzJFMWZjUWpNdXE5Smk0M04zM0RpNDdUQ19vd1I3UWp5NkxyMEd4OGdNdFNwX0hEVW5oVmFtdHFWYkpGZDh3QzMxZy10UlU1NFp5QUJ5ZXJOeUdSalVuOFFDcXBWdUlGdm1EaVFBTzA1cnBlS0hvTEFySUJKT0x5WWtvZ1p0Z2t5c2FmeGhnV0JZeTNoY1lwU1U3eTF0NWc?oc=5\" target=\"_blank\" rel=\"nofollow noopener\">Championnat d\u2019Afrique des clubs f\u00e9minins de volleyball: La bataille d\u2019Abuja d\u00e9sormais lanc\u00e9e<\/a>&nbsp;&nbsp;La Nation B\u00e9nin<\/li>\n<li><a href=\"https:\/\/news.google.com\/rss\/articles\/CBMilgFBVV95cUxOQll6a3Z4RlRmUGRUMlMtRy1jX2JJS2hLQm52Z3dMMEUxSTJDTWdsdjNvNlotWi1TNXA4Y0twZ1dLUzNuOFBFLVpOVVhfTm45Q19HZU1JVW5uNzVPNC0tNFRkU2d1cnp1QXlLV1RPNWQxNEp3eGFWRkdBbVZfcG1rbGRwZnVZMm9xRktzaXhYYnRrbVIyWnc?oc=5\" target=\"_blank\" rel=\"nofollow noopener\">Volley : L\u2019Esp\u00e9rance sacr\u00e9e championne pour la huiti\u00e8me fois cons\u00e9cutive<\/a>&nbsp;&nbsp;Gnet news<\/li>\n<\/ol>\n","protected":false},"excerpt":{"rendered":"Volleyball: L&rsquo;Esp\u00e9rance championne de Tunisie pour la 25e fois&#8230;&nbsp;&nbsp;Mosaique FM Volley (Nationale A \/ SG et SF) :&hellip;\n","protected":false},"author":2,"featured_media":12631,"comment_status":"","ping_status":"","sticky":false,"template":"","format":"standard","meta":{"footnotes":""},"categories":[1417],"tags":[1011,27,60,1470,1469],"class_list":{"0":"post-12630","1":"post","2":"type-post","3":"status-publish","4":"format-standard","5":"has-post-thumbnail","7":"category-volley","8":"tag-fr","9":"tag-france","10":"tag-sports","11":"tag-volley","12":"tag-volleyball"},"share_on_mastodon":{"url":"https:\/\/pubeurope.com\/@fr\/114308052950621185","error":""},"_links":{"self":[{"href":"https:\/\/www.europesays.com\/fr\/wp-json\/wp\/v2\/posts\/12630","targetHints":{"allow":["GET"]}}],"collection":[{"href":"https:\/\/www.europesays.com\/fr\/wp-json\/wp\/v2\/posts"}],"about":[{"href":"https:\/\/www.europesays.com\/fr\/wp-json\/wp\/v2\/types\/post"}],"author":[{"embeddable":true,"href":"https:\/\/www.europesays.com\/fr\/wp-json\/wp\/v2\/users\/2"}],"replies":[{"embeddable":true,"href":"https:\/\/www.europesays.com\/fr\/wp-json\/wp\/v2\/comments?post=12630"}],"version-history":[{"count":0,"href":"https:\/\/www.europesays.com\/fr\/wp-json\/wp\/v2\/posts\/12630\/revisions"}],"wp:featuredmedia":[{"embeddable":true,"href":"https:\/\/www.europesays.com\/fr\/wp-json\/wp\/v2\/media\/12631"}],"wp:attachment":[{"href":"https:\/\/www.europesays.com\/fr\/wp-json\/wp\/v2\/media?parent=12630"}],"wp:term":[{"taxonomy":"category","embeddable":true,"href":"https:\/\/www.europesays.com\/fr\/wp-json\/wp\/v2\/categories?post=12630"},{"taxonomy":"post_tag","embeddable":true,"href":"https:\/\/www.europesays.com\/fr\/wp-json\/wp\/v2\/tags?post=12630"}],"curies":[{"name":"wp","href":"https:\/\/api.w.org\/{rel}","templated":true}]}}