{"id":126301,"date":"2025-05-25T06:13:10","date_gmt":"2025-05-25T06:13:10","guid":{"rendered":"https:\/\/www.europesays.com\/fr\/126301\/"},"modified":"2025-05-25T06:13:10","modified_gmt":"2025-05-25T06:13:10","slug":"saint-etienne-a-lecole-ensemble-en-1945-elles-se-retrouvent-80-ans-plus-tard-a-lehpad","status":"publish","type":"post","link":"https:\/\/www.europesays.com\/fr\/126301\/","title":{"rendered":"Saint-\u00c9tienne. \u00c0 l\u2019\u00e9cole ensemble en 1945, elles se retrouvent 80 ans plus tard\u2026 \u00e0 l\u2019Ehpad"},"content":{"rendered":"<p>La photo de classe est un peu jaunie, mais l\u2019on y distingue tr\u00e8s bien les deux petites filles. \u00c0 droite, Olga, 8 ans, ses cheveux boucl\u00e9s et un petit sourire aux l\u00e8vres. \u00c0 gauche, Maryse, 12 ans, l\u2019air impassible dans son tablier noir. Il y a quelques semaines, un petit miracle s\u2019est produit \u00e0 la maison de retraite Fauriel. Les deux camarades de classe se sont retrouv\u00e9es, 80 ans plus tard, au hasard d\u2019une conversation.<\/p>\n<p>\u00ab\u00a0On \u00e9tait \u00e0 table et on parlait des privations de la guerre. Olga me disait que l\u2019on avait souffert \u00e0 Saint-\u00c9tienne\u00a0\u00bb, commence \u00e0 raconter Maryse Lachaux, arriv\u00e9e \u00e0 l\u2019Ehpad tout r\u00e9cemment. \u00ab\u00a0Je lui ai r\u00e9pondu que, par rapport \u00e0 ce que j\u2019avais v\u00e9cu, ce n\u2019\u00e9tait rien du tout.\u00a0\u00bb Car la nonag\u00e9naire a pass\u00e9 ses dix premi\u00e8res ann\u00e9es dans la Somme, \u00e0 Abbeville, une commune qui a \u00e9t\u00e9 ravag\u00e9e par les bombardements en 1940.<\/p>\n<p>\u00ab\u00a0Plus elle parlait, plus je me disais que cette petite fille, c\u2019\u00e9tait moi\u00a0\u00bb<\/p>\n<p>Sacr\u00e9e co\u00efncidence, Olga Gouttefangeas&#8230;<\/p>\n","protected":false},"excerpt":{"rendered":"La photo de classe est un peu jaunie, mais l\u2019on y distingue tr\u00e8s bien les deux petites filles.&hellip;\n","protected":false},"author":2,"featured_media":126302,"comment_status":"","ping_status":"","sticky":false,"template":"","format":"standard","meta":{"footnotes":""},"categories":[9653],"tags":[1111,11,2430,7539,1777,674,1011,27,937,1757,3367,12,25,4001,7538,10806,104],"class_list":{"0":"post-126301","1":"post","2":"type-post","3":"status-publish","4":"format-standard","5":"has-post-thumbnail","7":"category-saint-etienne","8":"tag-actu","9":"tag-actualites","10":"tag-auvergne-rhone-alpes","11":"tag-edition-loire-sud","12":"tag-eu","13":"tag-europe","14":"tag-fr","15":"tag-france","16":"tag-histoire","17":"tag-insolite","18":"tag-loire","19":"tag-news","20":"tag-republique-francaise","21":"tag-saint-etienne","22":"tag-saint-etienne-ville","23":"tag-selection-de-la-redaction-42","24":"tag-societe"},"share_on_mastodon":{"url":"https:\/\/pubeurope.com\/@fr\/114567001058598739","error":""},"_links":{"self":[{"href":"https:\/\/www.europesays.com\/fr\/wp-json\/wp\/v2\/posts\/126301","targetHints":{"allow":["GET"]}}],"collection":[{"href":"https:\/\/www.europesays.com\/fr\/wp-json\/wp\/v2\/posts"}],"about":[{"href":"https:\/\/www.europesays.com\/fr\/wp-json\/wp\/v2\/types\/post"}],"author":[{"embeddable":true,"href":"https:\/\/www.europesays.com\/fr\/wp-json\/wp\/v2\/users\/2"}],"replies":[{"embeddable":true,"href":"https:\/\/www.europesays.com\/fr\/wp-json\/wp\/v2\/comments?post=126301"}],"version-history":[{"count":0,"href":"https:\/\/www.europesays.com\/fr\/wp-json\/wp\/v2\/posts\/126301\/revisions"}],"wp:featuredmedia":[{"embeddable":true,"href":"https:\/\/www.europesays.com\/fr\/wp-json\/wp\/v2\/media\/126302"}],"wp:attachment":[{"href":"https:\/\/www.europesays.com\/fr\/wp-json\/wp\/v2\/media?parent=126301"}],"wp:term":[{"taxonomy":"category","embeddable":true,"href":"https:\/\/www.europesays.com\/fr\/wp-json\/wp\/v2\/categories?post=126301"},{"taxonomy":"post_tag","embeddable":true,"href":"https:\/\/www.europesays.com\/fr\/wp-json\/wp\/v2\/tags?post=126301"}],"curies":[{"name":"wp","href":"https:\/\/api.w.org\/{rel}","templated":true}]}}