{"id":12632,"date":"2025-04-09T12:40:22","date_gmt":"2025-04-09T12:40:22","guid":{"rendered":"https:\/\/www.europesays.com\/fr\/12632\/"},"modified":"2025-04-09T12:40:22","modified_gmt":"2025-04-09T12:40:22","slug":"union-bordeaux-begles-valentin-delpy-stade-francais-les-infos-transferts-du-mardi-8-avril","status":"publish","type":"post","link":"https:\/\/www.europesays.com\/fr\/12632\/","title":{"rendered":"Union Bordeaux-B\u00e8gles, Valentin Delpy, Stade Fran\u00e7ais, les infos transferts du mardi 8 avril"},"content":{"rendered":"<p>\t\t\t\t\t\t\t\t\t\t\t\t\t\tTRANSFERTS RUGBY \u2013 l\u2019UBB n\u2019a pas fini de recruter des trois-quarts, Valentin Delpy entre Top 14 et Pro D2, le Stade Fran\u00e7ais prolonge un cadre : les infos transferts du mardi 8 avril.<br \/>\nUnion Bordeaux-B\u00e8gles : encore du mouvement \u00e0 venir ?<\/p>\n<p style=\"text-align: justify;\">Si la quasi-totalit\u00e9 de la ligne de trois-quarts est internationale, si elle est de plus fournie, visiblement, l\u2019Union Bordeaux-B\u00e8gles n\u2019entend pas s\u2019arr\u00eater l\u00e0. Le club girondin a assur\u00e9 la pr\u00e9sence de <strong>Jon Echegaray<\/strong> et verra <strong>Xan Mousques<\/strong> rejoindre ses rangs la saison prochaine. N\u00e9anmoins, il pourrait encore y avoir du mouvement.<\/p>\n<p style=\"text-align: justify;\">Certains joueurs ont fil\u00e9 entre les doigts de l\u2019UBB, selon le Midi Olympique. Notamment <strong>Jiuta Wainiqolo<\/strong>, qui va rejoindre les rangs du LOU, ou encore <strong>Bautista Delguy<\/strong>, qui ne devrait pas bouger de Clermont. Des noms ronflants du Top 14, ce qui signifie sans doute une chose : il devrait encore y avoir du mouvement en Gironde.<\/p>\n<p style=\"text-align: justify;\"><strong>L\u2019avis de Dicodusport<\/strong> <strong>:\u00a0<\/strong>tous les ans, l\u2019UBB se rapproche du titre, et encore une fois, la formation girondine veut la profondeur de banc n\u00e9cessaire pour y parvenir. Il ne serait pas surprenant de voir un gros nom d\u00e9barquer d\u2019ici \u00e0 la fin du mercato.<\/p>\n<p>Valentin Delpy : Perpignan ou Colomiers ?<\/p>\n<p style=\"text-align: justify;\">D\u00e9but 2025, <strong>Valentin Delpy<\/strong> a fait ses d\u00e9buts en Top 14 avec le Stade Toulousain. Prometteur, <a href=\"https:\/\/dicodusport.fr\/blog\/transferts-valentin-delpy-devrait-quitter-toulouse-pour-un-autre-club-de-top-14\/\" target=\"_blank\" rel=\"noopener\">l\u2019ouvreur a depuis \u00e9t\u00e9 pr\u00eat\u00e9 \u00e0 l\u2019USA Perpignan pour y finir la saison<\/a>. Depuis son arriv\u00e9e, il a plut\u00f4t \u00e9t\u00e9 convaincant, \u00e0 tel point que la formation catalane se verrait bien poursuivre leur collaboration la saison prochaine. Mais il y a un hic, et il est de taille.<\/p>\n<p style=\"text-align: justify;\">Si <strong>Delpy<\/strong> est engag\u00e9 sur le long terme avec Toulouse, il doit \u00eatre pr\u00eat\u00e9 \u00e0 <strong>Colomiers<\/strong> pour le prochain exercice. Du coup, direction le bras de fer ? <strong>Franck Az\u00e9ma<\/strong> a avanc\u00e9 ses pions sur Ici Roussillon, le pr\u00e9sident du club colum\u00e9rin <strong>Alain Carr\u00e9<\/strong> a rappel\u00e9 que le deal \u00e9tait d\u00e9j\u00e0 conclu. On attend d\u00e9sormais la r\u00e9action du principal int\u00e9ress\u00e9, qui a montr\u00e9 de r\u00e9elles aptitudes pour le plus haut niveau de comp\u00e9tition de l\u2019Hexagone.<\/p>\n<p style=\"text-align: justify;\"><strong>L\u2019avis de Dicodusport<\/strong> <strong>:<\/strong> sur ce qu\u2019il commence \u00e0 montrer, Valentin Delpy a les moyens de trouver sa place en Top 14. Mais il semblerait \u00e9tonnant que Colomiers acc\u00e8de \u00e0 cette requ\u00eate puisque le deal est d\u00e9j\u00e0 ent\u00e9rin\u00e9. Peu importe o\u00f9 il jouera, il aura une place au chaud.<\/p>\n<p>\n<a href=\"https:\/\/dicodusport.fr\/blog\/offres\/abonnements-sans-pub\/\" target=\"_blank\" rel=\"noopener\"><img loading=\"lazy\" decoding=\"async\" class=\"alignnone size-full wp-image-501284 perfmatters-lazy\" alt=\"\" width=\"1200\" height=\"200\" src=\"https:\/\/www.europesays.com\/fr\/wp-content\/uploads\/2025\/04\/Abonnements-sans-pubs-Dicodusport.png\"\/><\/a><br \/><a href=\"https:\/\/dicodusport.fr\/blog\/offres\/abonnements-sans-pub\/\" target=\"_blank\" rel=\"noopener\"><img loading=\"lazy\" decoding=\"async\" class=\"alignnone size-full wp-image-501296 perfmatters-lazy\" alt=\"\" width=\"400\" height=\"400\" src=\"https:\/\/www.europesays.com\/fr\/wp-content\/uploads\/2025\/04\/Abonnements-sans-pubs-Dicodusport-mobile.png\"\/><\/a><\/p>\n<p>Stade Fran\u00e7ais : Tanginoa Halaifonua prolonge<\/p>\n<p style=\"text-align: justify;\">Tout a \u00e9t\u00e9 dit sur la saison du Stade Fran\u00e7ais. Entre les changements d\u2019entra\u00eeneurs, l\u2019incertitude sur le prochain staff, les performances sportives bien en dessous de ce qui \u00e9tait attendu, on part pour une saison blanche. Mais il faut bien pr\u00e9parer la prochaine, et pour l\u2019instant, les recrues ne se bousculent pas au portillon.<\/p>\n<p style=\"text-align: justify;\">Ainsi, il faut s\u2019atteler \u00e0 conserver \u00e0 minima ses meilleurs \u00e9l\u00e9ments. En voil\u00e0 au moins un qui n\u2019ira nulle part, puisque<strong> Tanginoa Halaifonua<\/strong> a prolong\u00e9 avec le club parisien. Et le Stade Fran\u00e7ais n\u2019a pas fait dans la dentelle, puisque le deuxi\u00e8me ligne tongien restera jusqu\u2019en 2029. Une bonne chose de faite, puisqu\u2019il a pris de l\u2019\u00e9paisseur avec pas moins de 15 titularisations cette saison.<\/p>\n<p style=\"text-align: justify;\"><strong>L\u2019avis de Dicodusport<\/strong> <strong>:\u00a0<\/strong>les prolongations de quatre ans ne sont pas si fr\u00e9quentes dans le rugby moderne, encore plus pour un joueur qui n\u2019est pas un \u00ab\u00a0grand nom\u00a0\u00bb. Le Stade Fran\u00e7ais a besoin d\u2019un noyau solide pour se relancer, et c\u2019est une \u00e9tape de plus.\u00a0<\/p>\n<blockquote class=\"twitter-tweet\">\n<p dir=\"ltr\" lang=\"fr\">H\u1d00\u029f\u1d00\u026a\u0493\u1d0f\u0274\u1d1c\u1d00 \u1d0a\u1d1cs\u03d9\u1d1c\u2019\u1d07\u0274 2\ufe0f\u20e30\ufe0f\u20e32\ufe0f\u20e39\ufe0f\u20e3<\/p>\n<p>Notre puissant deuxi\u00e8me ligne prolonge de \ud835\udff0 \ud835\uddee\ud835\uddfb\ud835\uddfb\ud835\uddf2\u0301\ud835\uddf2\ud835\ude00 \ud835\ude00\ud835\ude02\ud835\uddfd\ud835\uddfd\ud835\uddf9\ud835\uddf2\u0301\ud835\uddfa\ud835\uddf2\ud835\uddfb\ud835\ude01\ud835\uddee\ud835\uddf6\ud835\uddff\ud835\uddf2\ud835\ude00 avec le club de la capitale \ud83c\udf38<\/p>\n<p>F\u00e9licitations Tanginoa \u26a1\ufe0f<a href=\"https:\/\/twitter.com\/hashtag\/SFParis?src=hash&amp;ref_src=twsrc%5Etfw\" target=\"_blank\" rel=\"noopener\">#SFParis<\/a> <a href=\"https:\/\/t.co\/IJxeciyv8Q\">pic.twitter.com\/IJxeciyv8Q<\/a><\/p>\n<p>\u2014 Stade Fran\u00e7ais Paris (@SFParisRugby) <a href=\"https:\/\/twitter.com\/SFParisRugby\/status\/1909550536732606663?ref_src=twsrc%5Etfw\" target=\"_blank\" rel=\"noopener\">April 8, 2025<\/a><\/p>\n<\/blockquote>\n<p>\t\t\t\t\t\t\t\t\t\t\t\t\t<script async src=\"https:\/\/platform.twitter.com\/widgets.js\" charset=\"utf-8\"><\/script><\/p>\n","protected":false},"excerpt":{"rendered":"TRANSFERTS RUGBY \u2013 l\u2019UBB n\u2019a pas fini de recruter des trois-quarts, Valentin Delpy entre Top 14 et Pro&hellip;\n","protected":false},"author":2,"featured_media":12633,"comment_status":"","ping_status":"","sticky":false,"template":"","format":"standard","meta":{"footnotes":""},"categories":[1416],"tags":[1111,2113,1109,1011,27,2114,479,2115,1468,60,477],"class_list":{"0":"post-12632","1":"post","2":"type-post","3":"status-publish","4":"format-standard","5":"has-post-thumbnail","7":"category-rugby","8":"tag-actu","9":"tag-breve","10":"tag-breves","11":"tag-fr","12":"tag-france","13":"tag-mercato-rugby","14":"tag-rugby","15":"tag-rugby-a-xv","16":"tag-rugby-football","17":"tag-sports","18":"tag-transferts-rugby"},"share_on_mastodon":{"url":"https:\/\/pubeurope.com\/@fr\/114308056778294198","error":""},"_links":{"self":[{"href":"https:\/\/www.europesays.com\/fr\/wp-json\/wp\/v2\/posts\/12632","targetHints":{"allow":["GET"]}}],"collection":[{"href":"https:\/\/www.europesays.com\/fr\/wp-json\/wp\/v2\/posts"}],"about":[{"href":"https:\/\/www.europesays.com\/fr\/wp-json\/wp\/v2\/types\/post"}],"author":[{"embeddable":true,"href":"https:\/\/www.europesays.com\/fr\/wp-json\/wp\/v2\/users\/2"}],"replies":[{"embeddable":true,"href":"https:\/\/www.europesays.com\/fr\/wp-json\/wp\/v2\/comments?post=12632"}],"version-history":[{"count":0,"href":"https:\/\/www.europesays.com\/fr\/wp-json\/wp\/v2\/posts\/12632\/revisions"}],"wp:featuredmedia":[{"embeddable":true,"href":"https:\/\/www.europesays.com\/fr\/wp-json\/wp\/v2\/media\/12633"}],"wp:attachment":[{"href":"https:\/\/www.europesays.com\/fr\/wp-json\/wp\/v2\/media?parent=12632"}],"wp:term":[{"taxonomy":"category","embeddable":true,"href":"https:\/\/www.europesays.com\/fr\/wp-json\/wp\/v2\/categories?post=12632"},{"taxonomy":"post_tag","embeddable":true,"href":"https:\/\/www.europesays.com\/fr\/wp-json\/wp\/v2\/tags?post=12632"}],"curies":[{"name":"wp","href":"https:\/\/api.w.org\/{rel}","templated":true}]}}