{"id":126320,"date":"2025-05-25T06:28:09","date_gmt":"2025-05-25T06:28:09","guid":{"rendered":"https:\/\/www.europesays.com\/fr\/126320\/"},"modified":"2025-05-25T06:28:09","modified_gmt":"2025-05-25T06:28:09","slug":"fete-des-meres-et-condition-feminine","status":"publish","type":"post","link":"https:\/\/www.europesays.com\/fr\/126320\/","title":{"rendered":"f\u00eate des m\u00e8res et condition f\u00e9minine"},"content":{"rendered":"<p>De nombreux ateliers de bricolage destin\u00e9s aux plus petits sont organis\u00e9s au sein des \u00e9coles ou des associations. Dans les locaux <a href=\"https:\/\/www.dna.fr\/societe\/2025\/05\/06\/a-l-ares-un-village-des-bons-plans-pour-vivre-mieux-et-faire-des-economies\" target=\"_blank\" rel=\"noopener\">de l\u2019Ares, \u00e0 l\u2019Esplanade<\/a>, les enfants consacrent leur mercredi \u00e0 la r\u00e9alisation de foulards en soie orn\u00e9s de fleurs et de c\u0153urs. Pour les plus grands et les papas, le passage chez le fleuriste est de mise alors que dans les mairies, les m\u00e8res de familles nombreuses re\u00e7oivent la m\u00e9daille de la Famille Fran\u00e7aise (le bronze pour cinq enfants, l\u2019argent pour huit et l\u2019or \u00e0 compter du dixi\u00e8me).<\/p>\n<p>\u00c0 la foire de Printemps et pour la deuxi\u00e8me ann\u00e9e cons\u00e9cutive, le Centre des organisations f\u00e9minines de l\u2019Est (CDOF) tient un stand o\u00f9 sont organis\u00e9es tables rondes et permanences par plus d\u2019une vingtaine d\u2019association dont le club des \u00ab Derni\u00e8res Nouvelles de Madame \u00bb. Les principaux th\u00e8mes des d\u00e9bats portent sur la politique, le droit, la famille et&#8230;<\/p>\n","protected":false},"excerpt":{"rendered":"De nombreux ateliers de bricolage destin\u00e9s aux plus petits sont organis\u00e9s au sein des \u00e9coles ou des associations.&hellip;\n","protected":false},"author":2,"featured_media":126321,"comment_status":"","ping_status":"","sticky":false,"template":"","format":"standard","meta":{"footnotes":""},"categories":[2820],"tags":[1111,11,2389,2649,2880,1777,674,107,1011,27,775,937,3035,12,25,104,640,2879],"class_list":{"0":"post-126320","1":"post","2":"type-post","3":"status-publish","4":"format-standard","5":"has-post-thumbnail","7":"category-strasbourg","8":"tag-actu","9":"tag-actualites","10":"tag-alsace","11":"tag-bas-rhin","12":"tag-edition-strasbourg","13":"tag-eu","14":"tag-europe","15":"tag-fil-info","16":"tag-fr","17":"tag-france","18":"tag-grand-est","19":"tag-histoire","20":"tag-la-matinale-strasbourg","21":"tag-news","22":"tag-republique-francaise","23":"tag-societe","24":"tag-strasbourg","25":"tag-strasbourg-ville"},"share_on_mastodon":{"url":"https:\/\/pubeurope.com\/@fr\/114567060183216941","error":""},"_links":{"self":[{"href":"https:\/\/www.europesays.com\/fr\/wp-json\/wp\/v2\/posts\/126320","targetHints":{"allow":["GET"]}}],"collection":[{"href":"https:\/\/www.europesays.com\/fr\/wp-json\/wp\/v2\/posts"}],"about":[{"href":"https:\/\/www.europesays.com\/fr\/wp-json\/wp\/v2\/types\/post"}],"author":[{"embeddable":true,"href":"https:\/\/www.europesays.com\/fr\/wp-json\/wp\/v2\/users\/2"}],"replies":[{"embeddable":true,"href":"https:\/\/www.europesays.com\/fr\/wp-json\/wp\/v2\/comments?post=126320"}],"version-history":[{"count":0,"href":"https:\/\/www.europesays.com\/fr\/wp-json\/wp\/v2\/posts\/126320\/revisions"}],"wp:featuredmedia":[{"embeddable":true,"href":"https:\/\/www.europesays.com\/fr\/wp-json\/wp\/v2\/media\/126321"}],"wp:attachment":[{"href":"https:\/\/www.europesays.com\/fr\/wp-json\/wp\/v2\/media?parent=126320"}],"wp:term":[{"taxonomy":"category","embeddable":true,"href":"https:\/\/www.europesays.com\/fr\/wp-json\/wp\/v2\/categories?post=126320"},{"taxonomy":"post_tag","embeddable":true,"href":"https:\/\/www.europesays.com\/fr\/wp-json\/wp\/v2\/tags?post=126320"}],"curies":[{"name":"wp","href":"https:\/\/api.w.org\/{rel}","templated":true}]}}