{"id":126324,"date":"2025-05-25T06:30:08","date_gmt":"2025-05-25T06:30:08","guid":{"rendered":"https:\/\/www.europesays.com\/fr\/126324\/"},"modified":"2025-05-25T06:30:08","modified_gmt":"2025-05-25T06:30:08","slug":"aeroport-de-nice-cette-ville-des-etats-unis-est-desormais-accessible-avec-un-vol-direct","status":"publish","type":"post","link":"https:\/\/www.europesays.com\/fr\/126324\/","title":{"rendered":"A\u00e9roport de Nice. Cette ville des \u00c9tats-Unis est d\u00e9sormais accessible avec un vol direct"},"content":{"rendered":"<p>            Par<br \/>\n        <strong><br \/>\n            <a href=\"https:\/\/actu.fr\/auteur\/redaction-nice\" title=\"Consulter tous les articles de R\u00e9daction Nice\" rel=\"nofollow noopener\" target=\"_blank\">R\u00e9daction Nice<\/a><br \/>\n        <\/strong><\/p>\n<p>        Publi\u00e9 le<\/p>\n<p>            25 mai 2025 \u00e0 8h14        <\/p>\n<p>L\u2019a\u00e9roport de Nice continue de d\u00e9velopper ses <strong>\u00e9changes avec l\u2019Am\u00e9rique du Nord<\/strong>. Apr\u00e8s New York, Philadelphie et Atlanta, c\u2019est au tour de Washington d\u2019\u00eatre desservie.<\/p>\n<p class=\" wall-content\">La ville la plus peupl\u00e9e des <a href=\"https:\/\/actu.fr\/provence-alpes-cote-d-azur\/alpes-maritimes_06\" rel=\"nofollow noopener\" target=\"_blank\">Alpes-Maritimes<\/a> accueille la compagnie <strong>United Airlines<\/strong> qui a inaugur\u00e9 ce vendredi 23\u00a0mai 2025 une nouvelle liaison entre <a href=\"https:\/\/actu.fr\/nice\/\" rel=\"nofollow noopener\" target=\"_blank\">Nice<\/a> et le lieu de r\u00e9sidence du pr\u00e9sident des \u00c9tats-Unis.<\/p>\n<p class=\" wall-content\">Annonc\u00e9e <a href=\"https:\/\/actu.fr\/provence-alpes-cote-d-azur\/nice_06088\/aeroport-de-nice-un-nouveau-vol-exclusif-vers-cette-capitale-ouvre-en-2025_61717053.html\" rel=\"nofollow noopener\" target=\"_blank\">en octobre\u00a02024<\/a>, cette liaison est maintenant disponible \u00e0 la r\u00e9servation.<\/p>\n<p>Des vols r\u00e9guliers pendant tout l\u2019\u00e9t\u00e9<\/p>\n<p class=\" wall-content\">Des vols auront lieu <strong>chaque semaine du 24\u00a0mai au 25\u00a0septembre 2025<\/strong>, le mardi, le jeudi, le vendredi et le dimanche. En partant du Terminal 1 de Nice \u00e0 10h05, avec <a href=\"https:\/\/actu.fr\/provence-alpes-cote-d-azur\/nice_06088\/l-approche-de-l-aeroport-de-nice-est-l-une-des-plus-belles-au-monde-selon-cette-etude_62484166.html\" rel=\"nofollow noopener\" target=\"_blank\">l\u2019une des plus belles vues sur la c\u00f4te<\/a>, l\u2019arriv\u00e9e se fera sur le sol am\u00e9ricain apr\u00e8s 9\u2009h\u200950 de vol, \u00e0 13h55 heure locale.<\/p>\n<p class=\" wall-content\">Le vol inaugural entre Washington et Nice a eu lieu dans la nuit du jeudi\u00a022 au vendredi 23\u00a0mai avec un d\u00e9part \u00e0 17h20 et une arriv\u00e9e en France au petit matin, \u00e0 8h. Pour rejoindre les \u00c9tats-Unis, le billet est mis en vente \u00e0 partir de 1500 euros. Comptez 390\u00a0euros minimum pour revenir \u00e0 Nice.<\/p>\n<p>Des Am\u00e9ricains nombreux sur le sol azur\u00e9en<\/p>\n<p class=\" wall-content\">Climat doux, acc\u00e8s privil\u00e9gi\u00e9 \u00e0 la mer, ville \u00e0 taille humaine\u2026 En 2024, C\u00f4te d\u2019Azur France Tourisme recensait <strong>620\u2009000 s\u00e9jours<\/strong> dans les h\u00f4tels de la m\u00e9tropole azur\u00e9enne. C\u2019\u00e9tait alors 10\u2009% de plus qu\u2019en 2019.<\/p>\n<p class=\" wall-content\">Et les Am\u00e9ricains sont parmi les principaux clients des h\u00f4tels et des r\u00e9sidences, devant les Britanniques, les Allemands, les Hollandais et m\u00eame les Italiens. Une bonne nouvelle pour le secteur du tourisme\u2009: en moyenne, un Am\u00e9ricain en vacances d\u00e9pense 200\u00a0euros par jour et par personne, contre 75\u00a0euros pour un Fran\u00e7ais, rapportait <a href=\"https:\/\/www.lemonde.fr\/economie\/article\/2025\/04\/08\/l-engouement-des-americains-qui-voyagent-ou-s-expatrient-a-nice-on-a-trouve-notre-ville-francaise-ideale_6592435_3234.html?random=266562785&amp;random=1019895927\" rel=\"nofollow noopener\" target=\"_blank\">Le Monde<\/a>.<\/p>\n<p>Ils s\u2019y installent aussi<\/p>\n<p class=\" wall-content\">Le territoire entre mer et montagne attire aussi les voyageurs venus d\u2019Am\u00e9rique du Nord pour des raisons professionnelles. Et certains d\u2019entre eux ne se limitent plus \u00e0 quelques jours de vacances. Interrog\u00e9 par <a href=\"https:\/\/www.francebleu.fr\/emissions\/l-invite-d-ici-matin\/les-americains-fuient-sur-la-cote-d-azur-selon-ce-specialiste-de-l-immobilier-5411831\" rel=\"nofollow noopener\" target=\"_blank\">ici Azur<\/a> (ex France Bleu), le pr\u00e9sident de la commission internationale de la FNAIM \u00e0 Nice, Kirkor Ajderhanyan, assurait en avril\u00a02025 que les Am\u00e9ricains sont nombreux \u00e0 s\u2019installer pleinement sur le littoral m\u00e9diterran\u00e9en. Il affirmait m\u00eame que les plus fortun\u00e9s repr\u00e9sentaient d\u00e9sormais un dossier sur deux dans certaines agences immobili\u00e8res.<\/p>\n<p class=\" wall-content\">En 2024, la fr\u00e9quentation \u00e9trang\u00e8re de Nice repr\u00e9sentait 54\u2009% des visiteurs. Pour faire perdurer cette dynamique, l\u2019a\u00e9roport de Nice continue son expansion vers l\u2019\u00e9tranger. En 2024, quasi 14,8\u00a0millions de passagers venant de 122 destinations ont travers\u00e9 le tarmac ni\u00e7ois. L\u2019objectif de l\u2019a\u00e9roport\u2009: d\u00e9passer les 18\u00a0millions de passagers d\u2019ici \u00e0 2030.<\/p>\n<p class=\" wall-content\"><strong>Par Florine Amenta<\/strong><\/p>\n<p class=\" wall-content\">Suivez toute l\u2019actualit\u00e9 de vos villes et m\u00e9dias favoris en vous inscrivant \u00e0 <a href=\"https:\/\/moncompte.actu.fr\" title=\"D\u00e9couvez Mon Actu\" rel=\"nofollow noopener\" data-trk=\"{&quot;cta&quot;:{&quot;action&quot;:&quot;https:\\\/\\\/moncompte.actu.fr&quot;,&quot;category&quot;:&quot;mon compte&quot;,&quot;from&quot;:&quot;article footer&quot;,&quot;name&quot;:&quot;Mon actu&quot;,&quot;type&quot;:&quot;cta&quot;}}\" target=\"_blank\">Mon Actu<\/a>.<\/p>\n","protected":false},"excerpt":{"rendered":"Par R\u00e9daction Nice Publi\u00e9 le 25 mai 2025 \u00e0 8h14 L\u2019a\u00e9roport de Nice continue de d\u00e9velopper ses \u00e9changes&hellip;\n","protected":false},"author":2,"featured_media":126325,"comment_status":"","ping_status":"","sticky":false,"template":"","format":"standard","meta":{"footnotes":""},"categories":[2819],"tags":[1111,11,1777,674,1011,27,1305,12,2401,2897,882,25],"class_list":{"0":"post-126324","1":"post","2":"type-post","3":"status-publish","4":"format-standard","5":"has-post-thumbnail","7":"category-nice","8":"tag-actu","9":"tag-actualites","10":"tag-eu","11":"tag-europe","12":"tag-fr","13":"tag-france","14":"tag-lifestyle","15":"tag-news","16":"tag-nice","17":"tag-nice-cote-dazur","18":"tag-provence-alpes-cote-dazur","19":"tag-republique-francaise"},"share_on_mastodon":{"url":"https:\/\/pubeurope.com\/@fr\/114567068004546699","error":""},"_links":{"self":[{"href":"https:\/\/www.europesays.com\/fr\/wp-json\/wp\/v2\/posts\/126324","targetHints":{"allow":["GET"]}}],"collection":[{"href":"https:\/\/www.europesays.com\/fr\/wp-json\/wp\/v2\/posts"}],"about":[{"href":"https:\/\/www.europesays.com\/fr\/wp-json\/wp\/v2\/types\/post"}],"author":[{"embeddable":true,"href":"https:\/\/www.europesays.com\/fr\/wp-json\/wp\/v2\/users\/2"}],"replies":[{"embeddable":true,"href":"https:\/\/www.europesays.com\/fr\/wp-json\/wp\/v2\/comments?post=126324"}],"version-history":[{"count":0,"href":"https:\/\/www.europesays.com\/fr\/wp-json\/wp\/v2\/posts\/126324\/revisions"}],"wp:featuredmedia":[{"embeddable":true,"href":"https:\/\/www.europesays.com\/fr\/wp-json\/wp\/v2\/media\/126325"}],"wp:attachment":[{"href":"https:\/\/www.europesays.com\/fr\/wp-json\/wp\/v2\/media?parent=126324"}],"wp:term":[{"taxonomy":"category","embeddable":true,"href":"https:\/\/www.europesays.com\/fr\/wp-json\/wp\/v2\/categories?post=126324"},{"taxonomy":"post_tag","embeddable":true,"href":"https:\/\/www.europesays.com\/fr\/wp-json\/wp\/v2\/tags?post=126324"}],"curies":[{"name":"wp","href":"https:\/\/api.w.org\/{rel}","templated":true}]}}