{"id":126326,"date":"2025-05-25T06:31:09","date_gmt":"2025-05-25T06:31:09","guid":{"rendered":"https:\/\/www.europesays.com\/fr\/126326\/"},"modified":"2025-05-25T06:31:09","modified_gmt":"2025-05-25T06:31:09","slug":"apres-lincendie-dun-transformateur-electrique-a-nice-45-000-personnes-privees-de-courant-cette-nuit","status":"publish","type":"post","link":"https:\/\/www.europesays.com\/fr\/126326\/","title":{"rendered":"Apr\u00e8s l\u2019incendie d\u2019un transformateur \u00e9lectrique \u00e0 Nice, 45\u00a0000 personnes priv\u00e9es de courant cette nuit"},"content":{"rendered":"<p class=\"paragraph text_align_left\">Les Alpes-Maritimes de nouveau cibl\u00e9s\u00a0? Un transformateur \u00e9lectrique \u00ab\u00a0a \u00e9t\u00e9 incendi\u00e9 \u00e0 l\u2019ouest de Nice, privant d\u2019\u00e9lectricit\u00e9 pr\u00e8s de 45\u00a0000 personnes de Nice \u00e0 Cagnes\u00a0\u00bb, a indiqu\u00e9 sur le r\u00e9seau social X Christian Estrosi, au lendemain<a href=\"https:\/\/www.leparisien.fr\/faits-divers\/coupure-de-courant-a-cannes-la-piste-dun-acte-malveillant-privilegiee-apres-la-degradation-dun-pylone-electrique-24-05-2025-BP3ZPNNOZRAT3HCMFRBQFH76EM.php\" target=\"_blank\" rel=\"noreferrer noopener\"> d\u2019une coupure de courant g\u00e9ante \u00e0 Cannes (Alpes-Maritimes) et ses alentours <\/a>sans doute due \u00e0 des actes malveillants. La situation a \u00e9t\u00e9 r\u00e9tablie depuis.<\/p>\n<blockquote class=\"twitter-tweet\">\n<p lang=\"fr\" dir=\"ltr\">Cette nuit, un transformateur \u00e9lectrique a \u00e9t\u00e9 incendi\u00e9 \u00e0 l\u2019ouest de <a href=\"https:\/\/twitter.com\/hashtag\/nice06?src=hash&amp;ref_src=twsrc%5Etfw\" target=\"_blank\" rel=\"noopener\">#nice06<\/a>, privant d\u2019\u00e9lectricit\u00e9 pr\u00e8s de 45 000 personnes de Nice \u00e0 Cagnes. Les polices nationale et municipale sont mobilis\u00e9es. La situation a \u00e9t\u00e9 r\u00e9tablie dans de tr\u00e8s brefs d\u00e9lais. Je d\u00e9nonce avec force ces\u2026<\/p>\n<p>\u2014 Christian Estrosi (@cestrosi) <a href=\"https:\/\/twitter.com\/cestrosi\/status\/1926520413321904444?ref_src=twsrc%5Etfw\" target=\"_blank\" rel=\"noopener\">May 25, 2025<\/a><\/p><\/blockquote>\n<p class=\"paragraph text_align_left\">Selon une source polici\u00e8re, le transformateur \u00e9lectrique en question est situ\u00e9 dans le secteur de Nice ouest. Il a \u00e9t\u00e9 cibl\u00e9 par un incendie \u00ab\u00a0a priori d\u2019origine criminelle\u00a0\u00bb vers 2h35 du matin, dans la nuit de samedi \u00e0 dimanche. La police judiciaire de Nice a \u00e9t\u00e9 saisie.<\/p>\n<p>L\u2019a\u00e9roport de Nice aussi touch\u00e9<\/p>\n<p class=\"paragraph text_align_left\">\u00ab\u00a0Les polices nationale et municipale sont mobilis\u00e9es. La situation a \u00e9t\u00e9 r\u00e9tablie dans de tr\u00e8s brefs d\u00e9lais. Je d\u00e9nonce avec force ces actes malveillants qui touchent notre pays. Nous mettons les images de notre centre de supervision \u00e0 disposition des enqu\u00eateurs et renforcerons d\u00e8s les prochains jours le maillage de la ville sur les sites \u00e9lectriques strat\u00e9giques\u00a0\u00bb, a aussi \u00e9crit Christian Estrosi. Il pr\u00e9cise que la ville va d\u00e9poser une plainte.<\/p>\n<p class=\"paragraph text_align_left\">D\u2019apr\u00e8s Ga\u00ebl Nofri, adjoint au maire de Nice, \u00ab\u00a0l\u2019a\u00e9roport et le r\u00e9seau de transport ont \u00e9t\u00e9 impact\u00e9s\u00a0\u00bb. \u00ab\u00a0Merci aux pompiers, policiers nationaux et municipaux et ing\u00e9nieurs mobilis\u00e9s\u00a0\u00bb, a-t-il \u00e9galement \u00e9crit <a href=\"https:\/\/x.com\/GaelNofri\/status\/1926474620598714398\" target=\"_blank\" rel=\"noreferrer\">sur X<\/a>.<\/p>\n<p class=\"paragraph text_align_left\">Pour l\u2019heure, rien ne permet de relier cet incendie avec les \u00e9v\u00e9nements survenus ce samedi. Quelqu<a href=\"https:\/\/www.leparisien.fr\/alpes-maritimes-06\/louest-des-alpes-maritimes-touche-par-une-importante-panne-delectricite-le-festival-de-cannes-momentanement-touche-24-05-2025-E2HMOL2Y2BGEPKENHGYSUDRISA.php\" target=\"_blank\" rel=\"noreferrer noopener\">e 160\u00a0000 personnes avaient \u00e9t\u00e9 priv\u00e9es de courant non loin de Cannes<\/a>. Deux incidents distincts s\u2019\u00e9taient produits, tous deux vraisemblablement d\u2019origine criminelle. Un premier incendie avait vis\u00e9 un poste de haute tension \u00e0 Tanneron (Var) vers 2h45 du matin dans la nuit de vendredi \u00e0 samedi. Puis trois des quatre piliers d\u2019un pyl\u00f4ne de la ligne \u00e0 haute tension alimentant la ville de Cannes avaient \u00ab\u00a0\u00e9t\u00e9 sci\u00e9s\u00a0\u00bb, selon le procureur de la R\u00e9publique de Grasse, Damien Savarzei.<\/p>\n<p><script async src=\"https:\/\/platform.twitter.com\/widgets.js\" charset=\"utf-8\"><\/script><\/p>\n","protected":false},"excerpt":{"rendered":"Les Alpes-Maritimes de nouveau cibl\u00e9s\u00a0? Un transformateur \u00e9lectrique \u00ab\u00a0a \u00e9t\u00e9 incendi\u00e9 \u00e0 l\u2019ouest de Nice, privant d\u2019\u00e9lectricit\u00e9 pr\u00e8s&hellip;\n","protected":false},"author":2,"featured_media":126327,"comment_status":"","ping_status":"","sticky":false,"template":"","format":"standard","meta":{"footnotes":""},"categories":[2819],"tags":[1111,11,6657,459,33,1777,674,1011,27,12,2401,882,25],"class_list":{"0":"post-126326","1":"post","2":"type-post","3":"status-publish","4":"format-standard","5":"has-post-thumbnail","7":"category-nice","8":"tag-actu","9":"tag-actualites","10":"tag-alpes-maritimes-06","11":"tag-departements-horsidfo","12":"tag-economie","13":"tag-eu","14":"tag-europe","15":"tag-fr","16":"tag-france","17":"tag-news","18":"tag-nice","19":"tag-provence-alpes-cote-dazur","20":"tag-republique-francaise"},"share_on_mastodon":{"url":"https:\/\/pubeurope.com\/@fr\/114567071901941920","error":""},"_links":{"self":[{"href":"https:\/\/www.europesays.com\/fr\/wp-json\/wp\/v2\/posts\/126326","targetHints":{"allow":["GET"]}}],"collection":[{"href":"https:\/\/www.europesays.com\/fr\/wp-json\/wp\/v2\/posts"}],"about":[{"href":"https:\/\/www.europesays.com\/fr\/wp-json\/wp\/v2\/types\/post"}],"author":[{"embeddable":true,"href":"https:\/\/www.europesays.com\/fr\/wp-json\/wp\/v2\/users\/2"}],"replies":[{"embeddable":true,"href":"https:\/\/www.europesays.com\/fr\/wp-json\/wp\/v2\/comments?post=126326"}],"version-history":[{"count":0,"href":"https:\/\/www.europesays.com\/fr\/wp-json\/wp\/v2\/posts\/126326\/revisions"}],"wp:featuredmedia":[{"embeddable":true,"href":"https:\/\/www.europesays.com\/fr\/wp-json\/wp\/v2\/media\/126327"}],"wp:attachment":[{"href":"https:\/\/www.europesays.com\/fr\/wp-json\/wp\/v2\/media?parent=126326"}],"wp:term":[{"taxonomy":"category","embeddable":true,"href":"https:\/\/www.europesays.com\/fr\/wp-json\/wp\/v2\/categories?post=126326"},{"taxonomy":"post_tag","embeddable":true,"href":"https:\/\/www.europesays.com\/fr\/wp-json\/wp\/v2\/tags?post=126326"}],"curies":[{"name":"wp","href":"https:\/\/api.w.org\/{rel}","templated":true}]}}