{"id":126330,"date":"2025-05-25T06:33:21","date_gmt":"2025-05-25T06:33:21","guid":{"rendered":"https:\/\/www.europesays.com\/fr\/126330\/"},"modified":"2025-05-25T06:33:21","modified_gmt":"2025-05-25T06:33:21","slug":"les-marches-des-fiertes-inaugurees-a-nantes","status":"publish","type":"post","link":"https:\/\/www.europesays.com\/fr\/126330\/","title":{"rendered":"Les Marches des fiert\u00e9s inaugur\u00e9es \u00e0 Nantes"},"content":{"rendered":"<p>Pr\u00e8s de 200\u00a0personnes ont assist\u00e9 ce samedi 24\u00a0mai 2025, \u00e0 18 h 30, \u00e0 l\u2019inauguration des Marches des fiert\u00e9s, \u00ab\u00a0symbole des\u00a0luttes LGBTQIA +\u00a0en c\u0153ur de ville\u00a0\u00bb, selon les propos de Mahaut Bertu, adjointe au maire en charge de l\u2019\u00e9galit\u00e9, ville non-sexiste, lutte contre les discriminations et vie associative. La manifestation s\u2019est d\u00e9roul\u00e9e en pr\u00e9sence de Johanna Rolland, maire de Nantes, et les repr\u00e9sentants de l\u2019association Nosig. L\u2019escalier de la rue Beaurepaire, entre l\u2019all\u00e9e d\u2019Orl\u00e9ans et la rue du Pont-Sauvetout, a \u00e9t\u00e9 peint une premi\u00e8re fois en 2018 des couleurs de l\u2019arc-en-ciel, symbole de la communaut\u00e9\u00a0LGBTQIA +. En inaugurant officiellement ces Marches des fiert\u00e9s, la Ville de Nantes apporte son soutien public \u00e0 la communaut\u00e9 et \u00e0 ses luttes. L\u2019\u00e9v\u00e9nement marque le d\u00e9but du mois des fiert\u00e9s, avec en point d\u2019orgue, la Pride pr\u00e9vue le 14\u00a0juin.<\/p>\n<p>\u00a0<\/p>\n","protected":false},"excerpt":{"rendered":"Pr\u00e8s de 200\u00a0personnes ont assist\u00e9 ce samedi 24\u00a0mai 2025, \u00e0 18 h 30, \u00e0 l\u2019inauguration des Marches des&hellip;\n","protected":false},"author":2,"featured_media":126331,"comment_status":"","ping_status":"","sticky":false,"template":"","format":"standard","meta":{"footnotes":""},"categories":[2818],"tags":[1111,11,1777,674,11136,1011,27,11138,635,766,12,2636,25],"class_list":{"0":"post-126330","1":"post","2":"type-post","3":"status-publish","4":"format-standard","5":"has-post-thumbnail","7":"category-nantes","8":"tag-actu","9":"tag-actualites","10":"tag-eu","11":"tag-europe","12":"tag-fiertes","13":"tag-fr","14":"tag-france","15":"tag-inaugurees","16":"tag-marches","17":"tag-nantes","18":"tag-news","19":"tag-pays-de-la-loire","20":"tag-republique-francaise"},"share_on_mastodon":{"url":"https:\/\/pubeurope.com\/@fr\/114567079779117021","error":""},"_links":{"self":[{"href":"https:\/\/www.europesays.com\/fr\/wp-json\/wp\/v2\/posts\/126330","targetHints":{"allow":["GET"]}}],"collection":[{"href":"https:\/\/www.europesays.com\/fr\/wp-json\/wp\/v2\/posts"}],"about":[{"href":"https:\/\/www.europesays.com\/fr\/wp-json\/wp\/v2\/types\/post"}],"author":[{"embeddable":true,"href":"https:\/\/www.europesays.com\/fr\/wp-json\/wp\/v2\/users\/2"}],"replies":[{"embeddable":true,"href":"https:\/\/www.europesays.com\/fr\/wp-json\/wp\/v2\/comments?post=126330"}],"version-history":[{"count":0,"href":"https:\/\/www.europesays.com\/fr\/wp-json\/wp\/v2\/posts\/126330\/revisions"}],"wp:featuredmedia":[{"embeddable":true,"href":"https:\/\/www.europesays.com\/fr\/wp-json\/wp\/v2\/media\/126331"}],"wp:attachment":[{"href":"https:\/\/www.europesays.com\/fr\/wp-json\/wp\/v2\/media?parent=126330"}],"wp:term":[{"taxonomy":"category","embeddable":true,"href":"https:\/\/www.europesays.com\/fr\/wp-json\/wp\/v2\/categories?post=126330"},{"taxonomy":"post_tag","embeddable":true,"href":"https:\/\/www.europesays.com\/fr\/wp-json\/wp\/v2\/tags?post=126330"}],"curies":[{"name":"wp","href":"https:\/\/api.w.org\/{rel}","templated":true}]}}