{"id":12634,"date":"2025-04-09T12:41:13","date_gmt":"2025-04-09T12:41:13","guid":{"rendered":"https:\/\/www.europesays.com\/fr\/12634\/"},"modified":"2025-04-09T12:41:13","modified_gmt":"2025-04-09T12:41:13","slug":"renversant-arthur-fils-poursuit-sa-route-a-monte-carlo","status":"publish","type":"post","link":"https:\/\/www.europesays.com\/fr\/12634\/","title":{"rendered":"renversant, Arthur Fils poursuit sa route \u00e0 Monte-Carlo"},"content":{"rendered":"<p>Mal embarqu\u00e9 au premier tour face au N\u00e9erlandais Tallon Griekspoor, le num\u00e9ro un fran\u00e7ais a trouv\u00e9 les solutions pour s\u2019imposer sur la terre battue mon\u00e9gasque.<\/p>\n<p class=\"fig-paragraph\">Au caract\u00e8re. Le N.1 Fran\u00e7ais\u00a0<a href=\"http:\/\/www.lefigaro.fr\/sports\/tennis\/tennis-le-plus-important-c-est-la-constance-insiste-fils-a-monte-carlo-20250406\" target=\"_blank\" data-fig-type=\"NewsFlash\" rel=\"noopener\" data-gtm-custom-categorie=\"navigation\" data-gtm-custom-action=\"crossclick\" data-gtm-custom-label=\"Contextuel\" data-gtm-event=\"customEventSPE\" data-fig-domain=\"LEFIGARO\">Arthur Fils<\/a>\u00a0s&rsquo;est qualifi\u00e9 pour le deuxi\u00e8me tour du Masters 1000 de Monte-Carlo mardi en \u00e9liminant le N\u00e9erlandais Tallon Griekspoor (35e mondial) en trois sets. Arriv\u00e9 sur le Rocher en pleine confiance apr\u00e8s ses quarts de finale aux Masters 1000 d&rsquo;Indian Wells et de Miami, Fils (15e mondial) s&rsquo;est impos\u00e9 6-7 (3\/7), 6-4, 6-2. Pour sa deuxi\u00e8me participation au tournoi mon\u00e9gasque, le Fran\u00e7ais de 20 ans \u00e9gale sa performance de l&rsquo;ann\u00e9e derni\u00e8re. \u00c9limin\u00e9 au deuxi\u00e8me tour par Lorenzo Musetti en 2024, le Francilien retrouvera un autre Italien cette ann\u00e9e, le 36e mondial Flavio Cobolli.<\/p>\n<p class=\"fig-paragraph\">Apr\u00e8s s&rsquo;\u00eatre procur\u00e9 huit balles de break, dont quatre balles de set sur le service de Griekspoor \u00e0 6-5, Arthur Fils a finalement conc\u00e9d\u00e9 la premi\u00e8re manche au tie-break. Mais apr\u00e8s un temps mort m\u00e9dical demand\u00e9 par le N\u00e9erlandais \u00e0 la fin du jeu d\u00e9cisif, le Fran\u00e7ais a break\u00e9 d&rsquo;entr\u00e9e au d\u00e9but de la deuxi\u00e8me manche. Un avantage suffisant pour l&#8217;empocher 6-4. Dans l&rsquo;ultime set, Fils, t\u00eate de s\u00e9rie N.12, n&rsquo;a plus \u00e9t\u00e9 mis en danger sur son service et a fini par s&rsquo;imposer logiquement face \u00e0 un adversaire de plus en plus en difficult\u00e9.<\/p>\n","protected":false},"excerpt":{"rendered":"Mal embarqu\u00e9 au premier tour face au N\u00e9erlandais Tallon Griekspoor, le num\u00e9ro un fran\u00e7ais a trouv\u00e9 les solutions&hellip;\n","protected":false},"author":2,"featured_media":12635,"comment_status":"","ping_status":"","sticky":false,"template":"","format":"standard","meta":{"footnotes":""},"categories":[1415],"tags":[47,3768,4169,525,1981,4178,4179,1011,27,1114,3996,4177,4176,4174,4175,1980,4171,60,1467,4172,4173,4170],"class_list":{"0":"post-12634","1":"post","2":"type-post","3":"status-publish","4":"format-standard","5":"has-post-thumbnail","7":"category-tennis","8":"tag-actualite","9":"tag-arthur-fils","10":"tag-atp","11":"tag-calendrier","12":"tag-classement","13":"tag-coupe-davis","14":"tag-fed-cup","15":"tag-fr","16":"tag-france","17":"tag-infos","18":"tag-jeux-olympiques","19":"tag-masters-1000","20":"tag-masters-500","21":"tag-masters-series","22":"tag-open-daustralie","23":"tag-resultats","24":"tag-roland-garros","25":"tag-sports","26":"tag-tennis","27":"tag-us-open","28":"tag-wimbledon","29":"tag-wta"},"share_on_mastodon":{"url":"https:\/\/pubeurope.com\/@fr\/114308060447560138","error":""},"_links":{"self":[{"href":"https:\/\/www.europesays.com\/fr\/wp-json\/wp\/v2\/posts\/12634","targetHints":{"allow":["GET"]}}],"collection":[{"href":"https:\/\/www.europesays.com\/fr\/wp-json\/wp\/v2\/posts"}],"about":[{"href":"https:\/\/www.europesays.com\/fr\/wp-json\/wp\/v2\/types\/post"}],"author":[{"embeddable":true,"href":"https:\/\/www.europesays.com\/fr\/wp-json\/wp\/v2\/users\/2"}],"replies":[{"embeddable":true,"href":"https:\/\/www.europesays.com\/fr\/wp-json\/wp\/v2\/comments?post=12634"}],"version-history":[{"count":0,"href":"https:\/\/www.europesays.com\/fr\/wp-json\/wp\/v2\/posts\/12634\/revisions"}],"wp:featuredmedia":[{"embeddable":true,"href":"https:\/\/www.europesays.com\/fr\/wp-json\/wp\/v2\/media\/12635"}],"wp:attachment":[{"href":"https:\/\/www.europesays.com\/fr\/wp-json\/wp\/v2\/media?parent=12634"}],"wp:term":[{"taxonomy":"category","embeddable":true,"href":"https:\/\/www.europesays.com\/fr\/wp-json\/wp\/v2\/categories?post=12634"},{"taxonomy":"post_tag","embeddable":true,"href":"https:\/\/www.europesays.com\/fr\/wp-json\/wp\/v2\/tags?post=12634"}],"curies":[{"name":"wp","href":"https:\/\/api.w.org\/{rel}","templated":true}]}}